{"id":2400,"date":"2019-07-28T11:37:45","date_gmt":"2019-07-28T11:37:45","guid":{"rendered":"http:\/\/www.chnk.pl\/?p=2400"},"modified":"2019-07-28T11:37:45","modified_gmt":"2019-07-28T11:37:45","slug":"17-niedziela-zwykla-2","status":"publish","type":"post","link":"https:\/\/www.chnk.pl\/?p=2400","title":{"rendered":"17 Niedziela Zwyk\u0142a"},"content":{"rendered":"\n<p>OG\u0141OSZENIA DUSZPASTERSKIE<br \/>\nNIEDZIELA XVII ZWYK\u0141A<br \/>\n28 lipca 2019 r.<br \/>\n1.Kalendarz liturgiczny: poniedzia\u0142ek \u2013 \u015bw. Marty, wtorek &#8211; \u015bw. Piotra Chryzologa, \u015broda &#8211; \u015bw. Ignacego z Loyoli, czwartek \u2013 \u015bw. Alfonsa Marii Liguoriego, pi\u0105tek \u2013 \u015bw. Euzebiusza z Vercelli i  \u015bw. Piotra Juliana Eymonda.<\/p>\n\n\n\n<ol><li>Rozpoczynamy sierpie\u0144 &#8211; miesi\u0105c \u015bwi\u0105t maryjnych i narodowych rocznic. Zechciejmy powstrzyma\u0107 si\u0119 od spo\u017cywania alkoholu.  Wszystkich trwaj\u0105cych w trze\u017awo\u015bci zach\u0119camy do postawy wynagrodzenia Panu Bogu za pija\u0144stwo i  do modlitwy za cierpi\u0105cych i poszkodowanych z powodu pija\u0144stwa. Grupa AA spotyka si\u0119 w naszej salce parafialnej we wtorki o godz. 19.00 i jest otwarta na tych, kt\u00f3rzy szukaj\u0105 pomocy do \u017cycia w trze\u017awo\u015bci.<\/li><li>Spotkanie wsp\u00f3lnoty r\u00f3\u017ca\u0144cowej we wtorek  po mszy \u015bw. o godz. 18.00.<\/li><li>W tym tygodniu: I czwartek, I pi\u0105tek i I sobota miesi\u0105ca. W czwartek adoracja Naj\u015bwi\u0119tszego Sakramentu: od godz. 17.00 do 18.00. Uczestnicz\u0105cych w duchowej adopcji zapraszamy na r\u00f3\u017caniec o godz. 17.15 w intencji: obrony \u017cycia ludzkiego, godno\u015bci jego przekazywania i wszystkich, kt\u00f3rzy kszta\u0142tuj\u0105 opini\u0105 spo\u0142eczn\u0105 na ten temat. Po Mszy \u015bw. wieczornej adoracja do godz. 21.00 w intencji zachowania oraz nowych powo\u0142a\u0144 kap\u0142a\u0144skich  i zakonnych. W pi\u0105tek i sobot\u0119 msza \u015bw. rano i wieczorem. Spowied\u017a \u015bw. w pi\u0105tek od godz. 15.00 do 18.00, w sobot\u0119 od godz. 16.00 do 18.00. W sobot\u0119 nabo\u017ce\u0144stwo do Niepokalanego Serca Matki Bo\u017cej o godz. 7.15. Odwiedziny chorych z sakramentami \u015bw. w pi\u0105tek i sobot\u0119 wed\u0142ug sta\u0142ego planu. Nowe zg\u0142oszenia w zakrystii.<\/li><li>Od czwartku, 1 sierpnia, godz. 12.00 do pi\u0105tku, 2 sierpnia godz. 24.00 we wszystkich ko\u015bcio\u0142ach parafialnych mo\u017cna dost\u0105pi\u0107 dla siebie lub dla zmar\u0142ego jeden raz odpustu zupe\u0142nego Porcjunkuli za pobo\u017cne nawiedzenie tego\u017c ko\u015bcio\u0142a z r\u00f3wnoczesnym zm\u00f3wieniem Ojcze nasz i Wierz\u0119 w Boga.<\/li><li>B\u00f3g zap\u0142a\u0107 za ofiary z\u0142o\u017cone na doposa\u017canie naszego Ko\u015bcio\u0142a. B\u00f3g zap\u0142a\u0107 za ofiary sk\u0142adane przez kierowc\u00f3w na \u015brodki transportu dla misjonarzy.<\/li><li>Pielgrzymka autokarowa do G\u00f3rki Duchownej na Wielki Odpust ku czci Matki Bo\u017cej Pocieszenia dnia 29 sierpnia (czwartek) 2019 r. Komunikat na tablicy og\u0142osze\u0144.<\/li><li>Zach\u0119camy do czytania prasy katolickiej. Przewodnik Katolicki (z modlitewnikiem na sierpie\u0144), Ma\u0142y Przewodnik Katolicki, Egzorcysta i Go\u015b\u0107 Niedzielny.<br \/>\n                                                                                                                                                                                                                                        INFORMACJE STA\u0141E NA  LIPIEC I SIERPIE\u0143<br \/>\nA. W lipcu i w sierpniu zmienione godziny odprawiania Mszy \u015bw. w niedziele i dni powszednie oraz zmienione godziny urz\u0119dowania Biura Parafialnego. W niedziele wakacyjne nie ma mszy \u015bw. o godz. 12.30.<br \/>\nMsza \u015bw. o godz. 8.00 w poniedzia\u0142ek, \u015brod\u0119 i pi\u0105tek<br \/>\n            o godz.18.00 we wtorek, czwartek i sobot\u0119.<br \/>\nNowenna do Matki Bo\u017cej Nieustaj\u0105cej Pomocy w \u015brod\u0119 o godz. 8.00<br \/>\nR\u00f3\u017caniec do Matki Bo\u017cej Patronki Dobrej \u015amierci we wtorek o godz. 17.30<br \/>\nBiuro Parafialne: poniedzia\u0142ek godz. 9.00 do 10.30, czwartek godz. 16.00 do 17.30                    i sobota godz. 19.00 do 20.00.<br \/>\nB. Msza \u015bw. niedzielna w godzinach p\u00f3\u017aniejszych w najbli\u017cszych parafiach: Parafia Pierwszych Polskich M\u0119czennik\u00f3w, os. Tysi\u0105clecia &#8211; godz. 20.00 i Parafia \u015bw. \u0141ukasza, os. Rusa &#8211; godz. 20.30<br \/>\nC.   Spowied\u017a \u015bw. p\u00f3\u0142 godziny przed Msz\u0105 \u015bw. i w sobot\u0119 od godz. 16.00 &#8211; 18.00.                                                                                                                                                                                                                                                                                      <\/li><\/ol>\n\n\n\n<p>INFORMACJE STA\u0141E NA LIPIEC I SIERPIE\u0143<br \/>\nA. W sierpniu zmienione godziny odprawiania Mszy \u015bw. w niedziele oraz zmienione godziny urz\u0119dowania Biura Parafialnego.<br \/>\nW niedziele wakacyjne nie ma mszy \u015bw. o godz. 12.30.<br \/>\nMsza \u015bw. w dni powszednie o godz. 8.00 i 18.00.<br \/>\nNowenna do Matki Bo\u017cej Nieustaj\u0105cej Pomocy w \u015brod\u0119 o godz. 8.00<br \/>\nR\u00f3\u017caniec do Matki Bo\u017cej Patronki Dobrej \u015amierci i Nowenna do \u015bw. J\u00f3zefa  we wtorek o godz. 17.30<br \/>\nBiuro Parafialne: poniedzia\u0142ek godz. 9.00 do 10.30,<br \/>\n                            czwartek godz. 16.00 do 17.30<br \/>\n                             sobota godz. 19.00 do 20.00.<br \/>\nB. Msza \u015bw. niedzielna w godzinach p\u00f3\u017aniejszych w najbli\u017cszych parafiach. Parafia Pierwszych Polskich M\u0119czennik\u00f3w, os. Tysi\u0105clecia &#8211; godz. 20.00                     i Parafia \u015bw. \u0141ukasza, os. Rusa &#8211; godz. 20.30<br \/>\nC. Grupa Anonimowych Alkoholik\u00f3w spotyka si\u0119 w ka\u017cdy wtorek o godz. 19.00 w salce parafialnej.<br \/>\nD. Spowied\u017a \u015bw. p\u00f3\u0142 godziny przed Msz\u0105 \u015bw. i w sobot\u0119 od godz. 16.00-18.00.<br \/>\nE. Dzieci wyje\u017cd\u017caj\u0105ce na kolonie powinny zabra\u0107 pisemne o\u015bwiadczenie rodzic\u00f3w, i\u017c jest ich wol\u0105, aby dziecko uczestniczy\u0142o w niedzielnej Mszy \u015bw.<br \/>\nF. Spowied\u017a \u015bw. p\u00f3\u0142 godziny przed Msz\u0105 \u015bw. i w sobot\u0119 od godz. 16.00-18.00.                                                                                                                                                                                                                                                                                      <\/p>\n\n\n\n<p>Prosimy o podawanie intencji mszalnych, uprzednio zarezerwowanych, na lipiec i sierpie\u0144. Mo\u017cna to uczyni\u0107 w niedziel\u0119, po Mszy \u015bw., w zakrystii.<\/p>\n","protected":false},"excerpt":{"rendered":"<p>OG\u0141OSZENIA DUSZPASTERSKIE NIEDZIELA XVII ZWYK\u0141A 28 lipca 2019 r. 1.Kalendarz liturgiczny: poniedzia\u0142ek \u2013 \u015bw. Marty, wtorek &#8211; \u015bw. Piotra Chryzologa, \u015broda &#8211; \u015bw. Ignacego z Loyoli, czwartek \u2013 \u015bw. Alfonsa Marii Liguoriego, pi\u0105tek \u2013 \u015bw. Euzebiusza z Vercelli i \u015bw. Piotra Juliana Eymonda. Rozpoczynamy sierpie\u0144 &#8211; miesi\u0105c \u015bwi\u0105t maryjnych i narodowych rocznic. Zechciejmy powstrzyma\u0107 si\u0119 &#8230; <span class=\"more\"><a class=\"more-link\" href=\"https:\/\/www.chnk.pl\/?p=2400\">czytaj wi\u0119cej<\/a><\/span><\/p>\n","protected":false},"author":3,"featured_media":0,"comment_status":"open","ping_status":"open","sticky":false,"template":"","format":"standard","meta":{"ngg_post_thumbnail":0,"footnotes":""},"categories":[1],"tags":[],"_links":{"self":[{"href":"https:\/\/www.chnk.pl\/index.php?rest_route=\/wp\/v2\/posts\/2400"}],"collection":[{"href":"https:\/\/www.chnk.pl\/index.php?rest_route=\/wp\/v2\/posts"}],"about":[{"href":"https:\/\/www.chnk.pl\/index.php?rest_route=\/wp\/v2\/types\/post"}],"author":[{"embeddable":true,"href":"https:\/\/www.chnk.pl\/index.php?rest_route=\/wp\/v2\/users\/3"}],"replies":[{"embeddable":true,"href":"https:\/\/www.chnk.pl\/index.php?rest_route=%2Fwp%2Fv2%2Fcomments&post=2400"}],"version-history":[{"count":1,"href":"https:\/\/www.chnk.pl\/index.php?rest_route=\/wp\/v2\/posts\/2400\/revisions"}],"predecessor-version":[{"id":2401,"href":"https:\/\/www.chnk.pl\/index.php?rest_route=\/wp\/v2\/posts\/2400\/revisions\/2401"}],"wp:attachment":[{"href":"https:\/\/www.chnk.pl\/index.php?rest_route=%2Fwp%2Fv2%2Fmedia&parent=2400"}],"wp:term":[{"taxonomy":"category","embeddable":true,"href":"https:\/\/www.chnk.pl\/index.php?rest_route=%2Fwp%2Fv2%2Fcategories&post=2400"},{"taxonomy":"post_tag","embeddable":true,"href":"https:\/\/www.chnk.pl\/index.php?rest_route=%2Fwp%2Fv2%2Ftags&post=2400"}],"curies":[{"name":"wp","href":"https:\/\/api.w.org\/{rel}","templated":true}]}}