{"id":2398,"date":"2019-07-27T18:56:00","date_gmt":"2019-07-27T18:56:00","guid":{"rendered":"http:\/\/www.chnk.pl\/?p=2398"},"modified":"2019-07-27T18:56:00","modified_gmt":"2019-07-27T18:56:00","slug":"pielgrzymka-na-cypr","status":"publish","type":"post","link":"https:\/\/www.chnk.pl\/?p=2398","title":{"rendered":"Pielgrzymka na Cypr"},"content":{"rendered":"\n<p>Archidiecezja Pozna\u0144ska organizuje kolejn\u0105 Archidiecezjaln\u0105 pielgrzymk\u0119 do \u015bw. Paw\u0142a Aposto\u0142a na Cypr, w dniach od 25.04 do 3.05.2020 roku. <br \/>\nZapraszamy do udzia\u0142u w pielgrzymce zar\u00f3wno Kap\u0142an\u00f3w, jak i wiernych \u015bwieckich.<\/p>\n\n\n\n<p>Przekazujemy kilka informacji na temat pielgrzymki:<\/p>\n\n\n\n<ol><li>Termin od 25 kwietnia (wylot i przylot &#8211; Warszawa) do 3 maja 2020 r. <\/li><li>Cena 2.000 PLN + 960 EUR z\u0142 dla grupy licz\u0105cej 20-24 os\u00f3b; i 1.950 PLN + 890 EUR z\u0142 dla grupy licz\u0105cej 25-29 os\u00f3b; 1.900 PLN + 840 EUR z\u0142 dla grupy licz\u0105cej 30-34 os\u00f3b; 1.850 PLN + 810 EUR z\u0142 dla grupy licz\u0105cej 35-40 os\u00f3b. W tej cenie s\u0105 wliczone wszystkie op\u0142aty i bilety wst\u0119pu.<\/li><li>Zg\u0142oszenia na pielgrzymk\u0119 mo\u017cna dokona\u0107 w Kurii Metropolitalnej u Ksi\u0119dza Kanclerza tel. 61\/851-28-00 lub (601) 772-833. <\/li><li>Przy zg\u0142oszeniu trzeba poda\u0107 nast\u0119puj\u0105ce dane:<br \/>\n\uf02d    imi\u0119 i nazwisko<br \/>\n\uf02d    data i miejsce urodzenia<br \/>\n\uf02d    adres zameldowania z kodem pocztowym<br \/>\n\uf02d    numer i seria dokumentu to\u017csamo\u015bci (dow\u00f3d osobisty lub paszport)<br \/>\n\uf02d    termin wa\u017cno\u015bci dokumentu<br \/>\n\uf02d    telefon kontaktowy<br \/>\n\uf02d    wp\u0142ata 1.000 z\u0142<\/li><li>Pielgrzymk\u0119 obs\u0142uguje Biuro pielgrzymkowo-turystyczne Ad Astra z Ornontowic.<\/li><li>Informacja o pielgrzymce oraz formularz zg\u0142oszeniowy dost\u0119pny jest na stronie Archidiecezji www.archpoznan.pl. w zak\u0142adce Duszpasterstwo, Pielgrzymki.<\/li><\/ol>\n","protected":false},"excerpt":{"rendered":"<p>Archidiecezja Pozna\u0144ska organizuje kolejn\u0105 Archidiecezjaln\u0105 pielgrzymk\u0119 do \u015bw. Paw\u0142a Aposto\u0142a na Cypr, w dniach od 25.04 do 3.05.2020 roku. Zapraszamy do udzia\u0142u w pielgrzymce zar\u00f3wno Kap\u0142an\u00f3w, jak i wiernych \u015bwieckich. Przekazujemy kilka informacji na temat pielgrzymki: Termin od 25 kwietnia (wylot i przylot &#8211; Warszawa) do 3 maja 2020 r. Cena 2.000 PLN + 960 &#8230; <span class=\"more\"><a class=\"more-link\" href=\"https:\/\/www.chnk.pl\/?p=2398\">czytaj wi\u0119cej<\/a><\/span><\/p>\n","protected":false},"author":3,"featured_media":0,"comment_status":"open","ping_status":"open","sticky":false,"template":"","format":"standard","meta":{"ngg_post_thumbnail":0,"footnotes":""},"categories":[1],"tags":[],"_links":{"self":[{"href":"https:\/\/www.chnk.pl\/index.php?rest_route=\/wp\/v2\/posts\/2398"}],"collection":[{"href":"https:\/\/www.chnk.pl\/index.php?rest_route=\/wp\/v2\/posts"}],"about":[{"href":"https:\/\/www.chnk.pl\/index.php?rest_route=\/wp\/v2\/types\/post"}],"author":[{"embeddable":true,"href":"https:\/\/www.chnk.pl\/index.php?rest_route=\/wp\/v2\/users\/3"}],"replies":[{"embeddable":true,"href":"https:\/\/www.chnk.pl\/index.php?rest_route=%2Fwp%2Fv2%2Fcomments&post=2398"}],"version-history":[{"count":1,"href":"https:\/\/www.chnk.pl\/index.php?rest_route=\/wp\/v2\/posts\/2398\/revisions"}],"predecessor-version":[{"id":2399,"href":"https:\/\/www.chnk.pl\/index.php?rest_route=\/wp\/v2\/posts\/2398\/revisions\/2399"}],"wp:attachment":[{"href":"https:\/\/www.chnk.pl\/index.php?rest_route=%2Fwp%2Fv2%2Fmedia&parent=2398"}],"wp:term":[{"taxonomy":"category","embeddable":true,"href":"https:\/\/www.chnk.pl\/index.php?rest_route=%2Fwp%2Fv2%2Fcategories&post=2398"},{"taxonomy":"post_tag","embeddable":true,"href":"https:\/\/www.chnk.pl\/index.php?rest_route=%2Fwp%2Fv2%2Ftags&post=2398"}],"curies":[{"name":"wp","href":"https:\/\/api.w.org\/{rel}","templated":true}]}}