{"id":2384,"date":"2019-07-20T20:26:59","date_gmt":"2019-07-20T20:26:59","guid":{"rendered":"http:\/\/www.chnk.pl\/?p=2384"},"modified":"2019-07-20T20:26:59","modified_gmt":"2019-07-20T20:26:59","slug":"16-niedziela-zwykla-2","status":"publish","type":"post","link":"https:\/\/www.chnk.pl\/?p=2384","title":{"rendered":"16 Niedziela Zwyk\u0142a"},"content":{"rendered":"\n<p>OG\u0141OSZENIA DUSZPASTERSKIE<br \/> NIEDZIELA XVI ZWYK\u0141A<br \/> 21 lipca 2019 r.<br \/>Kalendarz liturgiczny: poniedzia\u0142ek \u2013 \u015bw. Marii Magdaleny, wtorek \u2013 \u015bw. Brygidy,  \u015broda &#8211;  \u015bw. Kingi, czwartek \u2013 \u015bw. Jakuba aposto\u0142a, pi\u0105tek \u2013 \u015bw. Joachima i Anny.<\/p>\n\n\n\n<ol><li>B\u0142ogos\u0142awie\u0144stwo kierowc\u00f3w i pojazd\u00f3w mechanicznych we wspomnienie liturgiczne \u015bw. Krzysztofa: w niedziel\u0119 po mszy \u015bw. o godz. 9.30, 11.15 i 18.00. Przy tej okazji mo\u017cliwo\u015b\u0107 z\u0142o\u017cenia ofiary na \u015brodki transportu dla misjonarzy. Samochodami i motocyklami mo\u017cna wjecha\u0107 na plac przy ko\u015bciele.<\/li><li>W czwartek po mszy \u015bw. wieczornej p\u00f3\u0142godzinna adoracja Naj\u015bwi\u0119tszego Sakramentu, a nast\u0119pnie spotkanie Kr\u0119gu Biblijnego.<\/li><li>W przysz\u0142\u0105 niedziele, 28 lipca, ministranci organizuj\u0105 akcj\u0119 charytatywn\u0105 pod nazw\u0105 \u201eMleko ratuje \u017cycie\u201d. B\u0119d\u0105 zbiera\u0107 ofiary dla misjonarzy ratuj\u0105cych dzieci osierocone w Afryce. Za otrzymane ofiary darczy\u0144cy zostan\u0105 pocz\u0119stowani ciastem upieczonym przez rodzic\u00f3w ministrant\u00f3w.<\/li><li>Dyrekcja Publicznego Liceum Og\u00f3lnokszta\u0142c\u0105cego Katolickiego Stowarzyszenia Wychowawc\u00f3w informuje o wolnych miejscach w nowym liceum przy ul. Mi\u0144skiej 32. Miejscami wolnymi dysponuje r\u00f3wnie\u017c Publiczna Szko\u0142a Podstawowa nr 1 Katolickiego Stowarzyszenia Wychowawc\u00f3w oraz Niepubliczne Przedszkole.<\/li><li>W Kolegium S\u0142u\u017cb Spo\u0142ecznych w Poznaniu trwa nab\u00f3r na nowy rok szkolny. Kolegium jest bezp\u0142atn\u0105 plac\u00f3wk\u0105 kszta\u0142c\u0105c\u0105 w zawodzie pracownik socjalny. Informacje na tablicy o g\u0142osze\u0144 i na parafialnej stronie internetowej.<\/li><li>Prosimy parafian zamawiaj\u0105cych intencje mszalne, aby przed msz\u0105 \u015bw. sprawdzali na tablicy og\u0142osze\u0144 poprawno\u015b\u0107 zapisanej intencji i przed odprawieniem mszy \u015bw. zg\u0142aszali ewentualne nie\u015bcis\u0142o\u015bci.<\/li><li>B\u00f3g zap\u0142a\u0107 za ofiary z\u0142o\u017cone na doposa\u017canie naszego ko\u015bcio\u0142a.<\/li><li>Zach\u0119camy do czytania prasy katolickiej. Jest Przewodnik Katolicki ( Rachunek sumienia kierowc\u00f3w, Dlaczego zadr\u0119czmy si\u0119 my\u015blami), Egzorcysta (miesi\u0119cznik o zagro\u017ceniach duchowych) i Go\u015b\u0107 Niedzielny.<\/li><li>M\u00f3dlmy si\u0119 za zmar\u0142ych parafia. Za dusz\u0119 \u015bp. Renaty Cie\u015blakiewicz, os. Lecha 42.  Wieczny odpoczynek racz zmar\u0142ym da\u0107 Panie, a \u015bwiat\u0142o\u015b\u0107 wiekuista niechaj im \u015bwieci.<br \/> \u2026\u2026\u2026\u2026\u2026\u2026\u2026\u2026\u2026\u2026\u2026\u2026\u2026\u2026\u2026\u2026\u2026\u2026\u2026\u2026<br \/> INFORMACJE STA\u0141E NA  LIPIEC<br \/> A. W lipcu i w sierpniu zmienione godziny odprawiania Mszy \u015bw. w niedziele i dni powszednie oraz zmienione godziny urz\u0119dowania Biura Parafialnego. W niedziele wakacyjne nie ma mszy \u015bw. o godz. 12.30.<br \/> Msza \u015bw. o godz. 8.00 w poniedzia\u0142ek, \u015brod\u0119 i pi\u0105tek<br \/>             o godz.18.00 we wtorek, czwartek i sobot\u0119.<br \/> Nowenna do Matki Bo\u017cej Nieustaj\u0105cej Pomocy w \u015brod\u0119 o godz. 8.00<br \/> R\u00f3\u017caniec do Matki Bo\u017cej Patronki Dobrej \u015amierci we wtorek o godz. 17.30<br \/> Biuro Parafialne: poniedzia\u0142ek godz. 9.00 do 10.30, czwartek godz. 16.00 do 17.30                    i sobota godz. 19.00 do 20.00.<br \/> B. Msza \u015bw. niedzielna w godzinach p\u00f3\u017aniejszych w najbli\u017cszych parafiach: Parafia Pierwszych Polskich M\u0119czennik\u00f3w, os. Tysi\u0105clecia &#8211; godz. 20.00 i Parafia \u015bw. \u0141ukasza, os. Rusa &#8211; godz. 20.30<br \/> C. Grupa Anonimowych Alkoholik\u00f3w spotyka si\u0119 w ka\u017cdy wtorek o godz. 19.00 w salce parafialnej.<br \/> D.  Prosimy o podawanie intencji mszalnych, uprzednio zarezerwowanych, na sierpie\u0144                   i wrzesie\u0144. Mo\u017cna to uczyni\u0107 w niedziel\u0119, po Mszy \u015bw., w zakrystii.<br \/> E. Dzieci wyje\u017cd\u017caj\u0105ce na kolonie powinny zabra\u0107 pisemne o\u015bwiadczenie rodzic\u00f3w, i\u017c jest ich wol\u0105, aby dziecko uczestniczy\u0142o w niedzielnej Mszy \u015bw.<br \/> F. Spowied\u017a \u015bw. p\u00f3\u0142 godziny przed Msz\u0105 \u015bw. i w sobot\u0119 od godz. 16.00 -18.00.                                                                                                                                                                                                                                                                                      <\/li><\/ol>\n","protected":false},"excerpt":{"rendered":"<p>OG\u0141OSZENIA DUSZPASTERSKIE NIEDZIELA XVI ZWYK\u0141A 21 lipca 2019 r.Kalendarz liturgiczny: poniedzia\u0142ek \u2013 \u015bw. Marii Magdaleny, wtorek \u2013 \u015bw. Brygidy, \u015broda &#8211; \u015bw. Kingi, czwartek \u2013 \u015bw. Jakuba aposto\u0142a, pi\u0105tek \u2013 \u015bw. Joachima i Anny. B\u0142ogos\u0142awie\u0144stwo kierowc\u00f3w i pojazd\u00f3w mechanicznych we wspomnienie liturgiczne \u015bw. Krzysztofa: w niedziel\u0119 po mszy \u015bw. o godz. 9.30, 11.15 i 18.00. &#8230; <span class=\"more\"><a class=\"more-link\" href=\"https:\/\/www.chnk.pl\/?p=2384\">czytaj wi\u0119cej<\/a><\/span><\/p>\n","protected":false},"author":3,"featured_media":0,"comment_status":"open","ping_status":"open","sticky":false,"template":"","format":"standard","meta":{"ngg_post_thumbnail":0,"footnotes":""},"categories":[1],"tags":[],"_links":{"self":[{"href":"https:\/\/www.chnk.pl\/index.php?rest_route=\/wp\/v2\/posts\/2384"}],"collection":[{"href":"https:\/\/www.chnk.pl\/index.php?rest_route=\/wp\/v2\/posts"}],"about":[{"href":"https:\/\/www.chnk.pl\/index.php?rest_route=\/wp\/v2\/types\/post"}],"author":[{"embeddable":true,"href":"https:\/\/www.chnk.pl\/index.php?rest_route=\/wp\/v2\/users\/3"}],"replies":[{"embeddable":true,"href":"https:\/\/www.chnk.pl\/index.php?rest_route=%2Fwp%2Fv2%2Fcomments&post=2384"}],"version-history":[{"count":1,"href":"https:\/\/www.chnk.pl\/index.php?rest_route=\/wp\/v2\/posts\/2384\/revisions"}],"predecessor-version":[{"id":2385,"href":"https:\/\/www.chnk.pl\/index.php?rest_route=\/wp\/v2\/posts\/2384\/revisions\/2385"}],"wp:attachment":[{"href":"https:\/\/www.chnk.pl\/index.php?rest_route=%2Fwp%2Fv2%2Fmedia&parent=2384"}],"wp:term":[{"taxonomy":"category","embeddable":true,"href":"https:\/\/www.chnk.pl\/index.php?rest_route=%2Fwp%2Fv2%2Fcategories&post=2384"},{"taxonomy":"post_tag","embeddable":true,"href":"https:\/\/www.chnk.pl\/index.php?rest_route=%2Fwp%2Fv2%2Ftags&post=2384"}],"curies":[{"name":"wp","href":"https:\/\/api.w.org\/{rel}","templated":true}]}}