{"id":2376,"date":"2019-07-06T17:22:15","date_gmt":"2019-07-06T17:22:15","guid":{"rendered":"http:\/\/www.chnk.pl\/?p=2376"},"modified":"2019-07-06T17:22:15","modified_gmt":"2019-07-06T17:22:15","slug":"14-niedziela-zwykla-2","status":"publish","type":"post","link":"https:\/\/www.chnk.pl\/?p=2376","title":{"rendered":"14 Niedziela Zwyk\u0142a"},"content":{"rendered":"\n<p>OG\u0141OSZENIA DUSZPASTERSKIE<br \/> NIEDZIELA XIV ZWYK\u0141A<br \/> 7 lipca 2019 r.<br \/> 1.Kalendarz liturgiczny:<br \/> poniedzia\u0142ek \u2013 \u015bw. Jana z Dukli<br \/> wtorek \u2013 \u015bw. Augustyna Zhao Rong<br \/> czwartek \u2013 \u015bw. Benedykta opata,<br \/> pi\u0105tek \u2013 \u015bw. Brunona Bonifacego  z Kwerfurtu,<br \/> sobota \u2013 \u015bw. pustelnik\u00f3w Andrzeja \u015awierada i Benedykt<\/p>\n\n\n\n<p>2. Kr\u0105g Biblijny w czwartek o godz. 19.00 w salce parafialnej.<br \/> 3.Dzie\u0142o Biblijne im. Jana Paw\u0142a II w Archidiecezji Pozna\u0144skiej zaprasza do udzia\u0142u w rekolekcjach opartych o Pismo \u015awi\u0119te. Celem rekolekcji jest prowadzenie uczestnika do rozumienia przes\u0142ania biblijnego, a przede wszystkim do za\u017cy\u0142o\u015bci z Bo\u017cym s\u0142owem  i o\u015bwietlania przez nie dr\u00f3g codziennego \u017cycia cz\u0142owieka. Zapraszamy do udzia\u0142u osoby doros\u0142e i starsz\u0105 m\u0142odzie\u017c. Rekolekcje odb\u0119d\u0105 si\u0119 w Arcybiskupim Seminarium Duchownym w Poznaniu w dniach 17-25.08. Szczeg\u00f3\u0142owe informacje znajduj\u0105 si\u0119 stronie Dzie\u0142a Biblijnego naszej diecezji.<\/p>\n\n\n\n<p>4.Zach\u0119camy do czytania prasy katolickiej. Przy zakrystii: \u201ePrzewodnik Katolicki\u201d( Komu przeszkadzaj\u0105 bezdomni i jak mo\u017cna rozs\u0105dnie im pom\u00f3c). Jest &#8222;Go\u015b\u0107 Niedzielny&#8221;  i &#8222;Ma\u0142y Przewodnik Katolicki&#8221; Mi\u0142ujcie si\u0119, Egzorcysta.<\/p>\n\n\n\n<p>5.B\u00f3g zap\u0142a\u0107 za ofiary na doposa\u017canie naszego ko\u015bcio\u0142a oraz za ofiary na Stolic\u0119 \u015awi\u0119t\u0105 z\u0142o\u017cone w uroczysto\u015b\u0107 \u015bw. Aposto\u0142\u00f3w Piotra i Paw\u0142a.<\/p>\n\n\n\n<p>6.Grupa Anonimowych Alkoholik\u00f3w spotyka si\u0119 w ka\u017cdy wtorek o godz. 19.00 i jest otwarta na wszystkich, kt\u00f3rzy szukaj\u0105 pomocy do \u017cycia w trze\u017awo\u015bci.<\/p>\n\n\n\n<p>7.M\u00f3dlmy si\u0119 za zmar\u0142ych parafian. Za dusz\u0119 \u015bp. Marii Jankowiak, os. Lecha 55.  Wieczny odpoczynek racz zmar\u0142ym da\u0107 Panie.<br \/> \u2026\u2026\u2026\u2026\u2026\u2026\u2026\u2026\u2026\u2026\u2026\u2026\u2026\u2026\u2026\u2026\u2026\u2026\u2026\u2026\u2026\u2026\u2026\u2026\u2026\u2026\u2026\u2026\u2026\u2026\u2026\u2026\u2026\u2026\u2026\u2026\u2026\u2026\u2026\u2026\u2026\u2026\u2026\u2026\u2026..<\/p>\n\n\n\n<p>INFORMACJE STA\u0141E<br \/>\n\/LIPIEC  I SIERPIE\u0143\/<br \/>\nA. W lipcu i w sierpniu zmienione godziny odprawiania Mszy \u015bw. w niedziele  i dni powszednie oraz zmienione godziny urz\u0119dowania Biura Parafialnego.<br \/>\nW niedziele wakacyjne nie ma mszy \u015bw. o godz. 12.30. W dni powszednie msza \u015bw.                      o godz. 8.00 w poniedzia\u0142ek, \u015brod\u0119 i pi\u0105tek, a o godz.18.00 we wtorek, czwartek i sobot\u0119.<br \/>\nNowenna do Matki Bo\u017cej Nieustaj\u0105cej Pomocy w \u015brod\u0119 o godz. 8.00. R\u00f3\u017caniec do Matki Bo\u017cej Patronki Dobrej \u015amierci i Nowenna do \u015bw. J\u00f3zefa  we wtorek o godz. 17.30<br \/>\nBiuro Parafialne: poniedzia\u0142ek godz. 9.00 do 10.30, czwartek godz. 16.00 do 17.30                         i sobota godz. 19.00 do 20.00. Sprawy pilne prosimy za\u0142atwia\u0107 w godzinach zbli\u017conych do godziny odprawiania mszy \u015bw.<br \/>\nB. Msza \u015bw. niedzielna w godzinach p\u00f3\u017aniejszych w najbli\u017cszych parafiach: Parafia Pierwszych Polskich M\u0119czennik\u00f3w, os. Tysi\u0105clecia &#8211; godz. 20.00 i Parafia \u015bw. \u0141ukasza, os. Rusa &#8211; godz. 20.30<br \/>\nC.  Prosimy o podawanie intencji mszalnych, uprzednio zarezerwowanych, na lipiec              i sierpie\u0144. Mo\u017cna to uczyni\u0107 w niedziel\u0119, po mszy \u015bw., w zakrystii.<br \/>\nD. Spowied\u017a \u015bw. p\u00f3\u0142 godziny przed Msz\u0105 \u015bw. i w sobot\u0119 od godz. 16.00-18.00.                                                                                                                                                                                                                                                                                      <\/p>\n","protected":false},"excerpt":{"rendered":"<p>OG\u0141OSZENIA DUSZPASTERSKIE NIEDZIELA XIV ZWYK\u0141A 7 lipca 2019 r. 1.Kalendarz liturgiczny: poniedzia\u0142ek \u2013 \u015bw. Jana z Dukli wtorek \u2013 \u015bw. Augustyna Zhao Rong czwartek \u2013 \u015bw. Benedykta opata, pi\u0105tek \u2013 \u015bw. Brunona Bonifacego z Kwerfurtu, sobota \u2013 \u015bw. pustelnik\u00f3w Andrzeja \u015awierada i Benedykt 2. Kr\u0105g Biblijny w czwartek o godz. 19.00 w salce parafialnej. 3.Dzie\u0142o &#8230; <span class=\"more\"><a class=\"more-link\" href=\"https:\/\/www.chnk.pl\/?p=2376\">czytaj wi\u0119cej<\/a><\/span><\/p>\n","protected":false},"author":3,"featured_media":0,"comment_status":"open","ping_status":"open","sticky":false,"template":"","format":"standard","meta":{"ngg_post_thumbnail":0,"footnotes":""},"categories":[1],"tags":[],"_links":{"self":[{"href":"https:\/\/www.chnk.pl\/index.php?rest_route=\/wp\/v2\/posts\/2376"}],"collection":[{"href":"https:\/\/www.chnk.pl\/index.php?rest_route=\/wp\/v2\/posts"}],"about":[{"href":"https:\/\/www.chnk.pl\/index.php?rest_route=\/wp\/v2\/types\/post"}],"author":[{"embeddable":true,"href":"https:\/\/www.chnk.pl\/index.php?rest_route=\/wp\/v2\/users\/3"}],"replies":[{"embeddable":true,"href":"https:\/\/www.chnk.pl\/index.php?rest_route=%2Fwp%2Fv2%2Fcomments&post=2376"}],"version-history":[{"count":1,"href":"https:\/\/www.chnk.pl\/index.php?rest_route=\/wp\/v2\/posts\/2376\/revisions"}],"predecessor-version":[{"id":2377,"href":"https:\/\/www.chnk.pl\/index.php?rest_route=\/wp\/v2\/posts\/2376\/revisions\/2377"}],"wp:attachment":[{"href":"https:\/\/www.chnk.pl\/index.php?rest_route=%2Fwp%2Fv2%2Fmedia&parent=2376"}],"wp:term":[{"taxonomy":"category","embeddable":true,"href":"https:\/\/www.chnk.pl\/index.php?rest_route=%2Fwp%2Fv2%2Fcategories&post=2376"},{"taxonomy":"post_tag","embeddable":true,"href":"https:\/\/www.chnk.pl\/index.php?rest_route=%2Fwp%2Fv2%2Ftags&post=2376"}],"curies":[{"name":"wp","href":"https:\/\/api.w.org\/{rel}","templated":true}]}}