{"id":2357,"date":"2019-06-29T21:21:47","date_gmt":"2019-06-29T21:21:47","guid":{"rendered":"http:\/\/www.chnk.pl\/?p=2357"},"modified":"2019-06-29T21:21:47","modified_gmt":"2019-06-29T21:21:47","slug":"13-niedziela-zwykla-2","status":"publish","type":"post","link":"https:\/\/www.chnk.pl\/?p=2357","title":{"rendered":"13 Niedziela Zwyk\u0142a"},"content":{"rendered":"\n<p>OG\u0141OSZENIA DUSZPASTERSKIE<br \/>\nNIEDZIELA  XIII ZWYK\u0141A                                                                                                                <br \/>\n30 czerwca 2019 r.<\/p>\n\n\n\n<ol><li>Zmiany personalne w naszej Parafii. Ks. Arcybiskup Stanis\u0142aw G\u0105decki odwo\u0142a\u0142 z naszej Parafii ks. Jacka Zjawina i z dniem 24 sierpnia powo\u0142a\u0142 do pracy duszpasterskiej ks. Jaros\u0142awa Czy\u017cewskiego. Obydwom kap\u0142anom \u017cyczymy b\u0142ogos\u0142awionej owocno\u015bci w pracy dla dobra Ludu Bo\u017cego.<\/li><li>W lipcu i sierpniu (plan og\u00f3lny) zmienione godziny odprawiania Mszy \u015bw. w dni powszednie i niedziele oraz zmienione godziny urz\u0119dowania Biura Parafialnego. W niedziele wakacyjne nie ma mszy \u015bw. o godz. 12.30. Msza \u015bw. o godz. 8.00: w poniedzia\u0142ki, \u015brody i pi\u0105tki, a o godz.18.00 we wtorki, czwartki i soboty. Nowenna do Matki Bo\u017cej Nieustaj\u0105cej Pomocy w \u015brod\u0119 o godz. 8.00. R\u00f3\u017caniec do Matki Bo\u017cej Patronki Dobrej \u015amierci i Nowenna do \u015bw. J\u00f3zefa  we wtorek o godz. 17.30. Biuro Parafialne: poniedzia\u0142ek rano godz. 9.00 do 10.30, czwartek po po\u0142udniu godz. 16.00 do 17.30, sobota godz. 19.00 do 20.00. Spowied\u017a \u015bw. p\u00f3\u0142 godziny przed Msz\u0105 \u015bw. i w sobot\u0119 od godz. 16.00 -18.00.<\/li><li>Spotkanie wsp\u00f3lnoty r\u00f3\u017ca\u0144cowej w \u015brod\u0119 po porannej mszy \u015bw.<\/li><li>W tym tygodniu: I czwartek i I pi\u0105tek i I sobota miesi\u0105ca. W zwi\u0105zku z tym w czwartek adoracja Naj\u015bwi\u0119tszego Sakramentu: od godz. 17.00 do 18.00. Uczestnicz\u0105cych w duchowej adopcji zapraszamy na r\u00f3\u017caniec o godz. 17.15 w intencji obrony \u017cycia. Po Mszy \u015bw. wieczornej adoracja do godz. 21.00 w intencji nowych powo\u0142a\u0144 kap\u0142a\u0144skich i zakonnych. W pi\u0105tek msza \u015bw. o godz. 8.00 i 18.00. Spowied\u017a \u015bw. w pi\u0105tek od godz. 15.00 do 18.00, w sobot\u0119 od godz. 16.00 do 18.00. W sobot\u0119 r\u00f3\u017caniec z rozwa\u017caniami fatimskimi o godz. 7.15, msza \u015bw. o godz. 8.00 i zawierzenie Niepokalanemu Sercu Matki Bo\u017cej. Odwiedziny chorych z sakramentami \u015bw. w pi\u0105tek i sobot\u0119 wed\u0142ug sta\u0142ego planu. Nowe zg\u0142oszenia w zakrystii. 5. Jak ka\u017cdego roku, 6 lipca o godzinie 8:00 w Katedrze Ksi\u0105dz Arcybiskup Stanis\u0142aw G\u0105decki Metropolita Pozna\u0144ski odprawi Msz\u0119 \u015awi\u0119t\u0105, po zako\u0144czeniu kt\u00f3rej nast\u0105pi wyj\u015bcie na tras\u0119 Pozna\u0144skiej Pieszej Pielgrzymki na Jasn\u0105 G\u00f3r\u0119, kt\u00f3rej w tym roku towarzyszy has\u0142o: \u201e Z Maryj\u0105 w Nowe Czasy\u201d. Mo\u017cna jeszcze dokona\u0107 zapis\u00f3w i wzi\u0105\u0107 udzia\u0142 w Pozna\u0144skiej Pieszej Pielgrzymce na Jasn\u0105 G\u00f3r\u0119, formularz zg\u0142oszeniowy znajduje si\u0119 na stronie internetowej: ppp.archpoznan.pl. Jednocze\u015bnie w dniach od 6 do 15 lipca br., podczas Pieszej Pielgrzymki na Jasn\u0105 G\u00f3r\u0119, zapraszamy na Pielgrzymk\u0119 Duchow\u0105, kt\u00f3ra przebiega\u0107 b\u0119dzie w ko\u015bcio\u0142ach stacyjnych w Poznaniu wed\u0142ug planu wywieszonego na tablicy og\u0142osze\u0144 i zamieszczonego na parafialnej stronie internetowej.<\/li><li>B\u00f3g zap\u0142a\u0107 parafianom, za udzia\u0142 w uroczysto\u015bciach Naj\u015bwi\u0119tszego Serca Pana Jezusa. B\u00f3g zap\u0142a\u0107 za ofiary na KUL i Wydzia\u0142 Teologiczny, na potrzeby Stolicy \u015awi\u0119tej oraz doposa\u017canie ko\u015bcio\u0142a  <\/li><\/ol>\n\n\n\n<p>LIPIEC  I  SIERPIE\u0143<\/p>\n\n\n\n<p>W niedziele wakacyjne nie ma mszy \u015bw. o godz. 12.30.<\/p>\n\n\n\n<p>W dni powszednie<br \/>\nMsza \u015bw. o godz. 8.00 w poniedzia\u0142ek, \u015brod\u0119 i pi\u0105tek<br \/>\n                o godz.18.00 we wtorek, czwartek i sobot\u0119.<br \/>\nNowenna do Matki Bo\u017cej Nieustaj\u0105cej Pomocy                      <br \/>\nw \u015brod\u0119 o godz. 8.00.<br \/>\nR\u00f3\u017caniec do Matki Bo\u017cej Patronki Dobrej \u015amierci                     <br \/>\ni Nowenna do \u015bw. J\u00f3zefa  we wtorek o godz. 17.30.<\/p>\n\n\n\n<p>Biuro Parafialne: poniedzia\u0142ek godz. 9.00 do 10.30,<br \/>\n                               czwartek godz. 16.00 do 17.30,<br \/>\n                               sobota godz. 19.00 do 20.00.<br \/>\nSpowied\u017a \u015bw. p\u00f3\u0142 godziny przed msz\u0105 \u015bw. i w sobot\u0119 od godz. 16.00 -18.00.<\/p>\n\n\n\n<p>Msza \u015bw. niedzielna w godzinach p\u00f3\u017aniejszych w najbli\u017cszych parafiach.<br \/>\nParafia Pierwszych Polskich M\u0119czennik\u00f3w, os. Tysi\u0105clecia &#8211; godz. 20.00,                  <br \/>\nParafia \u015bw. \u0141ukasza, os. Rusa &#8211; godz. 20.30<\/p>\n","protected":false},"excerpt":{"rendered":"<p>OG\u0141OSZENIA DUSZPASTERSKIE NIEDZIELA XIII ZWYK\u0141A 30 czerwca 2019 r. Zmiany personalne w naszej Parafii. Ks. Arcybiskup Stanis\u0142aw G\u0105decki odwo\u0142a\u0142 z naszej Parafii ks. Jacka Zjawina i z dniem 24 sierpnia powo\u0142a\u0142 do pracy duszpasterskiej ks. Jaros\u0142awa Czy\u017cewskiego. Obydwom kap\u0142anom \u017cyczymy b\u0142ogos\u0142awionej owocno\u015bci w pracy dla dobra Ludu Bo\u017cego. W lipcu i sierpniu (plan og\u00f3lny) zmienione &#8230; <span class=\"more\"><a class=\"more-link\" href=\"https:\/\/www.chnk.pl\/?p=2357\">czytaj wi\u0119cej<\/a><\/span><\/p>\n","protected":false},"author":3,"featured_media":0,"comment_status":"open","ping_status":"open","sticky":false,"template":"","format":"standard","meta":{"ngg_post_thumbnail":0,"footnotes":""},"categories":[1],"tags":[],"_links":{"self":[{"href":"https:\/\/www.chnk.pl\/index.php?rest_route=\/wp\/v2\/posts\/2357"}],"collection":[{"href":"https:\/\/www.chnk.pl\/index.php?rest_route=\/wp\/v2\/posts"}],"about":[{"href":"https:\/\/www.chnk.pl\/index.php?rest_route=\/wp\/v2\/types\/post"}],"author":[{"embeddable":true,"href":"https:\/\/www.chnk.pl\/index.php?rest_route=\/wp\/v2\/users\/3"}],"replies":[{"embeddable":true,"href":"https:\/\/www.chnk.pl\/index.php?rest_route=%2Fwp%2Fv2%2Fcomments&post=2357"}],"version-history":[{"count":1,"href":"https:\/\/www.chnk.pl\/index.php?rest_route=\/wp\/v2\/posts\/2357\/revisions"}],"predecessor-version":[{"id":2358,"href":"https:\/\/www.chnk.pl\/index.php?rest_route=\/wp\/v2\/posts\/2357\/revisions\/2358"}],"wp:attachment":[{"href":"https:\/\/www.chnk.pl\/index.php?rest_route=%2Fwp%2Fv2%2Fmedia&parent=2357"}],"wp:term":[{"taxonomy":"category","embeddable":true,"href":"https:\/\/www.chnk.pl\/index.php?rest_route=%2Fwp%2Fv2%2Fcategories&post=2357"},{"taxonomy":"post_tag","embeddable":true,"href":"https:\/\/www.chnk.pl\/index.php?rest_route=%2Fwp%2Fv2%2Ftags&post=2357"}],"curies":[{"name":"wp","href":"https:\/\/api.w.org\/{rel}","templated":true}]}}