{"id":2354,"date":"2019-06-29T21:16:23","date_gmt":"2019-06-29T21:16:23","guid":{"rendered":"http:\/\/www.chnk.pl\/?p=2354"},"modified":"2019-06-29T21:16:23","modified_gmt":"2019-06-29T21:16:23","slug":"duchowa-pielgrzymka","status":"publish","type":"post","link":"https:\/\/www.chnk.pl\/?p=2354","title":{"rendered":"DUCHOWA PIELGRZYMKA"},"content":{"rendered":"\n<p>Duchowa Pielgrzymka 2019<br \/>\nPielgrzymka Duchowa polega na duchowym uczestnictwie w Pieszej Pozna\u0144skiej Pielgrzymce na Jasn\u0105 G\u00f3r\u0119. Duchowi Pielgrzymi pozostaj\u0105c w swych domach, realizuj\u0105 w zaw\u0119\u017conym zakresie program pieszej pielgrzymki. Przy\u015bwiecaj\u0105 im te same cele co p\u0105tnikom na trasie, a podstaw\u0105 duchowego pielgrzymowania jest osobista refleksja nad tematami i intencjami danego dnia, modlitwa w tych\u017ce intencjach oraz codzienny udzia\u0142 we Mszy \u015bw. w kolejnych ko\u015bcio\u0142ach stacyjnych duchowego pielgrzymowania.<br \/>\n6 LIPCA \u2013 SOBOTA   Za wstawiennictwem NMP Ucieczki grzesznik\u00f3w w intencji nawr\u00f3cenia ka\u017cdego z nas.<br \/>\nBazylika Archikatedralna<br \/>\nGodz. 8.00 Eucharystia na rozpocz\u0119cie pielgrzymki<br \/>\n7 LIPCA \u2013 NIEDZIELA  Za wstawiennictwem NMP Uzdrowienia chorych w intencji wszystkich chorych <br \/>\ni cierpi\u0105cych.<br \/>\nKolegiata Pozna\u0144ska &#8211; Fara (ul. Klasztorna 11)<br \/>\nGodz. 12.30 Eucharystia<br \/>\n 8 LIPCA \u2013 PONIEDZIA\u0141EK  Za wstawiennictwem NMP Matki Ko\u015bcio\u0142a o si\u0142\u0119 wiary dla ca\u0142ej wsp\u00f3lnoty Ko\u015bcio\u0142a oraz obron\u0119 przed nieprzyjaci\u00f3\u0142mi.<br \/>\nPar. pw. \u015bw. Micha\u0142a Archanio\u0142a (ul. Stolarska 7)<br \/>\nGodz. 18.00 Eucharystia<br \/>\n9 LIPCA \u2013 WTOREK  Za wstawiennictwem NMP Matki Dobrej rady o nowe powo\u0142ania kap\u0142a\u0144skie i zakonne <br \/>\nw Archidiecezji Pozna\u0144skiej.                                                                                                                                  Sanktuarium Mi\u0142osierdzia Bo\u017cego (os. Jana III Sobieskiego 116)<br \/>\nGodz. 18.30 Eucharystia<br \/>\n10 LIPCA \u2013 \u015aRODA  Za wstawiennictwem NMP Matki jedno\u015bci w intencji jedno\u015bci Ko\u015bcio\u0142a.<br \/>\nPar. pw. Naj\u015bwi\u0119tszego Serca Jezusa i \u015bw. Floriana (ul. Ko\u015bcielna 3)<br \/>\nGodz.18.00 Eucharystia <br \/>\n11 LIPCA \u2013 CZWARTEK   Za wstawiennictwem NMP Kr\u00f3lowej Polski w intencji naszej Ojczyzny.                       Par. pw. Chrystusa Odkupiciela (ul. Trzemesze\u0144ska 20)<br \/>\nGodz. 18.00 Eucharystia<br \/>\n12 LIPCA \u2013 PI\u0104TEK  Za wstawiennictwem NMP Matki Pi\u0119knej mi\u0142o\u015bci w intencji rodzin.                                  Bazylika Archikatedralna<br \/>\nCa\u0142odzienna Adoracja Naj\u015bwi\u0119tszego Sakramentu<br \/>\nGodz. 18.00 Eucharystia<br \/>\n13 LIPCA \u2013 SOBOTA    Za wstawiennictwem NMP Bramy niebios w intencji zmar\u0142ych.<br \/>\nPar. pw. Bo\u017cego Cia\u0142a (ul. Strzelecka 40)<br \/>\nGodz. 18.00 Eucharystia <br \/>\n14 LIPCA \u2013 NIEDZIELA   Za wstawiennictwem NMP Stolicy M\u0105dro\u015bci w intencji m\u0142odzie\u017cy.<br \/>\nPar. \u015bw. Stanis\u0142awa Kostki (ul. Rejtana 8)<br \/>\nGodz. 12.30 Eucharystia<br \/>\n15 LIPCA \u2013 PONIEDZIA\u0141EK  Za wstawiennictwem NMP Cz\u0119stochowskiej w intencji Archidiecezji Pozna\u0144skiej, jej Pasterzy, duchowie\u0144stwo, osoby \u017cycia konsekrowanego i wiernych \u015bwieckich prosz\u0105c o duchowe owoce peregrynacji obrazu Jasnog\u00f3rskiej Pani w naszej Archidiecezji.<\/p>\n\n\n\n<p>Od 12.30 transmisja z wej\u015bcia Pielgrzymki na Jasn\u0105 G\u00f3r\u0119 i Mszy \u015bw. (godz. 16.00) w Radio Emaus.<br \/>\nUdzia\u0142 w eucharystii w swoich parafiach (dla duchowych pielgrzym\u00f3w, kt\u00f3rzy zostaj\u0105 w Poznaniu).<\/p>\n","protected":false},"excerpt":{"rendered":"<p>Duchowa Pielgrzymka 2019 Pielgrzymka Duchowa polega na duchowym uczestnictwie w Pieszej Pozna\u0144skiej Pielgrzymce na Jasn\u0105 G\u00f3r\u0119. Duchowi Pielgrzymi pozostaj\u0105c w swych domach, realizuj\u0105 w zaw\u0119\u017conym zakresie program pieszej pielgrzymki. Przy\u015bwiecaj\u0105 im te same cele co p\u0105tnikom na trasie, a podstaw\u0105 duchowego pielgrzymowania jest osobista refleksja nad tematami i intencjami danego dnia, modlitwa w tych\u017ce intencjach &#8230; <span class=\"more\"><a class=\"more-link\" href=\"https:\/\/www.chnk.pl\/?p=2354\">czytaj wi\u0119cej<\/a><\/span><\/p>\n","protected":false},"author":3,"featured_media":0,"comment_status":"open","ping_status":"open","sticky":false,"template":"","format":"standard","meta":{"ngg_post_thumbnail":0,"footnotes":""},"categories":[1],"tags":[],"_links":{"self":[{"href":"https:\/\/www.chnk.pl\/index.php?rest_route=\/wp\/v2\/posts\/2354"}],"collection":[{"href":"https:\/\/www.chnk.pl\/index.php?rest_route=\/wp\/v2\/posts"}],"about":[{"href":"https:\/\/www.chnk.pl\/index.php?rest_route=\/wp\/v2\/types\/post"}],"author":[{"embeddable":true,"href":"https:\/\/www.chnk.pl\/index.php?rest_route=\/wp\/v2\/users\/3"}],"replies":[{"embeddable":true,"href":"https:\/\/www.chnk.pl\/index.php?rest_route=%2Fwp%2Fv2%2Fcomments&post=2354"}],"version-history":[{"count":1,"href":"https:\/\/www.chnk.pl\/index.php?rest_route=\/wp\/v2\/posts\/2354\/revisions"}],"predecessor-version":[{"id":2355,"href":"https:\/\/www.chnk.pl\/index.php?rest_route=\/wp\/v2\/posts\/2354\/revisions\/2355"}],"wp:attachment":[{"href":"https:\/\/www.chnk.pl\/index.php?rest_route=%2Fwp%2Fv2%2Fmedia&parent=2354"}],"wp:term":[{"taxonomy":"category","embeddable":true,"href":"https:\/\/www.chnk.pl\/index.php?rest_route=%2Fwp%2Fv2%2Fcategories&post=2354"},{"taxonomy":"post_tag","embeddable":true,"href":"https:\/\/www.chnk.pl\/index.php?rest_route=%2Fwp%2Fv2%2Ftags&post=2354"}],"curies":[{"name":"wp","href":"https:\/\/api.w.org\/{rel}","templated":true}]}}