{"id":2351,"date":"2019-06-22T18:22:20","date_gmt":"2019-06-22T18:22:20","guid":{"rendered":"http:\/\/www.chnk.pl\/?p=2351"},"modified":"2019-06-22T18:22:20","modified_gmt":"2019-06-22T18:22:20","slug":"12-niedziela-zwykla-2","status":"publish","type":"post","link":"https:\/\/www.chnk.pl\/?p=2351","title":{"rendered":"12 Niedziela Zwyk\u0142a"},"content":{"rendered":"\n<p>OG\u0141OSZENIA DUSZPASTERSKIE<br \/>\nNIEDZIELA XII ZWYK\u0141A<\/p>\n\n\n\n<p>23 czerwca 2019 r.<\/p>\n\n\n\n<ol><li>Kalendarz liturgiczny:<br \/> poniedzia\u0142ek \u2013 Uroczysto\u015b\u0107 Narodzenia \u015bw. Jana Chrzciciela,<br \/> wtorek- NMP \u015awi\u0119tog\u00f3rskiej z Gostynia,<br \/> \u015broda \u2013 \u015bw. Zygmunta Gorazdowskiego,<br \/> czwartek \u2013 \u015bw. Cyryla Aleksandryjskiego,<br \/> pi\u0105tek &#8211; Uroczysto\u015b\u0107 Naj\u015bwi\u0119tszego Serca Pana Jezusa,<br \/> sobota \u2013 \u015bw. app. Piotra i Paw\u0142a.<\/li><li>Od poniedzia\u0142ku do czwartku w oktawie Bo\u017cego Cia\u0142a msza \u015bw. o godz. 18.00 w \u0142\u0105cz-no\u015bci z nieszporami i  procesj\u0105. Prosimy o ofiarowanie czasu Panu Jezusowi i udzia\u0142                 w oktawie. Liczymy na obecno\u015b\u0107 ministrant\u00f3w i dziewczynek sypi\u0105cych kwiaty. W czwartek adoracja Naj\u015bwi\u0119tszego Sakramentu od godz. 17.00 w intencji poszanowania \u017cycia,a na zako\u0144czenie oktawy, po procesji, adoracja Naj\u015bwi\u0119tszego Sakramentu do godz. 21.00.<\/li><li>W \u015brod\u0119 po procesji Kr\u0105g Biblijny w salce parafialnej.<\/li><li>W pi\u0105tek, Uroczysto\u015b\u0107 Naj\u015bwi\u0119tszego Serca Pana Jezusa. Dzie\u0144 modlitwy o \u015bwi\u0119to\u015b\u0107 kap\u0142an\u00f3w. Centralne uroczysto\u015bci religijne miasta Poznania w ko\u015bciele pw. Naj\u015bwi\u0119tszego Serca Pana Jezusa na Je\u017cycach o godz. 18.00 i procesja Eucharystyczna na pl. Mickiewicza. Tam nabo\u017ce\u0144stwo wynagradzaj\u0105ce Naj\u015bwi\u0119tszemu Sercu Pana Jezusa. W najbli\u017cszy pi\u0105tek nie obowi\u0105zuje post. Prosimy o flagowanie mieszka\u0144. Gor\u0105co zach\u0119camy Parafian do wzi\u0119cia udzia\u0142u w uroczysto\u015bciach og\u00f3lnomiejskich. W naszej parafii nie ma procesji.<\/li><li>Trwaj\u0105 zapisy na 85 Piesz\u0105 Pozna\u0144sk\u0105 Pielgrzymk\u0119 na Jasn\u0105 G\u00f3r\u0119. Informacje na stronie ppp2019.pl.<\/li><li>B\u00f3g zap\u0142a\u0107 Parafianom, kt\u00f3rzy przygotowali o\u0142tarze na Bo\u017ce Cia\u0142o, kt\u00f3rzy udekorowali swoje okna i balkony. B\u00f3g zap\u0142a\u0107 s\u0142u\u017cbie ko\u015bcielnej i liturgicznej, grupom duszpasterskim za zaanga\u017cowanie.  To staranie parafian jest dla wi\u0119kszej chwa\u0142y Bo\u017cej i dla podtrzymania uroczystej tradycji Bo\u017cego Cia\u0142a i oktawy.<\/li><li>Zach\u0119camy do czytania prasy katolickiej. W kaplicy przy zakrystii: Przewodnik Katolicki, Go\u015b\u0107 Niedzielny, Droga, Ja\u015b, Ziarno, gazetka parafialna.<\/li><li>M\u00f3dlmy si\u0119 za zmar\u0142ych parafian. Za dusz\u0119 \u015bp. Alojzego Batury, os. Lecha 127. Pogrzeb odby\u0142 si\u0119 w Ostrorogu. Wieczny odpoczynek racz zmar\u0142ym da\u0107 Panie.<\/li><\/ol>\n","protected":false},"excerpt":{"rendered":"<p>OG\u0141OSZENIA DUSZPASTERSKIE NIEDZIELA XII ZWYK\u0141A 23 czerwca 2019 r. Kalendarz liturgiczny: poniedzia\u0142ek \u2013 Uroczysto\u015b\u0107 Narodzenia \u015bw. Jana Chrzciciela, wtorek- NMP \u015awi\u0119tog\u00f3rskiej z Gostynia, \u015broda \u2013 \u015bw. Zygmunta Gorazdowskiego, czwartek \u2013 \u015bw. Cyryla Aleksandryjskiego, pi\u0105tek &#8211; Uroczysto\u015b\u0107 Naj\u015bwi\u0119tszego Serca Pana Jezusa, sobota \u2013 \u015bw. app. Piotra i Paw\u0142a. Od poniedzia\u0142ku do czwartku w oktawie Bo\u017cego Cia\u0142a &#8230; <span class=\"more\"><a class=\"more-link\" href=\"https:\/\/www.chnk.pl\/?p=2351\">czytaj wi\u0119cej<\/a><\/span><\/p>\n","protected":false},"author":3,"featured_media":0,"comment_status":"open","ping_status":"open","sticky":false,"template":"","format":"standard","meta":{"ngg_post_thumbnail":0,"footnotes":""},"categories":[1],"tags":[],"_links":{"self":[{"href":"https:\/\/www.chnk.pl\/index.php?rest_route=\/wp\/v2\/posts\/2351"}],"collection":[{"href":"https:\/\/www.chnk.pl\/index.php?rest_route=\/wp\/v2\/posts"}],"about":[{"href":"https:\/\/www.chnk.pl\/index.php?rest_route=\/wp\/v2\/types\/post"}],"author":[{"embeddable":true,"href":"https:\/\/www.chnk.pl\/index.php?rest_route=\/wp\/v2\/users\/3"}],"replies":[{"embeddable":true,"href":"https:\/\/www.chnk.pl\/index.php?rest_route=%2Fwp%2Fv2%2Fcomments&post=2351"}],"version-history":[{"count":1,"href":"https:\/\/www.chnk.pl\/index.php?rest_route=\/wp\/v2\/posts\/2351\/revisions"}],"predecessor-version":[{"id":2352,"href":"https:\/\/www.chnk.pl\/index.php?rest_route=\/wp\/v2\/posts\/2351\/revisions\/2352"}],"wp:attachment":[{"href":"https:\/\/www.chnk.pl\/index.php?rest_route=%2Fwp%2Fv2%2Fmedia&parent=2351"}],"wp:term":[{"taxonomy":"category","embeddable":true,"href":"https:\/\/www.chnk.pl\/index.php?rest_route=%2Fwp%2Fv2%2Fcategories&post=2351"},{"taxonomy":"post_tag","embeddable":true,"href":"https:\/\/www.chnk.pl\/index.php?rest_route=%2Fwp%2Fv2%2Ftags&post=2351"}],"curies":[{"name":"wp","href":"https:\/\/api.w.org\/{rel}","templated":true}]}}