{"id":2348,"date":"2019-06-15T14:41:53","date_gmt":"2019-06-15T14:41:53","guid":{"rendered":"http:\/\/www.chnk.pl\/?p=2348"},"modified":"2019-06-15T14:41:53","modified_gmt":"2019-06-15T14:41:53","slug":"niedziela-trojcy-swietej","status":"publish","type":"post","link":"https:\/\/www.chnk.pl\/?p=2348","title":{"rendered":"Niedziela Tr\u00f3jcy \u015awi\u0119tej"},"content":{"rendered":"\n<p>OG\u0141OSZENIA DUSZPASTERSKIE<br \/>\nNIEDZIELA NAJ\u015aWI\u0118TSZEJ TR\u00d3JCY<br \/>\n  16 czerwca 2019 r.<\/p>\n\n\n\n<ol><li>Kalendarz liturgiczny: poniedzia\u0142ek \u2013 \u015bw. br. Alberta Chmielowskiego, \u015broda \u2013 \u015bw. Romualda, czwartek \u2013 Uroczysto\u015b\u0107 Naj\u015bwi\u0119tszego Cia\u0142a i Krwi Chrystusa  (Urocz. Bo\u017cego Cia\u0142a), pi\u0105tek \u2013 \u015bw. Alojzego Gonzagi, sobota \u2013 \u015bw. Paulina z Noli.<\/li><li>Msza \u015bw. na zako\u0144czenie roku szkolnego we wtorek o godz. 11.00. Prosimy, aby dzieci przysz\u0142y do ko\u015bcio\u0142a ubrane  od\u015bwi\u0119tnie.<\/li><li>W \u015brod\u0119, 19 dzie\u0144 miesi\u0105ca. Dzie\u0144 Salety\u0144ski w naszej Parafii. Zapraszamy na porann\u0105 msz\u0119 \u015bw i procesj\u0119 do figury Matki Bo\u017cej z La Salette. R\u00f3\u017caniec salety\u0144ski o godz. 17.30. Tym nabo\u017ce\u0144stwem wynagradzamy Panu Jezusowi za przyczyn\u0105 Matki Bo\u017cej P\u0142acz\u0105cej wszystkie opuszczone msze \u015bw. niedzielne, niepotrzebn\u0105 prac\u0119 w niedziele, niezgod\u0119 w rodzinach, okropne blu\u017anierstwa i wulgaryzmy. Jest to nabo\u017ce\u0144stwo pokutne wzywaj\u0105ce do nawr\u00f3cenia.<\/li><li>W czwartek, Uroczysto\u015b\u0107 Naj\u015bwi\u0119tszego Cia\u0142a i Krwi Chrystusa ( Bo\u017ce Cia\u0142o). Centralna procesja rozpocznie si\u0119 msz\u0105 \u015bw. w Parafii Bo\u017cego Cia\u0142a o godz. 10.00 i przejdzie do Katedry. Uczy\u0144my Bo\u017ce Cia\u0142o publicznym wyznaniem wiary w Boga obecnego w Eucharystii i dajmy temu wyraz uczestnicz\u0105c w procesji og\u00f3lnomiejskiej. Msza \u015bw. w naszej Parafii w \u015brod\u0119 o godz. 18.00 (ju\u017c \u015bwi\u0105teczna) i w Bo\u017ce Cia\u0142o o godz. 8.00, 9.30, 11.15, 15.00 i po procesji oko\u0142o 16.30. Nie b\u0119dzie Mszy \u015bw. o godz. 12.30 i 18.00. R\u00f3\u017caniec w intencji powo\u0142a\u0144  kap\u0142a\u0144skich i zakonnych o godz 14.20. Obecno\u015b\u0107 na procesji nie zwalnia ze mszy \u015bw. Prosimy o udekorowanie okien i balkon\u00f3w, prosimy o to tak\u017ce tych parafian, kt\u00f3rzy wyje\u017cd\u017caj\u0105. W \u015brod\u0119 okazja do spowiedzi \u015bw. od godz. 16.30 do 18.00. W oktawie Bo\u017cego Cia\u0142a w dni powszednie Msza \u015bw. o godz. 18.00 z procesj\u0105, a w niedziel\u0119 po mszy \u015bw. o godz. 9.30. Dziewczynki (zw\u0142aszcza pierwszokomunijne) prosimy o sypanie kwiat\u00f3w w Bo\u017ce Cia\u0142o i w oktaw\u0119. Pr\u00f3ba sypania kwiat\u00f3w od poniedzia\u0142ku do \u015brody, przy ko\u015bciele, o godz. 17.00. Prosimy o przynoszenie p\u0142atk\u00f3w kwiat\u00f3w i zostawianie ich przy zakrystii oraz przynoszenie zb\u0119dnych koszyczk\u00f3w do sypania kwiat\u00f3w.<\/li><li>W Bo\u017ce Cia\u0142o, 20 czerwca o godz. 21.00, spotkanie przy Krzy\u017cu Papieskim na Dolnej Wildzie, w rocznic\u0119 pobytu w Poznaniu Ojca \u015bw. Jana Paw\u0142a II.<\/li><li>OKTAWA BO\u017bEGO CIA\u0141A: pi\u0105tek, sobota: godz. 17.30 r\u00f3\u017caniec, godz.18.00 &#8211; nieszpory, msza \u015bw., Litania do Serca Pana Jezusa i procesja. Niedziela, 23.6: godz.  9.30 \u2013 msza \u015bw., Litania do Serca Pana Jezusa i procesja, godz. 17.25 \u2013 r\u00f3\u017caniec w intencji rodzin. Poniedzia\u0142ek, wtorek, \u015broda i czwartek: godz. 17.30 \u2013 r\u00f3\u017caniec, godz.18.00 &#8211; nieszpory, msza \u015bw., Litania do Serca Pana Jezusa i procesja.<\/li><li>Dzisiaj, po mszy \u015bw., mo\u017cliwo\u015b\u0107 z\u0142o\u017cenia ofiary na KUL  i szko\u0142y katolickie.<\/li><li>Zach\u0119camy do czytania prasy katolickiej. Przy zakrystii: Przewodnik Katolicki, Go\u015b\u0107 Niedzielny (wywiad z by\u0142ym pi\u0142karzem Markiem Citko), Ola i Ja\u015b, Ma\u0142y Przewodnik Katolicki, Egzorcysta, Mi\u0142ujcie si\u0119 i gazetka parafialna.<\/li><\/ol>\n\n\n\n<p>UROCZYSTO\u015a\u0106 BO\u017bEGO CIA\u0141A I OKTAWA<\/p>\n\n\n\n<p>BO\u017bE CIA\u0141O Msza \u015bw.:<br \/>\n(w przeddzie\u0144) \u015broda: godz. 17.30 r\u00f3\u017caniec, 18.00 &#8211; msza \u015bw.,<br \/>\nczwartek: 8.00,  9.30,  11.15,  15.00,  16.30 (po procesji) Nie ma mszy \u015bw. o godz. 12.30 i 18.00<\/p>\n\n\n\n<p>OKTAWA BO\u017bEGO CIA\u0141A  <br \/>\npi\u0105tek, 21.6. godz. 17.30 r\u00f3\u017caniec,<br \/>\n                     godz.18.00 &#8211; nieszpory, msza \u015bw., Litania                                              do Serca Pana Jezusa i procesja<br \/>\nsobota, 22.6. godz. 17.30 r\u00f3\u017caniec,<br \/>\n                     godz. 18.00 &#8211; nieszpory, msza \u015bw., Litania do Serca                                   Pana Jezusa i procesja<br \/>\nniedziela, 23.6.  godz.  9.30 \u2013 msza \u015bw., Litania do Serca Pana                    Jezusa i procesja<br \/>\n                         godz. 17.25 \u2013 r\u00f3\u017caniec w intencji rodzin,     <br \/>\nponiedzia\u0142ek, 24.6. godz. 17.30 &#8211; r\u00f3\u017caniec,  <br \/>\n                               godz.18.00 &#8211; nieszpory, msza \u015bw., Litania do Serca Pana Jezusa i procesja<br \/>\nwtorek, 25.6. godz.17.30 r\u00f3\u017caniec,<br \/>\n                       godz. 18.00 &#8211; nieszpory, msza \u015bw., Litania do Serca              Pana Jezusa i procesja<br \/>\n\u015broda, 26.6.   godz.17.30 r\u00f3\u017caniec,<br \/>\n                      godz.18.00 &#8211; nieszpory, msza \u015bw., Litania do Serca                         Pana Jezusa i procesja<br \/>\nczwartek, 27.6. godz. 18.00 &#8211; nieszpory, msza \u015bw., Litania do Serca Pana Jezusa i procesja<\/p>\n","protected":false},"excerpt":{"rendered":"<p>OG\u0141OSZENIA DUSZPASTERSKIE NIEDZIELA NAJ\u015aWI\u0118TSZEJ TR\u00d3JCY 16 czerwca 2019 r. Kalendarz liturgiczny: poniedzia\u0142ek \u2013 \u015bw. br. Alberta Chmielowskiego, \u015broda \u2013 \u015bw. Romualda, czwartek \u2013 Uroczysto\u015b\u0107 Naj\u015bwi\u0119tszego Cia\u0142a i Krwi Chrystusa (Urocz. Bo\u017cego Cia\u0142a), pi\u0105tek \u2013 \u015bw. Alojzego Gonzagi, sobota \u2013 \u015bw. Paulina z Noli. Msza \u015bw. na zako\u0144czenie roku szkolnego we wtorek o godz. 11.00. Prosimy, &#8230; <span class=\"more\"><a class=\"more-link\" href=\"https:\/\/www.chnk.pl\/?p=2348\">czytaj wi\u0119cej<\/a><\/span><\/p>\n","protected":false},"author":3,"featured_media":0,"comment_status":"open","ping_status":"open","sticky":false,"template":"","format":"standard","meta":{"ngg_post_thumbnail":0,"footnotes":""},"categories":[1],"tags":[],"_links":{"self":[{"href":"https:\/\/www.chnk.pl\/index.php?rest_route=\/wp\/v2\/posts\/2348"}],"collection":[{"href":"https:\/\/www.chnk.pl\/index.php?rest_route=\/wp\/v2\/posts"}],"about":[{"href":"https:\/\/www.chnk.pl\/index.php?rest_route=\/wp\/v2\/types\/post"}],"author":[{"embeddable":true,"href":"https:\/\/www.chnk.pl\/index.php?rest_route=\/wp\/v2\/users\/3"}],"replies":[{"embeddable":true,"href":"https:\/\/www.chnk.pl\/index.php?rest_route=%2Fwp%2Fv2%2Fcomments&post=2348"}],"version-history":[{"count":1,"href":"https:\/\/www.chnk.pl\/index.php?rest_route=\/wp\/v2\/posts\/2348\/revisions"}],"predecessor-version":[{"id":2349,"href":"https:\/\/www.chnk.pl\/index.php?rest_route=\/wp\/v2\/posts\/2348\/revisions\/2349"}],"wp:attachment":[{"href":"https:\/\/www.chnk.pl\/index.php?rest_route=%2Fwp%2Fv2%2Fmedia&parent=2348"}],"wp:term":[{"taxonomy":"category","embeddable":true,"href":"https:\/\/www.chnk.pl\/index.php?rest_route=%2Fwp%2Fv2%2Fcategories&post=2348"},{"taxonomy":"post_tag","embeddable":true,"href":"https:\/\/www.chnk.pl\/index.php?rest_route=%2Fwp%2Fv2%2Ftags&post=2348"}],"curies":[{"name":"wp","href":"https:\/\/api.w.org\/{rel}","templated":true}]}}