{"id":2344,"date":"2019-06-08T20:27:22","date_gmt":"2019-06-08T20:27:22","guid":{"rendered":"http:\/\/www.chnk.pl\/?p=2344"},"modified":"2019-06-08T20:27:22","modified_gmt":"2019-06-08T20:27:22","slug":"zeslanie-ducha-swietego-2","status":"publish","type":"post","link":"https:\/\/www.chnk.pl\/?p=2344","title":{"rendered":"Zes\u0142anie Ducha \u015awi\u0119tego"},"content":{"rendered":"\n<p>OG\u0141OSZENIA DUSZPASTERSKIE<br \/>\nZES\u0141ANIE DUCHA \u015aWI\u0118TEGO<br \/>\n9 czerwca 2019 r.<\/p>\n\n\n\n<ol><li>Kalendarz liturgiczny: poniedzia\u0142ek \u2013 NMP Matki Ko\u015bcio\u0142a, wtorek- \u015bw. &#8211; Barnaby, \u015broda \u2013 b\u0142ogos\u0142awionych m\u0119czennik\u00f3w b\u0142. Mariana Konopi\u0144skiego i J\u00f3zefa Kuta, czwartek \u2013 \u015bwi\u0119to Jezusa Chrystusa Najwy\u017cszego i Wiecznego Kap\u0142an, pi\u0105tek \u2013 b\u0142. Micha\u0142a Kozala.<\/li><li>W poniedzia\u0142ek, II \u015bwi\u0119to Zielonych \u015awi\u0105t, \u015awi\u0119to Naj\u015bwi\u0119tszej Maryi Panny Matki Ko\u015bcio\u0142a. Zapraszamy na msz\u0119 \u015bw.  o godz.: 8.00 i 18.00.<\/li><li>Biuro Parafialne w poniedzia\u0142ek nieczynne.<\/li><li>Kr\u0105g Biblijny w \u015brod\u0119 po wieczornej mszy \u015bw. w salce parafialnej. Spotkanie wsp\u00f3lnoty r\u00f3\u017ca\u0144cowej w \u015brod\u0119  po wieczornej mszy \u015bw. w ko\u015bciele.<\/li><li>Odpust w naszej Parafii. Ojciec \u015bw. Benedykt XVI ustanowi\u0142 \u015bwi\u0119to Jezusa Chrystusa Najwy\u017cszego i Wiecznego Kap\u0142ana, obchodzone w czwartek po Zes\u0142aniu Ducha \u015awi\u0119tego. Zatem Odpust w naszej parafii w najbli\u017cszy czwartek. Adoracja Naj\u015bwi\u0119tszego Sakramentu o godz. 18.00 w intencji Ojca \u015bw. Franciszka, o powo\u0142ania kap\u0142a\u0144skie. Suma odpustowa o godz. 19.00. Sum\u0119 odprawi ks. dziekan Henryk Szymczak.<\/li><li>Odwiedziny Chorych z sakramentami \u015bw. w pi\u0105tek<\/li><li>W przysz\u0142\u0105 niedziel\u0119, Tr\u00f3jcy \u015awi\u0119tej, ko\u0144czy si\u0119 czas spowiedzi \u015bw. wielkanocnej.<\/li><li>Podzi\u0119kowanie dla rodzic\u00f3w dzieci pierwszokomunijnych za przygotowanie ko\u015bcio\u0142a na uroczysto\u015b\u0107 pierwszokomunijn\u0105. Prosimy rodzic\u00f3w dzieci klas III o przygotowanie o\u0142tarza na procesj\u0119 Bo\u017cego Cia\u0142a. Spotkanie w sprawie o\u0142tarzy na Bo\u017ce Cia\u0142o dla wszystkich przygotowuj\u0105cych o\u0142tarze w pi\u0105tek o godz. 18.45 w salce parafialnej.<\/li><li>Zach\u0119camy do czytania Przewodnika Katolickiego (W najnowszym numerze artyku\u0142 bardzo pomocny dla doros\u0142ych dzieci alkoholik\u00f3w). Prosimy dzieci, aby zabiera\u0142y Ziarno z niedzieln\u0105 Ewangeli\u0105 i odczyta\u0142y j\u0105 w rodzinie przed wsp\u00f3lnym posi\u0142kiem, albo w czasie wieczornego pacierza. W zak\u0142adzie fotograficznym w Orlim Gnie\u017adzie mo\u017cna ogl\u0105da\u0107 i zam\u00f3wi\u0107 fotografie z uroczysto\u015bci Nawiedzenia Matki Bo\u017cej.<\/li><li>Kolejna prezentacja VERBA SACRA. Wyst\u0105pi aktorka telewizyjna i filmowa Dominika Chorosi\u0144ska. Zostanie zaprezentowana Druga Ksi\u0119ga Kr\u00f3lewska. Zapraszamy do Katedry w niedziel\u0119 16 czerwca o godz. 17:00. Wst\u0119p wolny.<\/li><li>Rozpocz\u0119\u0142y si\u0119 zapisy na 85 Piesz\u0105 Pozna\u0144sk\u0105 Pielgrzymk\u0119 na Jasn\u0105 G\u00f3r\u0119. Komunikat na stronie ppp2019.pl.<\/li><li>Pokutny Marsz R\u00f3\u017ca\u0144cowy w trzeci\u0105 niedziele miesi\u0105ca, czyli 16 czerwca. Pocz\u0105tek, msza \u015bw. o godz.12.30 w Ko\u015bciele Bo\u017cego Cia\u0142a.  Zako\u0144czenie oko\u0142o godz.16.00 w ko\u015bciele OO. Franciszkan\u00f3w na Wzg\u00f3rzu Przemys\u0142a. Komunikat na parafialnej stronie internetowej.<\/li><li>M\u00f3dlmy si\u0119 za zmar\u0142ych parafian. Za dusz\u0119 \u015bp. Ryszarda Oporowskiego, os. Lecha 123.   Msza \u015bw. pogrzebowa we wtorek o godz. 11.00. Wieczny odpoczynek racz zmar\u0142ym da\u0107 Panie.<\/li><\/ol>\n","protected":false},"excerpt":{"rendered":"<p>OG\u0141OSZENIA DUSZPASTERSKIE ZES\u0141ANIE DUCHA \u015aWI\u0118TEGO 9 czerwca 2019 r. Kalendarz liturgiczny: poniedzia\u0142ek \u2013 NMP Matki Ko\u015bcio\u0142a, wtorek- \u015bw. &#8211; Barnaby, \u015broda \u2013 b\u0142ogos\u0142awionych m\u0119czennik\u00f3w b\u0142. Mariana Konopi\u0144skiego i J\u00f3zefa Kuta, czwartek \u2013 \u015bwi\u0119to Jezusa Chrystusa Najwy\u017cszego i Wiecznego Kap\u0142an, pi\u0105tek \u2013 b\u0142. Micha\u0142a Kozala. W poniedzia\u0142ek, II \u015bwi\u0119to Zielonych \u015awi\u0105t, \u015awi\u0119to Naj\u015bwi\u0119tszej Maryi Panny Matki &#8230; <span class=\"more\"><a class=\"more-link\" href=\"https:\/\/www.chnk.pl\/?p=2344\">czytaj wi\u0119cej<\/a><\/span><\/p>\n","protected":false},"author":3,"featured_media":0,"comment_status":"open","ping_status":"open","sticky":false,"template":"","format":"standard","meta":{"ngg_post_thumbnail":0,"footnotes":""},"categories":[1],"tags":[],"_links":{"self":[{"href":"https:\/\/www.chnk.pl\/index.php?rest_route=\/wp\/v2\/posts\/2344"}],"collection":[{"href":"https:\/\/www.chnk.pl\/index.php?rest_route=\/wp\/v2\/posts"}],"about":[{"href":"https:\/\/www.chnk.pl\/index.php?rest_route=\/wp\/v2\/types\/post"}],"author":[{"embeddable":true,"href":"https:\/\/www.chnk.pl\/index.php?rest_route=\/wp\/v2\/users\/3"}],"replies":[{"embeddable":true,"href":"https:\/\/www.chnk.pl\/index.php?rest_route=%2Fwp%2Fv2%2Fcomments&post=2344"}],"version-history":[{"count":1,"href":"https:\/\/www.chnk.pl\/index.php?rest_route=\/wp\/v2\/posts\/2344\/revisions"}],"predecessor-version":[{"id":2345,"href":"https:\/\/www.chnk.pl\/index.php?rest_route=\/wp\/v2\/posts\/2344\/revisions\/2345"}],"wp:attachment":[{"href":"https:\/\/www.chnk.pl\/index.php?rest_route=%2Fwp%2Fv2%2Fmedia&parent=2344"}],"wp:term":[{"taxonomy":"category","embeddable":true,"href":"https:\/\/www.chnk.pl\/index.php?rest_route=%2Fwp%2Fv2%2Fcategories&post=2344"},{"taxonomy":"post_tag","embeddable":true,"href":"https:\/\/www.chnk.pl\/index.php?rest_route=%2Fwp%2Fv2%2Ftags&post=2344"}],"curies":[{"name":"wp","href":"https:\/\/api.w.org\/{rel}","templated":true}]}}