{"id":2342,"date":"2019-06-08T17:49:40","date_gmt":"2019-06-08T17:49:40","guid":{"rendered":"http:\/\/www.chnk.pl\/?p=2342"},"modified":"2019-06-08T17:49:40","modified_gmt":"2019-06-08T17:49:40","slug":"pielgrzymka-na-jasna-gore","status":"publish","type":"post","link":"https:\/\/www.chnk.pl\/?p=2342","title":{"rendered":"PIELGRZYMKA NA JASN\u0104 G\u00d3R\u0118"},"content":{"rendered":"\n<p><\/p>\n\n\n\n<pre class=\"wp-block-code\"><code>Podobnie jak w ubieg\u0142ych latach 6 lipca z pozna\u0144skiej Katedry wyruszy pielgrzymka na Jasn\u0105 G\u00f3r\u0119. Pielgrzymujemy w tym roku po raz 85-ty pod has\u0142em \"Z Maryj\u0105 w nowe czasy\". W ten spos\u00f3b w\u0142\u0105czamy si\u0119 w czas peregrynacji Ikony Nawiedzenia w naszej archidiecezji.<\/code><\/pre>\n\n\n\n<p>Daty wyj\u015bcia grup pozapozna\u0144skich:<br \/>\n3.07 \u2013 Czarnk\u00f3w<br \/>\n5.07 \u2013 Buk, Opalenica, Grodzisk Wlkp., Ko\u015bcian<br \/>\n7.07 \u2013 Leszno<br \/>\n8.07 &#8211; Pudliszki<\/p>\n\n\n\n<p>Zapisy na pielgrzymk\u0119 ju\u017c s\u0105 mo\u017cliwe:<\/p>\n\n\n\n<ul><li>online &#8211; https:\/\/ppp2019.pl\/ (od 1 do 30 czerwca)<\/li><li>osobi\u015bcie &#8211; w par. pw. \u015bw. Marcina w Poznaniu 15.06 i 29.06 w godz. od 12:00 \u2013 14:00.<\/li><\/ul>\n\n\n\n<p>Op\u0142aty i ulgi: 110 z\u0142, dzieci do lat 7 zwolnione s\u0105 z op\u0142at, trzecia osoba z rodziny 60 z\u0142, czwarta i kolejne osoby z rodziny zwolnione s\u0105 z op\u0142at.<br \/>\nPielgrzymi s\u0105 ubezpieczeni (NNW) podczas trwania pielgrzymki.<\/p>\n\n\n\n<pre class=\"wp-block-code\"><code><\/code><\/pre>\n\n\n\n<p>www.pielgrzymka.archpoznan.pl<br \/>\nhttps:\/\/www.facebook.com\/PoznanskaPielgrzymka\/<\/p>\n","protected":false},"excerpt":{"rendered":"<p>Daty wyj\u015bcia grup pozapozna\u0144skich: 3.07 \u2013 Czarnk\u00f3w 5.07 \u2013 Buk, Opalenica, Grodzisk Wlkp., Ko\u015bcian 7.07 \u2013 Leszno 8.07 &#8211; Pudliszki Zapisy na pielgrzymk\u0119 ju\u017c s\u0105 mo\u017cliwe: online &#8211; https:\/\/ppp2019.pl\/ (od 1 do 30 czerwca) osobi\u015bcie &#8211; w par. pw. \u015bw. Marcina w Poznaniu 15.06 i 29.06 w godz. od 12:00 \u2013 14:00. Op\u0142aty i ulgi: &#8230; <span class=\"more\"><a class=\"more-link\" href=\"https:\/\/www.chnk.pl\/?p=2342\">czytaj wi\u0119cej<\/a><\/span><\/p>\n","protected":false},"author":3,"featured_media":0,"comment_status":"open","ping_status":"open","sticky":false,"template":"","format":"standard","meta":{"ngg_post_thumbnail":0,"footnotes":""},"categories":[1],"tags":[],"_links":{"self":[{"href":"https:\/\/www.chnk.pl\/index.php?rest_route=\/wp\/v2\/posts\/2342"}],"collection":[{"href":"https:\/\/www.chnk.pl\/index.php?rest_route=\/wp\/v2\/posts"}],"about":[{"href":"https:\/\/www.chnk.pl\/index.php?rest_route=\/wp\/v2\/types\/post"}],"author":[{"embeddable":true,"href":"https:\/\/www.chnk.pl\/index.php?rest_route=\/wp\/v2\/users\/3"}],"replies":[{"embeddable":true,"href":"https:\/\/www.chnk.pl\/index.php?rest_route=%2Fwp%2Fv2%2Fcomments&post=2342"}],"version-history":[{"count":1,"href":"https:\/\/www.chnk.pl\/index.php?rest_route=\/wp\/v2\/posts\/2342\/revisions"}],"predecessor-version":[{"id":2343,"href":"https:\/\/www.chnk.pl\/index.php?rest_route=\/wp\/v2\/posts\/2342\/revisions\/2343"}],"wp:attachment":[{"href":"https:\/\/www.chnk.pl\/index.php?rest_route=%2Fwp%2Fv2%2Fmedia&parent=2342"}],"wp:term":[{"taxonomy":"category","embeddable":true,"href":"https:\/\/www.chnk.pl\/index.php?rest_route=%2Fwp%2Fv2%2Fcategories&post=2342"},{"taxonomy":"post_tag","embeddable":true,"href":"https:\/\/www.chnk.pl\/index.php?rest_route=%2Fwp%2Fv2%2Ftags&post=2342"}],"curies":[{"name":"wp","href":"https:\/\/api.w.org\/{rel}","templated":true}]}}