{"id":2340,"date":"2019-06-08T17:46:13","date_gmt":"2019-06-08T17:46:13","guid":{"rendered":"http:\/\/www.chnk.pl\/?p=2340"},"modified":"2019-06-08T17:46:13","modified_gmt":"2019-06-08T17:46:13","slug":"pielgrzymka-mezczyzn-do-tulec","status":"publish","type":"post","link":"https:\/\/www.chnk.pl\/?p=2340","title":{"rendered":"PIELGRZYMKA M\u0118\u017bCZYZN DO TULEC"},"content":{"rendered":"\n<p>XVI Archidiecezjalna Pielgrzymka M\u0119\u017cczyzn do Tulec <br \/>\nniedziela 16 czerwca 2019r. g. 12.00<br \/>\nHas\u0142o: Z Maryj\u0105 w nowe czasy!<br \/>\nZapraszamy do w\u0142\u0105czania si\u0119 w organizacj\u0119, promocj\u0119, przygotowanie, wszystkie wsp\u00f3lnoty m\u0119skie oraz osoby zorganizowane wok\u00f3\u0142 inicjatyw skierowanych do m\u0119\u017cczyzn. <br \/>\nTuleckie spotkanie m\u0119\u017cczyzn, przed figur\u0105 Matki Bo\u017cej Tuleckiej to r\u00f3wnie\u017c pokazanie, jak r\u00f3\u017cnorodny, a silny jest Ko\u015bci\u00f3\u0142, dzi\u0119ki m\u0119\u017cczyznom zorganizowanym wok\u00f3\u0142 tak wielu grup. <br \/>\nPielgrzymk\u0119 M\u0119\u017cczyzn poprzedz\u0105 wydarzenia:<\/p>\n\n\n\n<ol><li>Adoracja<br \/>\nZach\u0119camy wszystkich m\u0119\u017cczyzn Archidiecezji Pozna\u0144skiej do przeprowadzenie adoracji Naj\u015bwi\u0119tszego Sakramentu, pod has\u0142em: \u201eZ Maryj\u0105 w nowe czasy!\u201d. 7 czerwca, od 20:30 do 21:00, m\u0119\u017cczy\u017ani w wielu parafiach r\u00f3wnocze\u015bnie, b\u0119d\u0105 si\u0119 modli\u0107 w intencji m\u0119\u017cczyzn i owoc\u00f3w Pielgrzymki M\u0119\u017cczyzn.<\/li><li>Pielgrzymowanie piesze<br \/>\n16 czerwca z Sanktuarium \u015bw. J\u00f3zefa (z ko\u015bcio\u0142a O. Karmelit\u00f3w na wzg\u00f3rzu \u015bw. Wojciecha) wyrusza o godz. 7.00 V piesza pielgrzymka m\u0119\u017cczyzn do Tulec. M\u0119\u017cczy\u017ani pielgrzymowa\u0107 b\u0119d\u0105 z obrazem \u015bw. J\u00f3zefa. Zach\u0119camy do w\u0142\u0105czania si\u0119 grup zorganizowanych oraz os\u00f3b indywidualnych, tak by wsp\u00f3lnie z J\u00f3zefem przyj\u015b\u0107 do Maryi. <br \/>\nGrupy zorganizowane wyrusz\u0105 pieszo r\u00f3wnie\u017c z Puszczykowa, Staro\u0142\u0119ki, Biezdrowa i Swarz\u0119dza.<br \/>\nXV Archidiecezjalna Pielgrzymka M\u0119\u017cczyzn do Tulec, program:<br \/>\n12.00 &#8211; Msza \u015awi\u0119ta pod przewodnictwem Ks. Bpa Damiana Bryla<br \/>\n13.30 \u2013 Posi\u0142ek<br \/>\n14.00 &#8211; Spotkania w grupach \u2013 kr\u0119gi dyskusyjne<br \/>\n15.00 \u2013 Koronka do Mi\u0142osierdzia Bo\u017cego <br \/>\n15.15 \u2013 Wsp\u00f3lny \u015bpiew Akatystu ku czci \u015bw. J\u00f3zefa <br \/>\n16.00 &#8211; Zako\u0144czenie pielgrzymki<br \/>\nOd godziny 11:00 do 16:00 w namiotach wok\u00f3\u0142 g\u0142\u00f3wnego placu, b\u0119d\u0105 prowadzi\u0107 prezentacj\u0119 wsp\u00f3lnoty i ruchy m\u0119skie.<br \/>\nTematy spotka\u0144 o godz. 14.00:<\/li><li>M\u0119\u017cna Niewiasta wzorem dla wsp\u00f3\u0142czesnego m\u0119\u017cczyzny<\/li><li>Z Maryj\u0105 w nowe czasy! <\/li><li>R\u00f3\u017caniec bez granic <\/li><li>Mocni ojcowie &#8211; mocne dzieci!<br \/>\nZach\u0119camy Proboszcz\u00f3w oraz \u015awieckich do organizowania w parafiach grup, kt\u00f3re wsp\u00f3lnie dotr\u0105 do Tulec. W ubieg\u0142ych latach przyby\u0142y grupy piesze, biegaczy, rowerzyst\u00f3w oraz motocyklist\u00f3w. Pielgrzymka to trud podj\u0119tego wyzwania, znajd\u017amy odwag\u0119, aby zorganizowa\u0107 si\u0119 i stan\u0105\u0107 w\u015br\u00f3d innych m\u0119\u017cczyzn przed Matk\u0105 Bo\u017c\u0105 Tuleck\u0105.<br \/>\nW czasie uroczysto\u015bci w Tulcach b\u0119d\u0105 zorganizowane stoiska do prezentacji wsp\u00f3lnot, ruch\u00f3w i inicjatyw m\u0119skich dzia\u0142aj\u0105cych w Archidiecezji Pozna\u0144skiej, b\u0119dzie to okazja do poznania i w\u0142\u0105czenia si\u0119 w ich funkcjonowanie lub przeniesienia na grunt swoich parafii.<br \/>\nSzczeg\u00f3\u0142owe informacje na stronie www.dmap.pl  (Duszpasterstwo M\u0119\u017cczyzn Archidiecezji Pozna\u0144skiej)<\/li><\/ol>\n\n\n\n<p>Zapraszam Wszystkich, M\u0119\u017cczyzn obowi\u0105zkowo!!!<br \/>\nDuszpasterz M\u0119\u017cczyzn <br \/>\nks. Marian Libera<\/p>\n","protected":false},"excerpt":{"rendered":"<p>XVI Archidiecezjalna Pielgrzymka M\u0119\u017cczyzn do Tulec niedziela 16 czerwca 2019r. g. 12.00 Has\u0142o: Z Maryj\u0105 w nowe czasy! Zapraszamy do w\u0142\u0105czania si\u0119 w organizacj\u0119, promocj\u0119, przygotowanie, wszystkie wsp\u00f3lnoty m\u0119skie oraz osoby zorganizowane wok\u00f3\u0142 inicjatyw skierowanych do m\u0119\u017cczyzn. Tuleckie spotkanie m\u0119\u017cczyzn, przed figur\u0105 Matki Bo\u017cej Tuleckiej to r\u00f3wnie\u017c pokazanie, jak r\u00f3\u017cnorodny, a silny jest Ko\u015bci\u00f3\u0142, dzi\u0119ki &#8230; <span class=\"more\"><a class=\"more-link\" href=\"https:\/\/www.chnk.pl\/?p=2340\">czytaj wi\u0119cej<\/a><\/span><\/p>\n","protected":false},"author":3,"featured_media":0,"comment_status":"open","ping_status":"open","sticky":false,"template":"","format":"standard","meta":{"ngg_post_thumbnail":0,"footnotes":""},"categories":[1],"tags":[],"_links":{"self":[{"href":"https:\/\/www.chnk.pl\/index.php?rest_route=\/wp\/v2\/posts\/2340"}],"collection":[{"href":"https:\/\/www.chnk.pl\/index.php?rest_route=\/wp\/v2\/posts"}],"about":[{"href":"https:\/\/www.chnk.pl\/index.php?rest_route=\/wp\/v2\/types\/post"}],"author":[{"embeddable":true,"href":"https:\/\/www.chnk.pl\/index.php?rest_route=\/wp\/v2\/users\/3"}],"replies":[{"embeddable":true,"href":"https:\/\/www.chnk.pl\/index.php?rest_route=%2Fwp%2Fv2%2Fcomments&post=2340"}],"version-history":[{"count":1,"href":"https:\/\/www.chnk.pl\/index.php?rest_route=\/wp\/v2\/posts\/2340\/revisions"}],"predecessor-version":[{"id":2341,"href":"https:\/\/www.chnk.pl\/index.php?rest_route=\/wp\/v2\/posts\/2340\/revisions\/2341"}],"wp:attachment":[{"href":"https:\/\/www.chnk.pl\/index.php?rest_route=%2Fwp%2Fv2%2Fmedia&parent=2340"}],"wp:term":[{"taxonomy":"category","embeddable":true,"href":"https:\/\/www.chnk.pl\/index.php?rest_route=%2Fwp%2Fv2%2Fcategories&post=2340"},{"taxonomy":"post_tag","embeddable":true,"href":"https:\/\/www.chnk.pl\/index.php?rest_route=%2Fwp%2Fv2%2Ftags&post=2340"}],"curies":[{"name":"wp","href":"https:\/\/api.w.org\/{rel}","templated":true}]}}