{"id":2337,"date":"2019-06-01T17:33:27","date_gmt":"2019-06-01T17:33:27","guid":{"rendered":"http:\/\/www.chnk.pl\/?p=2337"},"modified":"2019-06-01T17:33:27","modified_gmt":"2019-06-01T17:33:27","slug":"7-niedziela-wielkanocna","status":"publish","type":"post","link":"https:\/\/www.chnk.pl\/?p=2337","title":{"rendered":"7 Niedziela Wielkanocna"},"content":{"rendered":"\n<p>OG\u0141OSZENIA DUSZPASTERSKIE<br \/>\nNIEDZIELA VII WIELKANOCY<br \/>\nWNIEBOWST\u0104PIENIE PA\u0143SKIE<br \/>\n                                                                              2 czerwca 2019 r.<\/p>\n\n\n\n<ol><li>Prze\u017cyli\u015bmy radosn\u0105 Uroczysto\u015b\u0107 Nawiedzenia Matki Bo\u017cej w naszej Parafii. Szczere podzi\u0119kowania Parafianom, za liczny i g\u0142\u0119boko duchowy udzia\u0142 w rekolekcjach przygotowuj\u0105cych Nawiedzenie i udzia\u0142 w samej Uroczysto\u015bci. B\u00f3g zap\u0142a\u0107 za udekorowane okien i za flagowanie. Za przyczyn\u0105 Matki Bo\u017cej Pan B\u00f3g pob\u0142ogos\u0142awi\u0142 na pi\u0119kn\u0105 pogod\u0105, co sprzyja\u0142o radosnemu witaniu Matki Bo\u017cej, ca\u0142odobowemu czuwaniu przy Jasnog\u00f3rskiej Ikonie oraz  pe\u0142nemu nostalgii po\u017cegnaniu. Niech o\u017cywienie duchowe i  podj\u0119te zobowi\u0105zania, b\u0119d\u0105 w nas trwa\u0142e i przynosz\u0105 owoce w \u017cyciu rodzinnym i parafialnym. Parafian, kt\u00f3rzy chcieliby podzieli\u0107 si\u0119 swoimi refleksjami do gazetki i do kroniki parafialnej prosimy o pisemne \u015bwiadectwo. Mo\u017cna je z\u0142o\u017cy\u0107 w kopercie w czasie niedzielnej mszy \u015bw. Dyskrecja zapewniona.<\/li><li>W najbli\u017cszy poniedzia\u0142ek biuro parafialne b\u0119dzie nieczynne.<\/li><li>Kr\u0105g Biblijny w \u015brod\u0119 o godz. 18.45 w salce parafialnej (po wieczornej mszy \u015bw.)<\/li><li>W czwartek adoracja Naj\u015bwi\u0119tszego Sakramentu od godz. 8.00 do 10.30 w intencji poszanowania \u017cycia ludzkiego od pocz\u0119cia do naturalnej \u015bmierci i w intencji powo\u0142a\u0144. Miesi\u0119czna spowied\u017a i komunia \u015bw. dla klas: 4, 5 i 6 w pi\u0105tek od godz. 15.00, msza \u015bw. pierwszopi\u0105tkowa o godz. 18.00. Odwiedzimy chorych z sakramentami \u015bw. w sobot\u0119,            8 czerwca i w pi\u0105tek 14 czerwca, wed\u0142ug sta\u0142ego porz\u0105dku. Nowe zg\u0142oszenia w zakrystii.<\/li><li>Rocznica I Komunii \u015bw. w czwartek, 6 czerwca br. na mszy \u015bw. o godz. 19.15. Dzieci uczestnicz\u0105 w strojach pierwszokomunijnych lub innych od\u015bwi\u0119tnych ubraniach. Na t\u0119 uroczyst\u0105 msz\u0119 \u015bw. dzieci przynosz\u0105 ksi\u0105\u017ceczki pierwszopi\u0105tkowe.  Okazja do spowiedzi \u015bw. dla tych dzieci we wtorek od godz. 16.00 do 17.30.<\/li><li>Bia\u0142y Tydzie\u0144 od poniedzia\u0142ku do pi\u0105tku. Msza \u015bw. o godz. 18.00.<\/li><li>Zbli\u017ca si\u0119 Uroczysto\u015b\u0107 Bo\u017cego Cia\u0142a.  Prosimy, aby o\u0142tarze przygotowali: I &#8211; Rodzice dzieci klas trzecich. II &#8211; Rodzice ministrant\u00f3w  III &#8211; M\u0142odzie\u017c i m\u0142ode ma\u0142\u017ce\u0144stwa, IV &#8211; Wsp\u00f3lnoty R\u00f3\u017ca\u0144cowe.<\/li><li>Zach\u0119camy do czytania prasy katolickiej. Przy zakrystii: Przewodnik Katolicki, Ma\u0142y Przewodnik Katolicki, Go\u015b\u0107 Niedzielny, Ziarno, gazetka parafialna, dla przedszkolak\u00f3w Ola i Ja\u015b.<\/li><li>M\u00f3dlmy si\u0119 za zmar\u0142ych Parafian. Za dusz\u0119 \u015bp. Danuty St\u0119pniak, os. Lecha 16. Pogrzeb we wtorek o godz.11.30 na cmentarzu g\u00f3rczy\u0144skim, msza \u015bw. pogrzebowa w Parafii w \u015arodzie Wielkopolskiej). Wieczny odpoczynek raz zmar\u0142ym da\u0107 Panie.     <\/li><\/ol>\n","protected":false},"excerpt":{"rendered":"<p>OG\u0141OSZENIA DUSZPASTERSKIE NIEDZIELA VII WIELKANOCY WNIEBOWST\u0104PIENIE PA\u0143SKIE 2 czerwca 2019 r. Prze\u017cyli\u015bmy radosn\u0105 Uroczysto\u015b\u0107 Nawiedzenia Matki Bo\u017cej w naszej Parafii. Szczere podzi\u0119kowania Parafianom, za liczny i g\u0142\u0119boko duchowy udzia\u0142 w rekolekcjach przygotowuj\u0105cych Nawiedzenie i udzia\u0142 w samej Uroczysto\u015bci. B\u00f3g zap\u0142a\u0107 za udekorowane okien i za flagowanie. Za przyczyn\u0105 Matki Bo\u017cej Pan B\u00f3g pob\u0142ogos\u0142awi\u0142 na pi\u0119kn\u0105 &#8230; <span class=\"more\"><a class=\"more-link\" href=\"https:\/\/www.chnk.pl\/?p=2337\">czytaj wi\u0119cej<\/a><\/span><\/p>\n","protected":false},"author":3,"featured_media":0,"comment_status":"open","ping_status":"open","sticky":false,"template":"","format":"standard","meta":{"ngg_post_thumbnail":0,"footnotes":""},"categories":[1],"tags":[],"_links":{"self":[{"href":"https:\/\/www.chnk.pl\/index.php?rest_route=\/wp\/v2\/posts\/2337"}],"collection":[{"href":"https:\/\/www.chnk.pl\/index.php?rest_route=\/wp\/v2\/posts"}],"about":[{"href":"https:\/\/www.chnk.pl\/index.php?rest_route=\/wp\/v2\/types\/post"}],"author":[{"embeddable":true,"href":"https:\/\/www.chnk.pl\/index.php?rest_route=\/wp\/v2\/users\/3"}],"replies":[{"embeddable":true,"href":"https:\/\/www.chnk.pl\/index.php?rest_route=%2Fwp%2Fv2%2Fcomments&post=2337"}],"version-history":[{"count":1,"href":"https:\/\/www.chnk.pl\/index.php?rest_route=\/wp\/v2\/posts\/2337\/revisions"}],"predecessor-version":[{"id":2338,"href":"https:\/\/www.chnk.pl\/index.php?rest_route=\/wp\/v2\/posts\/2337\/revisions\/2338"}],"wp:attachment":[{"href":"https:\/\/www.chnk.pl\/index.php?rest_route=%2Fwp%2Fv2%2Fmedia&parent=2337"}],"wp:term":[{"taxonomy":"category","embeddable":true,"href":"https:\/\/www.chnk.pl\/index.php?rest_route=%2Fwp%2Fv2%2Fcategories&post=2337"},{"taxonomy":"post_tag","embeddable":true,"href":"https:\/\/www.chnk.pl\/index.php?rest_route=%2Fwp%2Fv2%2Ftags&post=2337"}],"curies":[{"name":"wp","href":"https:\/\/api.w.org\/{rel}","templated":true}]}}