{"id":2334,"date":"2019-05-25T13:14:22","date_gmt":"2019-05-25T13:14:22","guid":{"rendered":"http:\/\/www.chnk.pl\/?p=2334"},"modified":"2019-05-25T13:14:22","modified_gmt":"2019-05-25T13:14:22","slug":"6-niedziela-wielkanocna-2","status":"publish","type":"post","link":"https:\/\/www.chnk.pl\/?p=2334","title":{"rendered":"6 Niedziela Wielkanocna"},"content":{"rendered":"\n<p>OG\u0141OSZENIA DUSZPASTERSKIE<br \/>\nNIEDZIELA VI WIELKANOCNA<br \/>\n26 maja 2019 r.<\/p>\n\n\n\n<ol><li>Kalendarz liturgiczny: poniedzia\u0142ek \u2013 \u015bw. Augustyna z Canterbury, \u015broda \u2013 \u015bw. Urszuli Led\u00f3chowskiej, patronki archidiecezji, czwartek \u2013 \u015bw. Jana Sankandra, pi\u0105tek \u2013 \u015bwi\u0119to Nawiedzenia NMP.<\/li><li>Nabo\u017ce\u0144stwa majowe do pi\u0105tku o godz. 17.30. \u015arodowa nowenna do Matki Bo\u017cej Nieustaj\u0105cej Pomocy razem z majowym nabo\u017ce\u0144stwem.<\/li><li>W poniedzia\u0142ek, wtorek i \u015brod\u0119 kwartalne dni modlitwy o dobre urodzaje i za kraje g\u0142oduj\u0105ce. W \u015brod\u0119 po mszy \u015bw. porannej procesja b\u0142agalna do krzy\u017ca i litania do \u015awi\u0119tych.<\/li><li>Kr\u0105g Biblijny w \u015brod\u0119 o godz. 19.00 w salce parafialnej.<\/li><li>W tym tygodniu : I sobota miesi\u0105ca. Nabo\u017ce\u0144stwo do Niepokalanego Serca Matki Bo\u017cej o godz. 7.15. Odwiedzimy chorych z sakramentami \u015bw. w pi\u0105tek 14 czerwca i sobot\u0119 8 czerwca o zwyk\u0142ej porze. Nowe zg\u0142oszenia w zakrystii. Zapraszamy ma\u0142\u017ce\u0144stwa na \u201espotkania w drodze\u201d. W najbli\u017csz\u0105 sobot\u0119  spotkanie w salce o godz. 19.00.<\/li><li>Dzieci pierwszokomunijne \u2013 pr\u00f3by liturgiczne w czwartek i pi\u0105tek o godz. 16.00, rozpocz\u0119cie przy krzy\u017cu.  Spowied\u017a \u015bw. dzieci w sobot\u0119: ch\u0142opcy o godz. 9.00, dziewczynki o godz. 9.45. Spowied\u017a \u015bw. dla rodzin w sobot\u0119 od godz. 16.00 do 18.00. Dekorowanie ko\u015bcio\u0142a przez rodzic\u00f3w w pi\u0105tek o godz. 19.00.<\/li><li>W przysz\u0142\u0105 niedziel\u0119, w uroczysto\u015b\u0107 Wniebowst\u0105pienia Pa\u0144skiego, 2 czerwca, o godz. 11.00, dzieci przyst\u0105pi\u0105 do I Komunii \u015bw. Prosimy wszystkich zwykle uczestnicz\u0105cych            we mszy \u015bw. o godz. 11.15, aby w przysz\u0142\u0105 niedziel\u0119 wybrali inn\u0105 godzin\u0119.<\/li><li>Rocznica I Komunii \u015bw. w czwartek, 6 czerwca na mszy \u015bw. o godz. 19.15. Zebranie rodzic\u00f3w tych dzieci w najbli\u017csz\u0105 \u015brod\u0119, 29 maja, o godz. 19.00 w ko\u015bciele.<\/li><li>Odpust w Parafii Nawiedzenia NMP w \u015brod\u0119. Suma odpustowa o godz. 19.00.<\/li><li>W przysz\u0142\u0105 niedziel\u0119, 2 czerwca br., b\u0119dziemy \u015bwi\u0119towa\u0107 Dzie\u0144 Dzi\u0119kczynienia. Zawierzymy si\u0119 Bo\u017cej Opatrzno\u015bci i b\u0119dziemy dzi\u0119kowa\u0107 za odzyskanie niepodleg\u0142o\u015bci. Przed ko\u015bcio\u0142em mo\u017cliwo\u015b\u0107 z\u0142o\u017cenia ofiary na budow\u0119 \u015awi\u0105tyni Opatrzno\u015bci Bo\u017cej w Warszawie.<\/li><li>B\u00f3g zap\u0142a\u0107 za ofiary na danin\u0119 diecezjaln\u0105 i doposa\u017canie naszego ko\u015bcio\u0142a<\/li><li>Zach\u0119camy do czytania prasy religijnej. Przy zakrystii:Przewodnik Katolicki, Nasza Droga Droga (dwutygodnik dla m\u0142odzie\u017cy), Ma\u0142y przewodnik Katolicki, Ola i Ja\u015b (dla przedszkolak\u00f3w), Go\u015b\u0107 Niedzielny, Egzorcysta i gazetka parafialna.<\/li><\/ol>\n\n\n\n<p>W LIPCU I SIERPNIU<br \/>\nNIE B\u0118DZIE<br \/>\nMSZY \u015aW. NIEDZIELNEJ<br \/>\nO GODZ. 12.30.<\/p>\n\n\n\n<p>W LIPCU I SIERPNIU<br \/>\nCHRZEST NA MSZY \u015aW. O GODZ. 11.15<br \/>\nW DRUG\u0104 I CZWART\u0104 NIEDZIEL\u0118 MIESI\u0104CA<\/p>\n","protected":false},"excerpt":{"rendered":"<p>OG\u0141OSZENIA DUSZPASTERSKIE NIEDZIELA VI WIELKANOCNA 26 maja 2019 r. Kalendarz liturgiczny: poniedzia\u0142ek \u2013 \u015bw. Augustyna z Canterbury, \u015broda \u2013 \u015bw. Urszuli Led\u00f3chowskiej, patronki archidiecezji, czwartek \u2013 \u015bw. Jana Sankandra, pi\u0105tek \u2013 \u015bwi\u0119to Nawiedzenia NMP. Nabo\u017ce\u0144stwa majowe do pi\u0105tku o godz. 17.30. \u015arodowa nowenna do Matki Bo\u017cej Nieustaj\u0105cej Pomocy razem z majowym nabo\u017ce\u0144stwem. W poniedzia\u0142ek, wtorek &#8230; <span class=\"more\"><a class=\"more-link\" href=\"https:\/\/www.chnk.pl\/?p=2334\">czytaj wi\u0119cej<\/a><\/span><\/p>\n","protected":false},"author":3,"featured_media":0,"comment_status":"open","ping_status":"open","sticky":false,"template":"","format":"standard","meta":{"ngg_post_thumbnail":0,"footnotes":""},"categories":[1],"tags":[],"_links":{"self":[{"href":"https:\/\/www.chnk.pl\/index.php?rest_route=\/wp\/v2\/posts\/2334"}],"collection":[{"href":"https:\/\/www.chnk.pl\/index.php?rest_route=\/wp\/v2\/posts"}],"about":[{"href":"https:\/\/www.chnk.pl\/index.php?rest_route=\/wp\/v2\/types\/post"}],"author":[{"embeddable":true,"href":"https:\/\/www.chnk.pl\/index.php?rest_route=\/wp\/v2\/users\/3"}],"replies":[{"embeddable":true,"href":"https:\/\/www.chnk.pl\/index.php?rest_route=%2Fwp%2Fv2%2Fcomments&post=2334"}],"version-history":[{"count":1,"href":"https:\/\/www.chnk.pl\/index.php?rest_route=\/wp\/v2\/posts\/2334\/revisions"}],"predecessor-version":[{"id":2335,"href":"https:\/\/www.chnk.pl\/index.php?rest_route=\/wp\/v2\/posts\/2334\/revisions\/2335"}],"wp:attachment":[{"href":"https:\/\/www.chnk.pl\/index.php?rest_route=%2Fwp%2Fv2%2Fmedia&parent=2334"}],"wp:term":[{"taxonomy":"category","embeddable":true,"href":"https:\/\/www.chnk.pl\/index.php?rest_route=%2Fwp%2Fv2%2Fcategories&post=2334"},{"taxonomy":"post_tag","embeddable":true,"href":"https:\/\/www.chnk.pl\/index.php?rest_route=%2Fwp%2Fv2%2Ftags&post=2334"}],"curies":[{"name":"wp","href":"https:\/\/api.w.org\/{rel}","templated":true}]}}