{"id":2332,"date":"2019-05-25T13:09:16","date_gmt":"2019-05-25T13:09:16","guid":{"rendered":"http:\/\/www.chnk.pl\/?p=2332"},"modified":"2019-05-25T13:09:16","modified_gmt":"2019-05-25T13:09:16","slug":"archidiecezjalny-marsz-dla-zycia","status":"publish","type":"post","link":"https:\/\/www.chnk.pl\/?p=2332","title":{"rendered":"Archidiecezjalny Marsz dla \u017bycia"},"content":{"rendered":"\n<p><br \/><\/p>\n\n\n\n<p>Archidiecezjalny Marsz dla \u017bycia pod has\u0142em \u201eJestem tu!\u201d przejdzie ulicami Poznania w niedziel\u0119, 9 czerwca. Spotkanie rozpocznie o godz. 14:30 festyn rodzinny na pl. Wolno\u015bci. O godz. 15:45 wyruszymy w kierunku Katedry Pozna\u0144skiej. Na zako\u0144czenie Msza \u015bw. Zach\u0119camy do w\u0142\u0105czenia si\u0119 w promocj\u0119 wydarzenia w\u015br\u00f3d znajomych. Poka\u017cmy, \u017ce rodzina i \u017cycie ka\u017cdego z nas to dla nas warto\u015bci fundamentalne!<br \/>\nPatronat Honorowy nad Marszem obj\u0119li JE ks. abp Stanis\u0142aw G\u0105decki Metropolita Pozna\u0144ski i Wojewoda Wielkopolski.<\/p>\n\n\n\n<p>Informacji udzielaj\u0105:<br \/> ks. Micha\u0142 Zamelek (x.michal.zamelek@poznan.ksm.org.pl)<br \/> Tomasz Kasprzak (tomasz.kasprzak@poznan.ksm.org.pl)<br \/><br \/><\/p>\n\n\n\n<p>Wi\u0119cej na stroniewww.marszdlazycia.pl<\/p>\n","protected":false},"excerpt":{"rendered":"<p>Archidiecezjalny Marsz dla \u017bycia pod has\u0142em \u201eJestem tu!\u201d przejdzie ulicami Poznania w niedziel\u0119, 9 czerwca. Spotkanie rozpocznie o godz. 14:30 festyn rodzinny na pl. Wolno\u015bci. O godz. 15:45 wyruszymy w kierunku Katedry Pozna\u0144skiej. Na zako\u0144czenie Msza \u015bw. Zach\u0119camy do w\u0142\u0105czenia si\u0119 w promocj\u0119 wydarzenia w\u015br\u00f3d znajomych. Poka\u017cmy, \u017ce rodzina i \u017cycie ka\u017cdego z nas to &#8230; <span class=\"more\"><a class=\"more-link\" href=\"https:\/\/www.chnk.pl\/?p=2332\">czytaj wi\u0119cej<\/a><\/span><\/p>\n","protected":false},"author":3,"featured_media":0,"comment_status":"open","ping_status":"open","sticky":false,"template":"","format":"standard","meta":{"ngg_post_thumbnail":0,"footnotes":""},"categories":[1],"tags":[],"_links":{"self":[{"href":"https:\/\/www.chnk.pl\/index.php?rest_route=\/wp\/v2\/posts\/2332"}],"collection":[{"href":"https:\/\/www.chnk.pl\/index.php?rest_route=\/wp\/v2\/posts"}],"about":[{"href":"https:\/\/www.chnk.pl\/index.php?rest_route=\/wp\/v2\/types\/post"}],"author":[{"embeddable":true,"href":"https:\/\/www.chnk.pl\/index.php?rest_route=\/wp\/v2\/users\/3"}],"replies":[{"embeddable":true,"href":"https:\/\/www.chnk.pl\/index.php?rest_route=%2Fwp%2Fv2%2Fcomments&post=2332"}],"version-history":[{"count":1,"href":"https:\/\/www.chnk.pl\/index.php?rest_route=\/wp\/v2\/posts\/2332\/revisions"}],"predecessor-version":[{"id":2333,"href":"https:\/\/www.chnk.pl\/index.php?rest_route=\/wp\/v2\/posts\/2332\/revisions\/2333"}],"wp:attachment":[{"href":"https:\/\/www.chnk.pl\/index.php?rest_route=%2Fwp%2Fv2%2Fmedia&parent=2332"}],"wp:term":[{"taxonomy":"category","embeddable":true,"href":"https:\/\/www.chnk.pl\/index.php?rest_route=%2Fwp%2Fv2%2Fcategories&post=2332"},{"taxonomy":"post_tag","embeddable":true,"href":"https:\/\/www.chnk.pl\/index.php?rest_route=%2Fwp%2Fv2%2Ftags&post=2332"}],"curies":[{"name":"wp","href":"https:\/\/api.w.org\/{rel}","templated":true}]}}