{"id":2323,"date":"2019-05-11T17:00:15","date_gmt":"2019-05-11T17:00:15","guid":{"rendered":"http:\/\/www.chnk.pl\/?p=2323"},"modified":"2019-05-11T17:00:15","modified_gmt":"2019-05-11T17:00:15","slug":"4-niedziela-wielkanocna-2","status":"publish","type":"post","link":"https:\/\/www.chnk.pl\/?p=2323","title":{"rendered":"4 Niedziela Wielkanocna"},"content":{"rendered":"\n<p>OG\u0141OSZENIA DUSZPASTERSKIE<br \/>\nNIEDZIELA IV WIELKANOCNA<br \/>\n12 maja 2019 r.<\/p>\n\n\n\n<ol><li>Kalendarz liturgiczny:<br \/>\nponiedzia\u0142ek \u2013 Naj\u015bw. Mary Panny Fatimskiej, wtorek \u2013 \u015bw. Macieja, czwartek  \u2013 \u015bw. Andrzeja Boboli, sobota \u2013  \u015bw. Jana I, papie\u017ca i m\u0119czennika .<\/li><li>Dzisiaj, Niedziel\u0105 Dobrego Pasterza\u201d rozpoczynamy \u015awiatowy Tydzie\u0144 Modlitw o Powo\u0142ania. Za przyczyn\u0105 Kr\u00f3lowej Aposto\u0142\u00f3w prosimy Pana Jezusa o nowe,  \u015bwi\u0119te powo\u0142ania do kap\u0142a\u0144stwa i \u017cycia konsekrowanego.<\/li><li>W najbli\u017csz\u0105 sobot\u0119 18 maja, rozpoczyna si\u0119 w naszej Archidiecezji Nawiedzeni Obrazu Matki Bo\u017cej Jasnog\u00f3rskiej. Uroczysta inauguracja odb\u0119dzie si\u0119 przy ko\u015bciele Nawiedzenia Naj\u015bw. Maryi Panny na Os. Bohater\u00f3w II Wojny \u015awiatowej o godz. 12.00 z udzia\u0142em Episkopatu Polski. Na uroczysto\u015b\u0107 udamy si\u0119 w parafialnej pielgrzymce, kt\u00f3ra wyruszy sprzed naszego ko\u015bcio\u0142a o godz. 10.00. (mo\u017cna zabra\u0107 siedziska). Od godziny 10.00 na placu przed ko\u015bcio\u0142em pw. Nawiedzenia NMP trwa\u0107 b\u0119dzie czuwanie modlitewne i muzyczne. Prosimy, aby przyby\u0107 na miejsce uroczysto\u015bci najp\u00f3\u017aniej do godziny 11.15. O godzinie 11.45 rozpocznie si\u0119 formowanie procesji oraz przyjazd samochodu kaplicy z Ikon\u0105 Jasnog\u00f3rsk\u0105. O godzinie 12.00 przez 3 minuty b\u0119d\u0105 bi\u0142y dzwony ko\u015bcio\u0142\u00f3w w ca\u0142ej Archidiecezji Pozna\u0144skiej, nast\u0119pnie rozpocznie si\u0119 wprowadzenie Ikony Matki Bo\u017cej na plac, powitanie i uroczysta Eucharystia. Przewidywane zako\u0144czenie uroczysto\u015bci oko\u0142o godziny 14.00. Kolekta zebrana w czasie Mszy \u015awi\u0119tej zostanie przekazana jako wsparcie dla Domu Samotnej Matki im. \u015aw. Siostry Faustyny Kowalskiej, kt\u00f3ry prowadz\u0105 Siostry Matki Bo\u017cej Mi\u0142osierdzia w Poznaniu \u2013 Kiekrzu. Wierni b\u0119d\u0105 mogli na placu zakupi\u0107 pami\u0105tki, dewocjonalia i religijne wydawnictwa ksi\u0105\u017ckowe. B\u0119dzie przygotowane stoisko z wod\u0105 i lekka gastronomia. Na placu i w jego obr\u0119bie ustawione zostan\u0105 przeno\u015bne WC. Miejski projekt zmiany organizacji ruchu w tym dniu w cz\u0119\u015bci odcinka Rataje b\u0119dzie dost\u0119pny na stronie internetowej archidiecezji. Pielgrzym\u00f3w indywidualnych przybywaj\u0105cych z Poznania prosimy                       o przyjazd na miejsce uroczysto\u015bci komunikacj\u0105 miejsk\u0105. NIE PRZEWIDUJE SI\u0118 SPECJALNYCH PARKING\u00d3W DLA SAMOCHOD\u00d3W OSOBOWYCH. Wieczorem w sobot\u0119 rozpoczniemy Parafialne rekolekcje maryjne przygotowuj\u0105ce do Nawiedzenia Matki Bo\u017cej w naszej Parafii. Rekolekcje poprowadzi O. Wies\u0142aw Nazaruk, Oblat Nieokalanej. Pod ch\u00f3rem jest wy\u0142o\u017cony program uroczysto\u015bci i rekolekcji. W salce parafialnej materia\u0142y dekoracyjne na przyj\u0119cie matki Bo\u017cej.<\/li><li>Rocznica I Komunii \u015bw. w czwartek, 6 czerwca na mszy \u015bw. o godz. 19.15.<\/li><li>Zapraszamy na Kr\u0105g Biblijny w \u015brod\u0119 o godz. 19.00.<\/li><li>W czwartek spotkanie dzieci pierwszokomunijnych o godz. 16.45 w salce parafialnej. Dzieci przynosz\u0105 ksi\u0105\u017ceczki do nabo\u017ce\u0144stwa. W tym samym czasie spotkanie dla rodzic\u00f3w.<\/li><li>Zach\u0119camy do czytania prasy katolickiej. Przy zakrystii: Przewodnik Katolicki, Ma\u0142y Przewodnik Katolicki, Go\u015b\u0107 Niedzielny, Egzorcysta,, Ziarno, gazetka parafialna, Ola i Ja\u015b, Nasza Droga.<\/li><\/ol>\n","protected":false},"excerpt":{"rendered":"<p>OG\u0141OSZENIA DUSZPASTERSKIE NIEDZIELA IV WIELKANOCNA 12 maja 2019 r. Kalendarz liturgiczny: poniedzia\u0142ek \u2013 Naj\u015bw. Mary Panny Fatimskiej, wtorek \u2013 \u015bw. Macieja, czwartek \u2013 \u015bw. Andrzeja Boboli, sobota \u2013 \u015bw. Jana I, papie\u017ca i m\u0119czennika . Dzisiaj, Niedziel\u0105 Dobrego Pasterza\u201d rozpoczynamy \u015awiatowy Tydzie\u0144 Modlitw o Powo\u0142ania. Za przyczyn\u0105 Kr\u00f3lowej Aposto\u0142\u00f3w prosimy Pana Jezusa o nowe, \u015bwi\u0119te &#8230; <span class=\"more\"><a class=\"more-link\" href=\"https:\/\/www.chnk.pl\/?p=2323\">czytaj wi\u0119cej<\/a><\/span><\/p>\n","protected":false},"author":3,"featured_media":0,"comment_status":"open","ping_status":"open","sticky":false,"template":"","format":"standard","meta":{"ngg_post_thumbnail":0,"footnotes":""},"categories":[1],"tags":[],"_links":{"self":[{"href":"https:\/\/www.chnk.pl\/index.php?rest_route=\/wp\/v2\/posts\/2323"}],"collection":[{"href":"https:\/\/www.chnk.pl\/index.php?rest_route=\/wp\/v2\/posts"}],"about":[{"href":"https:\/\/www.chnk.pl\/index.php?rest_route=\/wp\/v2\/types\/post"}],"author":[{"embeddable":true,"href":"https:\/\/www.chnk.pl\/index.php?rest_route=\/wp\/v2\/users\/3"}],"replies":[{"embeddable":true,"href":"https:\/\/www.chnk.pl\/index.php?rest_route=%2Fwp%2Fv2%2Fcomments&post=2323"}],"version-history":[{"count":1,"href":"https:\/\/www.chnk.pl\/index.php?rest_route=\/wp\/v2\/posts\/2323\/revisions"}],"predecessor-version":[{"id":2324,"href":"https:\/\/www.chnk.pl\/index.php?rest_route=\/wp\/v2\/posts\/2323\/revisions\/2324"}],"wp:attachment":[{"href":"https:\/\/www.chnk.pl\/index.php?rest_route=%2Fwp%2Fv2%2Fmedia&parent=2323"}],"wp:term":[{"taxonomy":"category","embeddable":true,"href":"https:\/\/www.chnk.pl\/index.php?rest_route=%2Fwp%2Fv2%2Fcategories&post=2323"},{"taxonomy":"post_tag","embeddable":true,"href":"https:\/\/www.chnk.pl\/index.php?rest_route=%2Fwp%2Fv2%2Ftags&post=2323"}],"curies":[{"name":"wp","href":"https:\/\/api.w.org\/{rel}","templated":true}]}}