{"id":2321,"date":"2019-05-11T14:14:09","date_gmt":"2019-05-11T14:14:09","guid":{"rendered":"http:\/\/www.chnk.pl\/?p=2321"},"modified":"2019-05-11T14:14:09","modified_gmt":"2019-05-11T14:14:09","slug":"nawiedzenie-matki-bozej-jasnogorskiej","status":"publish","type":"post","link":"https:\/\/www.chnk.pl\/?p=2321","title":{"rendered":"Nawiedzenie Matki Bo\u017cej Jasnog\u00f3rskiej"},"content":{"rendered":"\n<p>NAWIEDZENIE MATKI BO\u017bEJ JASNOG\u00d3RSKIEJ  W ARCHIDIECEZJI POZNA\u0143SKIEJ                                              \u201eZ MARYJ\u0104 W NOWE CZASY\u201d<br \/> Pocz\u0105tek Nawiedzenia w sobot\u0119 18 maja o godz. 12.00,  przy ko\u015bciele Nawiedzenia NMP na os. Bohater\u00f3w II Wojny \u015awiatowej. Wsp\u00f3lne wyj\u015bcie sprzed naszego ko\u015bcio\u0142a                  o godz. 10.00. Mo\u017cna zabra\u0107 siedziska (nie b\u0119dzie \u0142awek).<br \/>   REKOLEKCJE W PAR. CHRYSTUSA NAJW. KAP\u0141ANA W POZNANIU, PRZED NAWIEDZENIEM MATKI BO\u017bEJ<br \/> O. Wies\u0142aw Nazaruk OMI<br \/> Niedziela 19.5.<br \/> Nauki og\u00f3lne w czasie Mszy \u015bwi\u0119tej: sob. godz.18.00, niedz.               <br \/> godz. 8.00, 9.30, 11.15, 12.30 i 18.00. Nabo\u017ce\u0144stwo Majowe              o godz. 17.30<br \/> Apel Jasnog\u00f3rski o godz. 20.30<br \/> Poniedzia\u0142ek,  20.5.                                                                                                                                                                                          <br \/> Modlitwy poranne o godz. 7.45<br \/> Nauka og\u00f3lna w czasie Mszy \u015bw. o godz. 8.00                                                                                                                                          <br \/> Nabo\u017ce\u0144stwo Majowe o godz. 17.30<br \/> Msza \u015bw. z nauk\u0105 og\u00f3ln\u0105 o godz. 18.00<br \/> Nauka stanowa dla kobiet o godz. 19.00 (po Mszy \u015bw.)<br \/> Wystawienie Naj\u015bw. Sakramentu po nauce stanowej do 20.30<br \/> Apel Jasnog\u00f3rski o godz. 20.30<br \/> Wtorek, 21.5.                                                                                                                                                                                        <br \/> R\u00f3\u017caniec do Matki Bo\u017cej Bolesnej o godz. 7.30<br \/> Msza \u015bw. z nauk\u0105 og\u00f3ln\u0105 o godz. 8.00                                                                                                                                                        <br \/> R\u00f3\u017caniec wynagradzaj\u0105cy za znies\u0142awianie Matki Bo\u017cej Jasnog\u00f3rskiej o godz. 17.15<br \/> Msza \u015bw. z nauk\u0105 og\u00f3ln\u0105 o godz. 18.00<br \/> Nauka stanowa dla m\u0119\u017cczyzn o godz. 19.00 (po Mszy \u015bw.)<br \/> Wystawienie Naj\u015bw. Sakramentu po nauce stanowej do godz. 20.30. Apel Jasnog\u00f3rski o godz. 20.30<\/p>\n\n\n\n<p>\u015aroda, 23.5.                                                                                                                                                                                                             <br \/>\nNowenna do MB Nieustaj\u0105cej Pomocy o godz. 7.40   <br \/>\nMsza \u015bw. z nauk\u0105 og\u00f3ln\u0105 o godz. 8.00<br \/>\nSpowied\u017a \u015bw. od godz. 9.00 do 10.00<br \/>\nSpowied\u017a \u015bw. od godz.16.00 do 18.00                                                                                                                                                                          <br \/>\nNabo\u017ce\u0144stwo Majowe o godz. 17.30<br \/>\nMsza \u015bw. z nauk\u0105 rekolekcyjn\u0105 o godz. 18.00<br \/>\nWystawienie Naj\u015bw. Sakramentu -Adoracja do godz.20.30<br \/>\nApel Jasnog\u00f3rski o godz. 20.30.<\/p>\n\n\n\n<p>25 MAJA 2019 R. &#8211; DZIE\u0143 NAWIEDZENIA<br \/>\nSOBOTA 25.5.<br \/>\nNabo\u017ce\u0144stwo Przygotowania godz. 16.00.<br \/>\nProcesja na miejsce oczekiwania godz. 16.30 (W szczycie wej\u015bcia 122, na placu przy przychodni lekarskiej, w kierunku przej\u015bcia podziemnego na os. Czecha)<br \/>\nPrzybycie Obrazu Matki Bo\u017cej Jasnog\u00f3rskiej z Parafii \u015bw. Marka, Powitanie Matki Bo\u017cej i procesja do ko\u015bcio\u0142a pod przewodnictwem Ks. Biskupa godz. 17.00<br \/>\nMsza \u015bw. celebrowana przez Ks. Biskupa o godz. 18.00<br \/>\nR\u00f3\u017caniec godz. 20.00<br \/>\nApel Jasnog\u00f3rski godz. 21.00<br \/>\nCzuwanie modlitewne m\u0142odzie\u017cy godz. 22.00<br \/>\nModlitwa za zmar\u0142ych Parafian godz. 23.00<br \/>\nPasterka Maryjna koncelebrowana przez ksi\u0119\u017cy pochodz\u0105cych i kiedy\u015b pracuj\u0105cych w naszej Parafii godz. 24.00<br \/>\nCzuwanie indywidualne blokami:<br \/>\ngodz. 1.00 do 2.00 Parafianie z blok\u00f3w 15 do 20 i 39<br \/>\ngodz. 2.00 do 3.00 Parafianie z blok\u00f3w 122 do 129 , 40 i 42<br \/>\ngodz. 3.00 do 4.00 Parafianie z blok\u00f3w czteropi\u0119trowych<br \/>\ngodz. 4.00 do 5.00 bloki 39, 40, 42<br \/>\ngodz. 5.00 do 6.00 Rodzice i bliscy m\u0142odzie\u017cy maturalnej, o\u015bmioklasist\u00f3w, kandydat\u00f3w do bierzmowania i dzieci pierwszokomunijnych<br \/>\ngodz. 6.00 do 7.00 \u017bywy R\u00f3\u017caniec<br \/>\ngodz. 7.30 Godzinki o Niepokalanym Pocz\u0119ciu Matki Bo\u017cej<br \/>\ngodz. 8.00 Msza \u015bw. og\u00f3lna<br \/>\ngodz. 9.30 Msza \u015bw. dla chorych z udzielaniem sakramentu chorych<br \/>\ngodz. 11.15 Msza \u015bw. og\u00f3lna<br \/>\ngodz.12.30 Msza \u015bw. z udzia\u0142em dzieci, z b\u0142ogos\u0142awie\u0144stwem ma\u0142ych dzieci i b\u0142ogos\u0142awie\u0144stwem dla matek oczekuj\u0105cych narodzenia dziecka<br \/>\ngodz. 13.30 czuwanie indywidualne<br \/>\ngodz. 15.00 Msza \u015bw. dzi\u0119kczynna za Nawiedzenie<br \/>\ngodz. 16.00 Nabo\u017ce\u0144stwo po\u017cegnalne i odprowadzenie Matki Bo\u017cej do samochodu-kaplicy przy bloku 42<br \/>\ngodz. 18.00 Msza \u015bw.<br \/>\ngodz. 21.00 Apel Jasnog\u00f3rski                                                                                                                                                                                                           \u2026\u2026\u2026\u2026\u2026\u2026\u2026\u2026\u2026\u2026\u2026\u2026\u2026\u2026\u2026\u2026\u2026\u2026\u2026\u2026\u2026\u2026\u2026\u2026\u2026\u2026\u2026<br \/>\nPlan Nawiedzenia nale\u017cy traktowa\u0107 jako \u015bwi\u0119te 24 godziny \u0142aski za przyczyn\u0105 Matki Bo\u017cej. Nie mo\u017cna zlekcewa\u017cy\u0107 tego parafialnego dnia uroczystej czci Matki Bo\u017cej Kr\u00f3lowej Polski. Przez ca\u0142y czas okazja do spowiedzi \u015bw. Wobec okazywanego publicznie nieuszanowania Naj\u015bwi\u0119tszej Naszej Matki dekoracje okien, flagowanie i wszelkie zewn\u0119trzne przejawy czci, a zw\u0142aszcza udzia\u0142 w Uroczysto\u015bci s\u0105 wr\u0119cz wymogiem tego trudnego czasu.<br \/>\nO Maryjo, Matko mi\u0142osierdzia, czuwaj nad wszystkimi, aby nie by\u0142 daremny Krzy\u017c Chrystusa, aby cz\u0142owiek nie zagubi\u0142 drogi dobra, nie utraci\u0142 \u015bwiadomo\u015bci grzechu i umia\u0142 coraz g\u0142\u0119biej ufa\u0107 Bogu i w ten spos\u00f3b \u017cy\u0142 \u201eku chwale Jego majestatu\u201d. Jan Pawe\u0142 II<\/p>\n","protected":false},"excerpt":{"rendered":"<p>NAWIEDZENIE MATKI BO\u017bEJ JASNOG\u00d3RSKIEJ W ARCHIDIECEZJI POZNA\u0143SKIEJ \u201eZ MARYJ\u0104 W NOWE CZASY\u201d Pocz\u0105tek Nawiedzenia w sobot\u0119 18 maja o godz. 12.00, przy ko\u015bciele Nawiedzenia NMP na os. Bohater\u00f3w II Wojny \u015awiatowej. Wsp\u00f3lne wyj\u015bcie sprzed naszego ko\u015bcio\u0142a o godz. 10.00. Mo\u017cna zabra\u0107 siedziska (nie b\u0119dzie \u0142awek). REKOLEKCJE W PAR. CHRYSTUSA NAJW. KAP\u0141ANA W POZNANIU, PRZED NAWIEDZENIEM &#8230; <span class=\"more\"><a class=\"more-link\" href=\"https:\/\/www.chnk.pl\/?p=2321\">czytaj wi\u0119cej<\/a><\/span><\/p>\n","protected":false},"author":3,"featured_media":0,"comment_status":"open","ping_status":"open","sticky":false,"template":"","format":"standard","meta":{"ngg_post_thumbnail":0,"footnotes":""},"categories":[1],"tags":[],"_links":{"self":[{"href":"https:\/\/www.chnk.pl\/index.php?rest_route=\/wp\/v2\/posts\/2321"}],"collection":[{"href":"https:\/\/www.chnk.pl\/index.php?rest_route=\/wp\/v2\/posts"}],"about":[{"href":"https:\/\/www.chnk.pl\/index.php?rest_route=\/wp\/v2\/types\/post"}],"author":[{"embeddable":true,"href":"https:\/\/www.chnk.pl\/index.php?rest_route=\/wp\/v2\/users\/3"}],"replies":[{"embeddable":true,"href":"https:\/\/www.chnk.pl\/index.php?rest_route=%2Fwp%2Fv2%2Fcomments&post=2321"}],"version-history":[{"count":1,"href":"https:\/\/www.chnk.pl\/index.php?rest_route=\/wp\/v2\/posts\/2321\/revisions"}],"predecessor-version":[{"id":2322,"href":"https:\/\/www.chnk.pl\/index.php?rest_route=\/wp\/v2\/posts\/2321\/revisions\/2322"}],"wp:attachment":[{"href":"https:\/\/www.chnk.pl\/index.php?rest_route=%2Fwp%2Fv2%2Fmedia&parent=2321"}],"wp:term":[{"taxonomy":"category","embeddable":true,"href":"https:\/\/www.chnk.pl\/index.php?rest_route=%2Fwp%2Fv2%2Fcategories&post=2321"},{"taxonomy":"post_tag","embeddable":true,"href":"https:\/\/www.chnk.pl\/index.php?rest_route=%2Fwp%2Fv2%2Ftags&post=2321"}],"curies":[{"name":"wp","href":"https:\/\/api.w.org\/{rel}","templated":true}]}}