{"id":2316,"date":"2019-05-04T14:46:10","date_gmt":"2019-05-04T14:46:10","guid":{"rendered":"http:\/\/www.chnk.pl\/?p=2316"},"modified":"2019-05-04T14:46:10","modified_gmt":"2019-05-04T14:46:10","slug":"3-niedziela-wielkanocna-2","status":"publish","type":"post","link":"https:\/\/www.chnk.pl\/?p=2316","title":{"rendered":"3 Niedziela Wielkanocna"},"content":{"rendered":"\n<p>OG\u0141OSZENIA DUSZPASTERSKIE<br \/>\nNIEDZIELA III WIELKANOCNA<br \/>\n 5 maja 2019 r.<\/p>\n\n\n\n<ol><li>Kalendarz liturgiczny: poniedzia\u0142ek \u2013 \u015bw. app. Filipa i Jakuba, \u015broda \u2013 \u015bw. Stanis\u0142awa biskupa i m\u0119czennika, g\u0142\u00f3wnego patrona Polski i Archidiecezji.<\/li><li>Nabo\u017ce\u0144stwa majowe codziennie o godz. 17.30. Prze\u017cywamy je jako jeden z element\u00f3w przygotowania do Nawiedzenia Matki Bo\u017cej. \u015arodowa nowenna do Matki Bo\u017cej Nieustaj\u0105cej Pomocy w razem z majowym nabo\u017ce\u0144stwem.<\/li><li>Zapraszamy na Kr\u0105g Biblijny w \u015brod\u0119 o godz. 19.00 do salki parafialnej.<\/li><li>Spotkanie wsp\u00f3lnoty r\u00f3\u017ca\u0144cowej w \u015brod\u0119 po wieczornej mszy \u015bw.<\/li><li>W czwartek o godz. 16.45 spotkanie dla dzieci pierwszokomunijnych w salce  parafialnej. Dzieci przynosz\u0105 ksi\u0105\u017ceczk\u0119 do nabo\u017ce\u0144stwa. W tym samym czasie spotkanie dla rodzic\u00f3w tych dzieci.<\/li><li>Zbli\u017ca si\u0119 Nawiedzenie Matki Bo\u017cej w Jej wizerunku Jasnog\u00f3rskim. Centralne uroczysto\u015bci rozpocz\u0119cia Nawiedzenia  odb\u0119d\u0105 si\u0119 w sobot\u0119 18 maja o godz. 12.00 przy ko\u015bciele Nawiedzenia NMP na os. Bohater\u00f3w II Wojny \u015awiatowej. Zarezerwujmy czas i ju\u017c dzisiaj podejmijmy decyzj\u0119 uczestniczenia  w tym spotkaniu z Matk\u0105 Bo\u017c\u0105. Przygotowaniem do Nawiedzenia w naszej Parafii b\u0119d\u0105 rekolekcje Maryjne, kt\u00f3re poprowadzi o. Wies\u0142aw Nazaruk, Oblat Niepokalanej. Pod ch\u00f3rem ksi\u0105\u017ceczki do zabrania przez parafian dla siebie i przekazania s\u0105siadom. Mo\u017ce warto w\u0142o\u017cy\u0107 je do skrzynki tym, kt\u00f3rzy s\u0105 nieobecni oraz zanie\u015b\u0107 osobom starszym. W przysz\u0142\u0105 niedziele w salce parafialnej flagi z drzewcami, plakaty i chor\u0105giewki dla dzieci na procesyjne powitanie Matki Bo\u017cej.<\/li><li>Odwiedziny chorych i z sakramentami \u015bw. w pi\u0105tek i sobot\u0119 wed\u0142ug sta\u0142ego planu. Nowe zg\u0142oszenia w zakrystii.<\/li><li>W ramach VERBA SACRA rozpocz\u0105\u0142 si\u0119 nowy cykl \u2013 Biblia Trzeciego Tysi\u0105clecia. Wyst\u0105pi aktor Teatru Polskiego w Warszawie Szymon Ku\u015bmider. Zapraszamy do Katedry w niedziel\u0119 12 maja o godz. 17:00. Wst\u0119p wolny.<\/li><li>B\u00f3g zap\u0142a\u0107 za ofiary na danin\u0119 diecezjaln\u0105 i doposa\u017canie naszego ko\u015bcio\u0142a i za ofiary z\u0142o\u017cone w Tygodniu Mi\u0142osierdzia. Dzisiaj przed ko\u015bcio\u0142em ofiary na Seminarium.<\/li><li>Zach\u0119camy do czytania prasy katolickiej. Przy zakrystii: Przewodnik Katolicki (\u2026) Go\u015b\u0107 Niedzielny, Droga, Ja\u015b, Ziarno, gazetka parafialna. S\u0142uchaj na antenie i w internecie Dobrego Radia \u201eEmaus\u201d &#8211; www.radioemaus.pl.<\/li><li>M\u00f3dlmy si\u0119 za zmar\u0142ych parafian. Za dusz\u0119 \u015bp. Kazimierza Pieczy\u0144skiego, os. Lecha 2 (msza \u015bw. pogrzebowa w \u015brod\u0119 o godz. 11.00). Wieczny odpoczynek racz zmar\u0142ym da\u0107 Panie.<\/li><\/ol>\n","protected":false},"excerpt":{"rendered":"<p>OG\u0141OSZENIA DUSZPASTERSKIE NIEDZIELA III WIELKANOCNA 5 maja 2019 r. Kalendarz liturgiczny: poniedzia\u0142ek \u2013 \u015bw. app. Filipa i Jakuba, \u015broda \u2013 \u015bw. Stanis\u0142awa biskupa i m\u0119czennika, g\u0142\u00f3wnego patrona Polski i Archidiecezji. Nabo\u017ce\u0144stwa majowe codziennie o godz. 17.30. Prze\u017cywamy je jako jeden z element\u00f3w przygotowania do Nawiedzenia Matki Bo\u017cej. \u015arodowa nowenna do Matki Bo\u017cej Nieustaj\u0105cej Pomocy w &#8230; <span class=\"more\"><a class=\"more-link\" href=\"https:\/\/www.chnk.pl\/?p=2316\">czytaj wi\u0119cej<\/a><\/span><\/p>\n","protected":false},"author":3,"featured_media":0,"comment_status":"open","ping_status":"open","sticky":false,"template":"","format":"standard","meta":{"ngg_post_thumbnail":0,"footnotes":""},"categories":[1],"tags":[],"_links":{"self":[{"href":"https:\/\/www.chnk.pl\/index.php?rest_route=\/wp\/v2\/posts\/2316"}],"collection":[{"href":"https:\/\/www.chnk.pl\/index.php?rest_route=\/wp\/v2\/posts"}],"about":[{"href":"https:\/\/www.chnk.pl\/index.php?rest_route=\/wp\/v2\/types\/post"}],"author":[{"embeddable":true,"href":"https:\/\/www.chnk.pl\/index.php?rest_route=\/wp\/v2\/users\/3"}],"replies":[{"embeddable":true,"href":"https:\/\/www.chnk.pl\/index.php?rest_route=%2Fwp%2Fv2%2Fcomments&post=2316"}],"version-history":[{"count":1,"href":"https:\/\/www.chnk.pl\/index.php?rest_route=\/wp\/v2\/posts\/2316\/revisions"}],"predecessor-version":[{"id":2317,"href":"https:\/\/www.chnk.pl\/index.php?rest_route=\/wp\/v2\/posts\/2316\/revisions\/2317"}],"wp:attachment":[{"href":"https:\/\/www.chnk.pl\/index.php?rest_route=%2Fwp%2Fv2%2Fmedia&parent=2316"}],"wp:term":[{"taxonomy":"category","embeddable":true,"href":"https:\/\/www.chnk.pl\/index.php?rest_route=%2Fwp%2Fv2%2Fcategories&post=2316"},{"taxonomy":"post_tag","embeddable":true,"href":"https:\/\/www.chnk.pl\/index.php?rest_route=%2Fwp%2Fv2%2Ftags&post=2316"}],"curies":[{"name":"wp","href":"https:\/\/api.w.org\/{rel}","templated":true}]}}