{"id":2305,"date":"2019-04-13T15:59:40","date_gmt":"2019-04-13T15:59:40","guid":{"rendered":"http:\/\/www.chnk.pl\/?p=2305"},"modified":"2019-04-13T15:59:40","modified_gmt":"2019-04-13T15:59:40","slug":"niedziela-palmowa-2","status":"publish","type":"post","link":"https:\/\/www.chnk.pl\/?p=2305","title":{"rendered":"Niedziela Palmowa"},"content":{"rendered":"\n<p>OG\u0141OSZENIA DUSZPASTERSKIE<br \/>\nNIEDZIELA PALMOWA czyli M\u0118KI PA\u0143SKIEJ<br \/>\n14 kwietnia 2019 r.<\/p>\n\n\n\n<ol><li>W Wielkim Tygodniu biuro parafialne czynne tylko w poniedzia\u0142ek od godz. 16.00 do 17.30. Sprawy pilne prosimy za\u0142atwia\u0107 po wieczornej Mszy \u015bw.  <\/li><li>Prosimy Pan\u00f3w o pomoc w przygotowaniu Grobu Pa\u0144skiego w poniedzia\u0142ek o godz. 19.00. Sprz\u0105tanie ko\u015bcio\u0142a w Wielki Pi\u0105tek o godz. 22.00.<\/li><li>Zbi\u00f3rka ministrant\u00f3w w czwartek o godz. 13.00<\/li><li>Spowied\u017a \u015bw. w Wielkim Tygodniu:<br \/>\nWielki Poniedzia\u0142ek od godz. od 7.00 do 8.00,<br \/>\nWielki Wtorek od godz. 7.00 do 8.00 i 16.00 do 18.00,<br \/>\nWielka \u015aroda  od godz. 7.00 do 8.00  i  od 15.00 do 19.00,<br \/>\nWielki Czwartek od godz. 7.00 do 8.00 i od 15.00 do 18.30,<br \/>\nWielki Pi\u0105tek od 16.00 do 18.30 i po Liturgii Wielkiego Pi\u0105tku do godz. 22.00,<br \/>\nWielka Sobota od godz. 17.30 do 18.30  <\/li><li>TRIDUUM PASCHALNE<br \/>\nW Wielkim Tygodniu w czwartek, pi\u0105tek  i sobot\u0119 Jutrznia o godz. 8.00.<br \/>\nWIELKI CZWARTEK &#8211; Pami\u0105tka ustanowienia Naj\u015bwi\u0119tszej Eucharystii i Kap\u0142a\u0144stwa. Liturgia Wieczerzy Pa\u0144skiej o godz. 19.00. Adoracja w ciemnicy do godz. 22.00. Odpust zupe\u0142ny za odm\u00f3wienie hymnu \u201eS\u0142aw j\u0119zyku tajemnic\u0119\u201d.<br \/>\nWIELKI PI\u0104TEK- Pami\u0105tka \u015amieci Pana Jezusa &#8211; obowi\u0105zuje post \u015bcis\u0142y od 18 do 60 roku \u017cycia i post zwyk\u0142y od 14 roku \u017cycia do \u015bmierci. Adoracja w ciemnicy od godz. 8.00 do 19.00. Droga Krzy\u017cowa o godz. 15.00 ulicami osiedla. Koronka do Mi\u0142osierdzia Bo\u017cego                    o godz. 16.00. Liturgia M\u0119ki Pa\u0144skiej o godz. 19.00. Adoracja przy Grobie Pa\u0144skim do godz. 22.00.  Odpust zupe\u0142ny za adoracj\u0119 krzy\u017ca podczas obrz\u0119d\u00f3w Liturgii Wielkiego Pi\u0105tku.<br \/>\nWIELKA SOBOTA Adoracja przy Grobie Pa\u0144skim od godz. 8.00 do 19.30. \u015awi\u0119cenie potraw co p\u00f3\u0142godziny od 11.00 do 15.00 (przy dobrej pogodzie \u015bwiecenie przy figurze Matki Bo\u017cej Salety\u0144skiej, nie zapominamy te\u017c o wej\u015bciu do ko\u015bcio\u0142a i o adoracji przy Grobie Pa\u0144skim. Zaleca si\u0119 zachowanie postu zwyk\u0142ego w Wielk\u0105 Sobot\u0119.<br \/>\nWIELKANOC &#8211; Liturgia Paschalna o godz. 20.00 zako\u0144czona procesj\u0105. (przynosimy \u015bwiece i ze wzgl\u0119d\u00f3w praktycznych latarki). Odpust zupe\u0142ny za odnowienie przyrzecze\u0144 chrzcielnych. Rezurekcja o godz. 6.00 (najpierw msza \u015bw. rezurekcyjna i po mszy \u015bw. procesja). Nie b\u0119dzie Mszy \u015bw. o godz. 8.00. Dalsze godziny odprawiania Mszy \u015bw. jak w ka\u017cd\u0105 niedziel\u0119. W drugie \u015bwi\u0119to Wielkanocy Msza \u015bw. jak w niedziel\u0119. Ofiary przeznaczone s\u0105 na KUL.  <\/li><li>Ksi\u0105dz Arcybiskup Stanis\u0142aw G\u0105decki, Metropolita Pozna\u0144ski serdecznie zaprasza na koncert pt. \u201eSiedem ostatnich s\u0142\u00f3w Chrystusa na krzy\u017cu\u201d Josepha Haydna w wykonaniu Orkiestry \u015awi\u0119tego Marcina pod  batut\u0105 Piotra Deptucha z rozwa\u017caniami odczytywanymi przez Aleksandra Machalic\u0119. Koncert odb\u0119dzie si\u0119 w Wielki Wtorek, 16 kwietnia, o godzinie 19.00                 w Katedrze. Koncert i medytacja mog\u0105 by\u0107 dobrym wprowadzeniem w prze\u017cywanie Triduum Paschalnego, zw\u0142aszcza ciszy i zadumy Wielkiego Pi\u0105tku. Zach\u0119camy do czytania prasy katolickiej. Przy zakrystii: Przewodnik Katolicki, Go\u015b\u0107 Niedzielny, Ma\u0142y Przewodnik Katolicki, Egzorcysta, Mi\u0142ujcie si\u0119 i Ziarno.<\/li><li>Droga Krzy\u017cowa w Wielki Pi\u0105tek o godz. 4 rano  na Forcie VII. Rozpocz\u0119cie przy ko\u015bciele Chrystusa Dobrego Pasterza na Nowinie i przej\u015bcie w milczeniu na miejsce rozpocz\u0119cia &#8211;  naro\u017cnik ul. Polskiej i ul. 5 stycznia. Zapraszamy mieszka\u0144c\u00f3w Poznania.<\/li><\/ol>\n","protected":false},"excerpt":{"rendered":"<p>OG\u0141OSZENIA DUSZPASTERSKIE NIEDZIELA PALMOWA czyli M\u0118KI PA\u0143SKIEJ 14 kwietnia 2019 r. W Wielkim Tygodniu biuro parafialne czynne tylko w poniedzia\u0142ek od godz. 16.00 do 17.30. Sprawy pilne prosimy za\u0142atwia\u0107 po wieczornej Mszy \u015bw. Prosimy Pan\u00f3w o pomoc w przygotowaniu Grobu Pa\u0144skiego w poniedzia\u0142ek o godz. 19.00. Sprz\u0105tanie ko\u015bcio\u0142a w Wielki Pi\u0105tek o godz. 22.00. Zbi\u00f3rka &#8230; <span class=\"more\"><a class=\"more-link\" href=\"https:\/\/www.chnk.pl\/?p=2305\">czytaj wi\u0119cej<\/a><\/span><\/p>\n","protected":false},"author":3,"featured_media":0,"comment_status":"open","ping_status":"open","sticky":false,"template":"","format":"standard","meta":{"ngg_post_thumbnail":0,"footnotes":""},"categories":[1],"tags":[],"_links":{"self":[{"href":"https:\/\/www.chnk.pl\/index.php?rest_route=\/wp\/v2\/posts\/2305"}],"collection":[{"href":"https:\/\/www.chnk.pl\/index.php?rest_route=\/wp\/v2\/posts"}],"about":[{"href":"https:\/\/www.chnk.pl\/index.php?rest_route=\/wp\/v2\/types\/post"}],"author":[{"embeddable":true,"href":"https:\/\/www.chnk.pl\/index.php?rest_route=\/wp\/v2\/users\/3"}],"replies":[{"embeddable":true,"href":"https:\/\/www.chnk.pl\/index.php?rest_route=%2Fwp%2Fv2%2Fcomments&post=2305"}],"version-history":[{"count":1,"href":"https:\/\/www.chnk.pl\/index.php?rest_route=\/wp\/v2\/posts\/2305\/revisions"}],"predecessor-version":[{"id":2306,"href":"https:\/\/www.chnk.pl\/index.php?rest_route=\/wp\/v2\/posts\/2305\/revisions\/2306"}],"wp:attachment":[{"href":"https:\/\/www.chnk.pl\/index.php?rest_route=%2Fwp%2Fv2%2Fmedia&parent=2305"}],"wp:term":[{"taxonomy":"category","embeddable":true,"href":"https:\/\/www.chnk.pl\/index.php?rest_route=%2Fwp%2Fv2%2Fcategories&post=2305"},{"taxonomy":"post_tag","embeddable":true,"href":"https:\/\/www.chnk.pl\/index.php?rest_route=%2Fwp%2Fv2%2Ftags&post=2305"}],"curies":[{"name":"wp","href":"https:\/\/api.w.org\/{rel}","templated":true}]}}