{"id":2295,"date":"2019-04-06T18:49:07","date_gmt":"2019-04-06T18:49:07","guid":{"rendered":"http:\/\/www.chnk.pl\/?p=2295"},"modified":"2019-04-06T18:49:07","modified_gmt":"2019-04-06T18:49:07","slug":"5-niedziela-wielkiego-postu-2","status":"publish","type":"post","link":"https:\/\/www.chnk.pl\/?p=2295","title":{"rendered":"5 Niedziela Wielkiego Postu"},"content":{"rendered":"\n<p>OG\u0141OSZENIA DUSZPASTERSKIE<br \/>\nNIEDZIELA V WIELKIEGO POSTU<br \/>\n7 kwietnia 2019 r.<\/p>\n\n\n\n<ol><li>B\u00f3g zap\u0142a\u0107 siostrom Nazaretankom, paniom Katechetkom za ubogacaj\u0105ce rekolekcje szkolne. Podzi\u0119kowania Dyrekcji naszej szko\u0142y, nauczycielom i rodzicom za  pomoc w przygotowaniu i przeprowadzeniu rekolekcji. Niepokoi fakt, \u017ce cz\u0119\u015b\u0107 dzieci nie przychodzi na spotkania rekolekcyjne. Jest to powa\u017cne zaniedbanie rodzic\u00f3w w chrze\u015bcija\u0144skim wychowaniu dzieci.<\/li><li>W \u015brod\u0119 na godzin\u0119 19.00 zapraszamy Pan\u00f3w do pomocy w przygotowaniu ciemnicy.<\/li><li>Zbi\u00f3rka ministrant\u00f3w senior\u00f3w w czwartek o godz. 19.00.<\/li><li>Spotkanie dla kandydat\u00f3w do bierzmowania w pi\u0105tek o godz. 19.00.<\/li><li>Okazja do spowiedzi \u015bw. w pi\u0105tek od godz. 20.00 do 21.00 i w sobot\u0119 od godz. 16.00 do godz. 17.45.<\/li><li>DROGA KRZY\u017bOWA w pi\u0105tek: dla dzieci o godz. 16.30, dla doros\u0142ych o godz. 17.30                 i ulicami osiedla o godz. 19.00 od wej\u015bcia  nr 20. Gorzkie \u017bale w niedziele W. Postu o godz. 15.30.<\/li><li>Odwiedziny chorych i starszych parafian ze spowiedzi\u0105 i komuni\u0105 \u015bw. wielkanocn\u0105, w sobot\u0119 od godz. 9.00. Zg\u0142oszenia w zakrystii.<\/li><li>Pr\u00f3ba scholi dzieci\u0119ce w Niedziel\u0119 Palmow\u0105 o godz. 9.45 w salce parafialnej. Zapraszamy  dzieci do wsp\u00f3lnego \u015bpiewu w zespole.<\/li><li>Niedziel\u0119 Palmow\u0105 prze\u017cywamy w Ko\u015bciele jako Dzie\u0144 M\u0142odzie\u017cy. Procesj\u0119 z palmami wok\u00f3\u0142 ko\u015bcio\u0142a rozpoczniemy 15 minut wcze\u015bniej, o godz. 11.00 przy krzy\u017cu misyjnym. Zapraszamy m\u0142odzie\u017c i dzieci z przygotowanymi przez siebie palmami na procesj\u0119 upami\u0119tniaj\u0105c\u0105 wjazd Pana Jezusa do Jerozolimy. Z okazji tegorocznej \u015awiatowej Niedzieli M\u0142odzie\u017cy, kt\u00f3ra przypada w Niedziel\u0119 Palmow\u0105 14 kwietnia br. zapraszam m\u0142odzie\u017c do wsp\u00f3lnotowego \u015bwi\u0119towania w Farze Pozna\u0144skiej. W programie: godz. 17:00 \u2013 Msza \u015bw. pod przewodnictwem Ks. Biskupa, godz. 18:00 \u2013 Pasja wg \u015bw. Jana w wykonaniu Ch\u00f3ru i Orkiestry Jordan. Przygotowany program jest zaproszeniem do wsp\u00f3lnego celebrowania tajemnicy Niedzieli Palmowej pod przewodnictwem Pasterza. Przygotowana Pasja jest wyj\u0105tkow\u0105 muzyczn\u0105 interpretacj\u0105 Pisma \u015awi\u0119tego i mo\u017ce pom\u00f3c m\u0142odym lepiej zrozumie\u0107 istot\u0119 Wielkiego Tygodnia.<\/li><li>W Niedziel\u0119 Palmow\u0105, przed ko\u015bcio\u0142em mo\u017cliwo\u015b\u0107 z\u0142o\u017cenia ofiary na kwiaty do Grobu Pa\u0144skiego. Przed ko\u015bcio\u0142em palmy, a ofiary przeznaczone s\u0105 dla parafialnego Caritasu.<\/li><li>Misterium M\u0119ki Pa\u0144skiej w sobot\u0119, 13 marca, o godz. 20.00 na Cytadeli.<\/li><li>B\u00f3g zap\u0142a\u0107 za  ofiary na danin\u0119 diecezjaln\u0105.                   <\/li><li>Przy zakrystii: Przewodnik Katolicki, Mi\u0142ujcie si\u0119, Go\u015b\u0107 Niedzielny, Ola i Ja\u015b, Nasza Droga, Ziarno, karty \u015bwi\u0105teczne z religijnymi motywami Wielkanocy, koperty na danin\u0119 diecezjaln\u0105 i paschaliki na st\u00f3\u0142 wielkanocny.  <\/li><\/ol>\n","protected":false},"excerpt":{"rendered":"<p>OG\u0141OSZENIA DUSZPASTERSKIE NIEDZIELA V WIELKIEGO POSTU 7 kwietnia 2019 r. B\u00f3g zap\u0142a\u0107 siostrom Nazaretankom, paniom Katechetkom za ubogacaj\u0105ce rekolekcje szkolne. Podzi\u0119kowania Dyrekcji naszej szko\u0142y, nauczycielom i rodzicom za pomoc w przygotowaniu i przeprowadzeniu rekolekcji. Niepokoi fakt, \u017ce cz\u0119\u015b\u0107 dzieci nie przychodzi na spotkania rekolekcyjne. Jest to powa\u017cne zaniedbanie rodzic\u00f3w w chrze\u015bcija\u0144skim wychowaniu dzieci. W \u015brod\u0119 &#8230; <span class=\"more\"><a class=\"more-link\" href=\"https:\/\/www.chnk.pl\/?p=2295\">czytaj wi\u0119cej<\/a><\/span><\/p>\n","protected":false},"author":3,"featured_media":0,"comment_status":"open","ping_status":"open","sticky":false,"template":"","format":"standard","meta":{"ngg_post_thumbnail":0,"footnotes":""},"categories":[1],"tags":[],"_links":{"self":[{"href":"https:\/\/www.chnk.pl\/index.php?rest_route=\/wp\/v2\/posts\/2295"}],"collection":[{"href":"https:\/\/www.chnk.pl\/index.php?rest_route=\/wp\/v2\/posts"}],"about":[{"href":"https:\/\/www.chnk.pl\/index.php?rest_route=\/wp\/v2\/types\/post"}],"author":[{"embeddable":true,"href":"https:\/\/www.chnk.pl\/index.php?rest_route=\/wp\/v2\/users\/3"}],"replies":[{"embeddable":true,"href":"https:\/\/www.chnk.pl\/index.php?rest_route=%2Fwp%2Fv2%2Fcomments&post=2295"}],"version-history":[{"count":2,"href":"https:\/\/www.chnk.pl\/index.php?rest_route=\/wp\/v2\/posts\/2295\/revisions"}],"predecessor-version":[{"id":2297,"href":"https:\/\/www.chnk.pl\/index.php?rest_route=\/wp\/v2\/posts\/2295\/revisions\/2297"}],"wp:attachment":[{"href":"https:\/\/www.chnk.pl\/index.php?rest_route=%2Fwp%2Fv2%2Fmedia&parent=2295"}],"wp:term":[{"taxonomy":"category","embeddable":true,"href":"https:\/\/www.chnk.pl\/index.php?rest_route=%2Fwp%2Fv2%2Fcategories&post=2295"},{"taxonomy":"post_tag","embeddable":true,"href":"https:\/\/www.chnk.pl\/index.php?rest_route=%2Fwp%2Fv2%2Ftags&post=2295"}],"curies":[{"name":"wp","href":"https:\/\/api.w.org\/{rel}","templated":true}]}}