{"id":2292,"date":"2019-03-30T18:07:53","date_gmt":"2019-03-30T18:07:53","guid":{"rendered":"http:\/\/www.chnk.pl\/?p=2292"},"modified":"2019-03-30T18:07:53","modified_gmt":"2019-03-30T18:07:53","slug":"4-niedziela-wielkiego-postu","status":"publish","type":"post","link":"https:\/\/www.chnk.pl\/?p=2292","title":{"rendered":"4 Niedziela Wielkiego Postu"},"content":{"rendered":"\n<p>OG\u0141OSZENIA DUSZPASTERSKIE<br \/>\nNIEDZIELA IV WIELKIEGO POSTU<br \/>\n31 marca 2019 r.<\/p>\n\n\n\n<ol><li>PRZEPISY POSTNE. Wierni, kt\u00f3rzy uko\u0144czyli 14 rok \u017cycia, s\u0105 zobowi\u0105zani do do zachowania w ci\u0105gu ca\u0142ego \u017cycia wstrzemi\u0119\u017aliwo\u015bci od pokarm\u00f3w mi\u0119snych we wszystkie pi\u0105tki ca\u0142ego roku i w \u015arod\u0119 Popielcow\u0105. Wstrzemi\u0119\u017aliwo\u015b\u0107 nie obowi\u0105zuje, je\u017celi w pi\u0105tek przypada uroczysto\u015b\u0107 ko\u015bcielna. Wierni, kt\u00f3rzy uko\u0144czyli 18 rok \u017cycia, a\u017c do rozpocz\u0119cia 60 roku \u017cycia, opr\u00f3cz wstrzemi\u0119\u017aliwo\u015bci od pokarm\u00f3w mi\u0119snych s\u0105 zobowi\u0105zani do zachowania postu \u015bcis\u0142ego w \u015arod\u0119 Popielcow\u0105 i Wielki Pi\u0105tek. Post \u015bcis\u0142y pozwala na jednorazowy posi\u0142ek do syta oraz dwa skromne posi\u0142ki w ci\u0105gu dnia. Wierni, kt\u00f3rzy nie maj\u0105 mo\u017cliwo\u015bci wyboru pokarm\u00f3w i musz\u0105 spo\u017cywa\u0107 to, co zostanie im podane, mog\u0105 korzysta\u0107 z dyspensy od obowi\u0105zku wstrzymania si\u0119 od potraw mi\u0119snych w pi\u0105tki ca\u0142ego roku. Taka dyspensa nie istnieje w \u015arod\u0119 Popielcow\u0105 i Wielki Pi\u0105tek. Niemo\u017cno\u015b\u0107 zachowania wstrzemi\u0119\u017aliwo\u015bci w pi\u0105tek zak\u0142ada jednak podj\u0119cie innych form pokuty, takich jak: modlitwa, ja\u0142mu\u017cna, uczynki pobo\u017cno\u015bci i mi\u0142o\u015bci, wierniejsze spe\u0142nianie obowi\u0105zk\u00f3w.<\/li><li>We wtorek  zebranie komitetu organizacyjnego Nawiedzenia Obrazu Matki Bo\u017cej Jasnog\u00f3rskiej w naszej Parafii. Zapraszamy wszystkich, kt\u00f3rzy chc\u0105 w\u0142\u0105czy\u0107 si\u0119 w przygotowanie tej uroczysto\u015b\u0107. Spotkanie w szalce parafialnej, wej\u015bcie z dziedzi\u0144ca.<\/li><li>Spotkanie  wsp\u00f3lnot r\u00f3\u017ca\u0144cowych w \u015brod\u0119 po wieczornej mszy \u015bw. w kaplicy.<\/li><li>Spotkanie Kr\u0119gu Biblijnego w \u015brod\u0119 o godz.19.00 w salce parafialnej.<\/li><li>W tym tygodniu: I czwartek, I pi\u0105tek i I sobota miesi\u0105ca. Adoracja Naj\u015bwi\u0119tszego Sakramentu w czwartek od godz. 17.00 do 21.00 Miesi\u0119czna spowied\u017a i Komunia \u015bw. dla klas: 4, 5, 6, 7 i 8 w pi\u0105tek od godz. 15.00 do 16.30. Nabo\u017ce\u0144stwo do Niepokalanego Serca Matki Bo\u017cej w sobot\u0119 o godz. 7.15. Comiesi\u0119czne odwiedziny chorych z sakramentami \u015bw. w pi\u0105tek i w sobot\u0119 wed\u0142ug sta\u0142ego planu. Pro\u015bba o zg\u0142aszanie w zakrystii chorych i starszych parafian do spowiedzi i komunii \u015bw. wielkanocnej na sobot\u0119 przed Niedziel\u0105 Palmow\u0105.<\/li><li>Spotkanie dzieci pierwszokomunijnych w czwartek o godz.16.45. Dzieci przynosz\u0105 ksi\u0105\u017ceczki do nabo\u017ce\u0144stwa. W tym samym czasie, spotkanie dla rodzic\u00f3w tych dzieci.<\/li><li>Spotkanie dla przygotowuj\u0105cych si\u0119 do bierzmowania w pi\u0105tek o godz. 19.00 w salce parafialnej. Prosimy by nie opuszcza\u0107 tej wa\u017cnej katechezy.<\/li><li>DROGA KRZY\u017bOWA w pi\u0105tki Wielkiego Postu: dla dzieci godz. 16.30, dla doros\u0142ych godz. 17.30, ulicami osiedla o godz. 19.00 (od wej\u015bcia 119, przynosimy znicze). Gorzkie \u017bale w niedziele Wielkiego Postu o godz. 15.30.<\/li><li>W przysz\u0142\u0105 niedziel\u0119 b\u0119dziemy go\u015bci\u0107 wolontariuszy misyjnych, z Akademickiego Ko\u0142a Misyjnego, kt\u00f3rzy w czerwcu wyjad\u0105 na misje do Boliwii. B\u0119d\u0105 kwestowa\u0107 przed ko\u015bcio\u0142em, zbieraj\u0105c potrzebne fundusze. Natomiast Przyjaciele z warsztat\u00f3w terapii zaj\u0119ciowej dla m\u0142odzie\u017cy b\u0119d\u0105 prezentowa\u0107 swoje prace wielkanocne po mszy \u015bw. o godz. 8.00, 9.30 i 11.15.<\/li><li>Droga Krzy\u017cowa w by\u0142ym obozie hitlerowskim w \u017babikowie we wtorek, o godz. 19.30.<\/li><li>M\u0119ska Droga Krzy\u017cowa ulicami Ostrowa Tumskiego, w pi\u0105tek, 5 kwietnia, o godz. 19.30, pocz\u0105tek przed Seminarium Duchownym. Przewodniczy Ks. Bp. Zdzis\u0142aw Fortuniak.<\/li><li>Parafia na Zegrzu organizuje wczasorekolekcje dla dzieci i m\u0142odzie\u017cy w Zawoi, w dniach od 20 do 27 lipca br. Szczeg\u00f3\u0142y w zakrystii.<\/li><li>Misterium M\u0119ki Pa\u0144skiej na Cytadeli w sobot\u0119 przed Niedziel\u0105 Palmow\u0105, o godz. 19.00. Misterium poprzedzi msza \u015bw. o godz. 17.00 w ko\u015bciele pw. \u015bw. Jana Bosko na Winogradach.<\/li><li>Przy zakrystii: Przewodnik Katolicki, Ma\u0142y Przewodnik, Go\u015b\u0107 Niedzielny, Egzorcysta, Nasza Droga, Ola i Ja\u015b oraz  koperty na danin\u0119 diecezjaln\u0105, poczt\u00f3wki i paschaliki wielkanocne.<\/li><\/ol>\n","protected":false},"excerpt":{"rendered":"<p>OG\u0141OSZENIA DUSZPASTERSKIE NIEDZIELA IV WIELKIEGO POSTU 31 marca 2019 r. PRZEPISY POSTNE. Wierni, kt\u00f3rzy uko\u0144czyli 14 rok \u017cycia, s\u0105 zobowi\u0105zani do do zachowania w ci\u0105gu ca\u0142ego \u017cycia wstrzemi\u0119\u017aliwo\u015bci od pokarm\u00f3w mi\u0119snych we wszystkie pi\u0105tki ca\u0142ego roku i w \u015arod\u0119 Popielcow\u0105. Wstrzemi\u0119\u017aliwo\u015b\u0107 nie obowi\u0105zuje, je\u017celi w pi\u0105tek przypada uroczysto\u015b\u0107 ko\u015bcielna. Wierni, kt\u00f3rzy uko\u0144czyli 18 rok \u017cycia, &#8230; <span class=\"more\"><a class=\"more-link\" href=\"https:\/\/www.chnk.pl\/?p=2292\">czytaj wi\u0119cej<\/a><\/span><\/p>\n","protected":false},"author":3,"featured_media":0,"comment_status":"open","ping_status":"open","sticky":false,"template":"","format":"standard","meta":{"ngg_post_thumbnail":0,"footnotes":""},"categories":[1],"tags":[],"_links":{"self":[{"href":"https:\/\/www.chnk.pl\/index.php?rest_route=\/wp\/v2\/posts\/2292"}],"collection":[{"href":"https:\/\/www.chnk.pl\/index.php?rest_route=\/wp\/v2\/posts"}],"about":[{"href":"https:\/\/www.chnk.pl\/index.php?rest_route=\/wp\/v2\/types\/post"}],"author":[{"embeddable":true,"href":"https:\/\/www.chnk.pl\/index.php?rest_route=\/wp\/v2\/users\/3"}],"replies":[{"embeddable":true,"href":"https:\/\/www.chnk.pl\/index.php?rest_route=%2Fwp%2Fv2%2Fcomments&post=2292"}],"version-history":[{"count":1,"href":"https:\/\/www.chnk.pl\/index.php?rest_route=\/wp\/v2\/posts\/2292\/revisions"}],"predecessor-version":[{"id":2293,"href":"https:\/\/www.chnk.pl\/index.php?rest_route=\/wp\/v2\/posts\/2292\/revisions\/2293"}],"wp:attachment":[{"href":"https:\/\/www.chnk.pl\/index.php?rest_route=%2Fwp%2Fv2%2Fmedia&parent=2292"}],"wp:term":[{"taxonomy":"category","embeddable":true,"href":"https:\/\/www.chnk.pl\/index.php?rest_route=%2Fwp%2Fv2%2Fcategories&post=2292"},{"taxonomy":"post_tag","embeddable":true,"href":"https:\/\/www.chnk.pl\/index.php?rest_route=%2Fwp%2Fv2%2Ftags&post=2292"}],"curies":[{"name":"wp","href":"https:\/\/api.w.org\/{rel}","templated":true}]}}