{"id":2287,"date":"2019-03-23T16:47:55","date_gmt":"2019-03-23T16:47:55","guid":{"rendered":"http:\/\/www.chnk.pl\/?p=2287"},"modified":"2019-03-23T16:47:55","modified_gmt":"2019-03-23T16:47:55","slug":"3-niedziela-wielkiego-postu","status":"publish","type":"post","link":"https:\/\/www.chnk.pl\/?p=2287","title":{"rendered":"3 Niedziela Wielkiego Postu"},"content":{"rendered":"\n<p>OG\u0141OSZENIA DUSZPASTERSKIE<br \/>\nNIEDZIELA III WIELKIEGO POSTU                                                                                                                                                                         <br \/>\n24 marca 2019 r.<\/p>\n\n\n\n<ol><li>W poniedzia\u0142ek uroczysto\u015b\u0107 Zwiastowania Naj\u015bwi\u0119tszej Maryi Pannie. Dzie\u0144 \u015awi\u0119to\u015bci \u017bycia. Na mszy \u015bw. o godz. 8.00 i 18.00 b\u0119dziemy si\u0119 modli\u0107 o poszanowanie \u017cycia ludzkiego od pocz\u0119cia, a\u017c do naturalnej \u015bmierci.  W czasie mszy \u015bw. mo\u017cliwo\u015b\u0107 z\u0142o\u017cenia ofiary na Fundusz Obrony \u017bycia. Centralne obchody Dnia \u015awi\u0119to\u015bci \u017bycia odb\u0119d\u0105 si\u0119 tradycyjnie 25 marca. Msza \u015bw. po\u0142\u0105czona z duchow\u0105 adopcj\u0105 dziecka pocz\u0119tego zostanie odprawiona o godz. 18.00 w Katedrze.<\/li><li>Rekolekcje szkolne w naszej Parafii od poniedzia\u0142ku, 25 marca, do \u015brody, 27 marca br. Ko\u015bci\u00f3\u0142 b\u0119dzie zaj\u0119ty od godz. 10.00 do godz. 14.00.<\/li><li>Kr\u0105g Biblijny w \u015brod\u0119 po wieczornej mszy \u015bw. w salce parafialnej.<\/li><li>Spotkanie dzieci pierwszokomunijnych w czwartek o godz.16.45. Dzieci przynosz\u0105 ksi\u0105\u017ceczki do nabo\u017ce\u0144stwa. W tym samym czasie, spotkanie dla rodzic\u00f3w tych dzieci.<\/li><li>Msza \u015bw. o uzdrowienie duszy i cia\u0142a w czwartek o godz. 18.00. Pod ch\u00f3rem mo\u017cna sk\u0142ada\u0107 zapisane intencje, kt\u00f3re przyniesiemy do o\u0142tarza razem z darami chleba i wina.<\/li><li>DROGA KRZY\u017bOWA w pi\u0105tki Wielkiego Postu: dla dzieci godz. 16.30,  dla doros\u0142ych godz. 17.30, ulicami osiedla o godz. 19.00 (dla m\u0142odzie\u017cy i przygotowuj\u0105cych si\u0119 do bierzmowania od wej\u015bcia 122), GORZKIE \u017bALE w niedziele Wielkiego Postu o g. 15.30.<\/li><li>Rozpoczynamy przygotowanie do Triduum Paschalnego w naszej parafii. Zapraszamy na pr\u00f3by \u015bpiewu, do salki parafialnej w ka\u017cdy pi\u0105tek po Drodze Krzy\u017cowej odprawianej ulicami osiedla o godz. 19.00. Mile widziane m\u0119skie g\u0142osy.<\/li><li>Prosimy zg\u0142asza\u0107 chorych i starszych parafian do Komunii \u015bw. wielkanocnej.<\/li><li>Zapraszamy na pielgrzymk\u0119 do Sanktuarium Matki Bo\u017cej Uzdrowienie Chorych                        w Smolicach i Sanktuarium \u015bw. Jacka w Legnicy w kt\u00f3rym mia\u0142 miejsce cud eucharystyczny. Wyjazd 27 kwietnia o godz. 8.00; koszt 30 z\u0142, zapisy w zakrystii.<\/li><li>Katedralna Og\u00f3lnokszta\u0142c\u0105ca Szko\u0142a Muzyczna I st. prowadzi zapisy do I klasy. Jest to o\u015bmioletnia szko\u0142a podstawowa z przedmiotami muzycznymi. Szko\u0142a przyjmuje dziewczynki i ch\u0142opc\u00f3w posiadaj\u0105cych predyspozycje muzyczne. Program wychowawczy oparty jest na warto\u015bciach chrze\u015bcija\u0144skich. Informacje mo\u017cna uzyska\u0107: mailowo, telefonicznie lub osobi\u015bcie w  sekretariacie szko\u0142y, przy ulicy Filipi\u0144skiej 4. Fundacja Sternik-Pozna\u0144 prowadzi rekrutacj\u0119 do  Przedszkola, Szko\u0142y Podstawowej dla dziewcz\u0105t i Szko\u0142y Podstawowej dl ch\u0142opc\u00f3w. Szczeg\u00f3\u0142y na tablicy og\u0142osze\u0144 i na www. sternikpoznan.pl.<\/li><li>W czasie Wielkiego Postu  sk\u0142adamy ofiary na danin\u0119 diecezjaln\u0105, kt\u00f3ra przeznaczona jest na utrzymanie: Seminarium Duchownego, Domu Ksi\u0119\u017cy Emeryt\u00f3w, Muzeum, Archiwum Archidiecezjalnego, Katedry, Kurii Metropolitalnej i Caritas. Koperty na danin\u0119 diecezjaln\u0105 mo\u017cna otrzyma\u0107  przy zakrystii.<\/li><li>Zach\u0119camy do czytania prasy katolickiej: Przy zakrystii: Przewodnik Katolicki, Ma\u0142y Przewodnik Katolicki, Go\u015b\u0107 Niedzielny, Nasza Droga, Ola i Ja\u015b, Mi\u0142ujcie si\u0119, gazetka parafialna i poczt\u00f3wki z religijnymi motywami wielkanocnymi .<\/li><li>M\u00f3dlmy si\u0119 za zmar\u0142ych parafian. Za \u015bp. Teresy Nackowskiej, os. Lecha 18, \u015bp. Krystyny Jasku\u0142a, os. Lecha 19, \u015bp. W\u0142adys\u0142awa Jagie\u0142\u0142o, os. Lecha 58 (msza \u015bw. pogrzebowa we wtorek o godz. 11.00, w ko\u015bciele \u015bw. Marka, na os. Czecha), \u015bp. Wojciecha Ko\u0142odziejczaka, os. Lecha 16 (msza \u015bw. pogrzebowa we wtorek o godz. 9.00) .Wieczny odpoczynek racz zmar\u0142ym da\u0107 Panie.<\/li><\/ol>\n","protected":false},"excerpt":{"rendered":"<p>OG\u0141OSZENIA DUSZPASTERSKIE NIEDZIELA III WIELKIEGO POSTU 24 marca 2019 r. W poniedzia\u0142ek uroczysto\u015b\u0107 Zwiastowania Naj\u015bwi\u0119tszej Maryi Pannie. Dzie\u0144 \u015awi\u0119to\u015bci \u017bycia. Na mszy \u015bw. o godz. 8.00 i 18.00 b\u0119dziemy si\u0119 modli\u0107 o poszanowanie \u017cycia ludzkiego od pocz\u0119cia, a\u017c do naturalnej \u015bmierci. W czasie mszy \u015bw. mo\u017cliwo\u015b\u0107 z\u0142o\u017cenia ofiary na Fundusz Obrony \u017bycia. Centralne obchody Dnia &#8230; <span class=\"more\"><a class=\"more-link\" href=\"https:\/\/www.chnk.pl\/?p=2287\">czytaj wi\u0119cej<\/a><\/span><\/p>\n","protected":false},"author":3,"featured_media":0,"comment_status":"open","ping_status":"open","sticky":false,"template":"","format":"standard","meta":{"ngg_post_thumbnail":0,"footnotes":""},"categories":[1],"tags":[],"_links":{"self":[{"href":"https:\/\/www.chnk.pl\/index.php?rest_route=\/wp\/v2\/posts\/2287"}],"collection":[{"href":"https:\/\/www.chnk.pl\/index.php?rest_route=\/wp\/v2\/posts"}],"about":[{"href":"https:\/\/www.chnk.pl\/index.php?rest_route=\/wp\/v2\/types\/post"}],"author":[{"embeddable":true,"href":"https:\/\/www.chnk.pl\/index.php?rest_route=\/wp\/v2\/users\/3"}],"replies":[{"embeddable":true,"href":"https:\/\/www.chnk.pl\/index.php?rest_route=%2Fwp%2Fv2%2Fcomments&post=2287"}],"version-history":[{"count":1,"href":"https:\/\/www.chnk.pl\/index.php?rest_route=\/wp\/v2\/posts\/2287\/revisions"}],"predecessor-version":[{"id":2288,"href":"https:\/\/www.chnk.pl\/index.php?rest_route=\/wp\/v2\/posts\/2287\/revisions\/2288"}],"wp:attachment":[{"href":"https:\/\/www.chnk.pl\/index.php?rest_route=%2Fwp%2Fv2%2Fmedia&parent=2287"}],"wp:term":[{"taxonomy":"category","embeddable":true,"href":"https:\/\/www.chnk.pl\/index.php?rest_route=%2Fwp%2Fv2%2Fcategories&post=2287"},{"taxonomy":"post_tag","embeddable":true,"href":"https:\/\/www.chnk.pl\/index.php?rest_route=%2Fwp%2Fv2%2Ftags&post=2287"}],"curies":[{"name":"wp","href":"https:\/\/api.w.org\/{rel}","templated":true}]}}