{"id":2282,"date":"2019-03-16T15:36:28","date_gmt":"2019-03-16T15:36:28","guid":{"rendered":"http:\/\/www.chnk.pl\/?p=2282"},"modified":"2019-03-16T15:40:29","modified_gmt":"2019-03-16T15:40:29","slug":"2-niedziela-wielkiego-postu-2","status":"publish","type":"post","link":"https:\/\/www.chnk.pl\/?p=2282","title":{"rendered":"2 Niedziela Wielkiego Postu"},"content":{"rendered":"\n<p>OG\u0141OSZENIA DUSZPASTERSKIE<br \/>\nNiedziela II  Wielkiego Postu<br \/>\n                                                                               17 marca 2019 r.<\/p>\n\n\n\n<ol><li>Po  rekolekcjach poczujmy w sercu przynaglenie do udzia\u0142u w nabo\u017ce\u0144stwach pasyjnych przez kt\u00f3re pragniemy odda\u0107 cze\u015b\u0107 cierpi\u0105cemu Zbawicielowi, przeb\u0142aga\u0107 za nasze grzechy oraz uprosi\u0107 potrzebne \u0142aski. DROGA KRZY\u017bOWA w pi\u0105tki Wielkiego Postu: dla dzieci godz. 16.30, dla doros\u0142ych godz. 17.30, ulicami osiedla o godz. 19.00 ( w tym tygodniu od wej\u015bcia nr 13, przynosimy ze sob\u0105 \u015bwiece lub znicze).  GORZKIE \u017bALE  w niedziele o godz. 15.30.<\/li><li>We wtorek Uroczysto\u015b\u0107 \u015bw. J\u00f3zefa. W naszej Parafii po rannej mszy \u015bw. procesja salety\u0144ska i ca\u0142odzienna Adoracja Naj\u015bwi\u0119tszego Sakramentu do godz. 20. Plan adoracji: g. 9.00 &#8211; Apostolstwo Dobrej \u015amierci, g. 10.00 &#8211; Parafianie z blok\u00f3w 15 do 20, g. 11.00 &#8211; Parafianie z blok\u00f3w 122 do 129, g. 12.00 Anio\u0142 Pa\u0144ski i bloki 39, 40, 42, g. 13.00 &#8211; Wsp\u00f3lnoty r\u00f3\u017ca\u0144cowe, g. 14.00 Parafianie z blok\u00f3w czteropi\u0119trowych, g. 15.00 &#8211; Koronka do Mi\u0142osierdzia Bo\u017cego, g. 16.00 &#8211; M\u0142odzie\u017c  i kandydaci do bierzmowania z rodzicami, g. 17.00 &#8211; m\u0119\u017cczy\u017ani, g. 18.00 &#8211; Msza \u015bw. i adoracja do 20.00. Plan adoracji nale\u017cy traktowa\u0107 ramowo, dostosowa\u0107 do w\u0142asnych mo\u017cliwo\u015bci. Nie mo\u017cna zlekcewa\u017cy\u0107 parafialnego dnia uroczystej czci oddawanej Panu Jezusowi w Naj\u015bwi\u0119tszym Sakramencie. Okazja do spowiedzi \u015bw. od godz. 9.00 do 10.00, od godz. 16.00 do 17.45 i od 19.00 do 20.00.<\/li><li>Zapraszamy na kr\u0105g biblijny w \u015brod\u0119 o godz. 19.00 w salce parafialnej.<\/li><li>Spotkanie dzieci pierwszokomunijnych, przygotowuj\u0105ce do I spowiedzi \u015bw. odb\u0119dzie si\u0119 w  czwartek, o godz. 16.45 w salce parafialnej.<\/li><li>Rozpoczynamy przygotowanie do Triduum Paschalnego w naszej parafii. Zapraszamy na pr\u00f3by \u015bpiewu, do salki parafialnej w ka\u017cdy pi\u0105tek po Drodze Krzy\u017cowej odprawianej ulicami osiedla o godz. 19.00. Mile widziane m\u0119skie g\u0142osy.<\/li><li>Prosimy zg\u0142asza\u0107 chorych i starszych parafian do komunii \u015bw. wielkanocnej, na sobot\u0119 przed Niedziel\u0105 Palmow\u0105.<\/li><li>Zapraszamy do salki na film pt. \u201ePawe\u0142 Aposto\u0142\u201d, w sobot\u0119 23 marca o godz. 19.00.<\/li><li>Duchowa adopcja dziecka nienarodzonego. W niedziel\u0119 24 marca na mszy \u015bw. o godz. 9.30, grupa parafian podejmie modlitw\u0119 duchowej adopcji dziecka nienarodzonego. Podj\u0119cie modlitwy w tej intencji mo\u017cna zadeklarowa\u0107 w tygodniu po mszy \u015bw. i  w niedziel\u0119 przed msz\u0105 \u015bw. o godz. 9.30.  <\/li><li>B\u00f3g zap\u0142a\u0107 za ofiarowan\u0105 \u017cywno\u015bci dla potrzebuj\u0105cych. Wydawanie \u017cywno\u015bci we wtorek od godz. 17.00 w salce. B\u00f3g zap\u0142a\u0107 za ofiary na misje sk\u0142adane dzisiaj po mszy \u015bw.<\/li><li>B\u00f3g zap\u0142a\u0107 za ofiary z\u0142o\u017cone na dalsze wyposa\u017canie naszego ko\u015bcio\u0142a.  W Wielkim Po\u015bcie sk\u0142adamy ofiary na danin\u0119 diecezjaln\u0105, kt\u00f3ra jest przeznaczona na utrzymanie centralnych instytucji diecezjalnych tzn. Seminarium Duchownego, Domu Ksi\u0119\u017cy Emeryt\u00f3w, Muzeum i Archiwum, Katedry, Kurii Metropolitalnej i na Caritas. Koperty na danin\u0119 diecezjaln\u0105 i \u017c\u00f3\u0142t\u0105 kartk\u0119 na cele parafialne mo\u017cna odbiera\u0107 przy zakrystii. Prosimy aby dzisiaj zg\u0142aszali si\u0119 parafianie u kt\u00f3rych w tym roku by\u0142a kol\u0119da.<\/li><li>Zach\u0119camy do czytania prasy katolickiej: Przy zakrystii: Przewodnik Katolicki, Ma\u0142y Przewodnik Katolicki, Go\u015b\u0107 Niedzielny, Nasza Droga, Ola i Ja\u015b, Mi\u0142ujcie si\u0119, Egzorcysta  i gazetka parafialna. <\/li><li>M\u00f3dlmy si\u0119 za zmar\u0142ych parafian. Za dusz\u0119 \u015bp. Jerzego So\u0142tysiaka (pogrzeb w  \u015brod\u0119  o godz. 10.40 na Mi\u0142ostowie od ul. Gnie\u017anie\u0144skiej), \u015bp. \u0141ucji Stanis\u0142awskiej, os. Lecha 95 (msza \u015bw. pogrzebowa w poniedzia\u0142ek o godz. 12.00) i \u015bp. Jana Drzewieckiego, os. Lecha 71 (msza \u015bw. pogrzebowa w pi\u0105tek o godz. 9.00).Wieczny odpoczynek racz zmar\u0142ym da\u0107 Panie.<\/li><\/ol>\n","protected":false},"excerpt":{"rendered":"<p>OG\u0141OSZENIA DUSZPASTERSKIE Niedziela II Wielkiego Postu 17 marca 2019 r. Po rekolekcjach poczujmy w sercu przynaglenie do udzia\u0142u w nabo\u017ce\u0144stwach pasyjnych przez kt\u00f3re pragniemy odda\u0107 cze\u015b\u0107 cierpi\u0105cemu Zbawicielowi, przeb\u0142aga\u0107 za nasze grzechy oraz uprosi\u0107 potrzebne \u0142aski. DROGA KRZY\u017bOWA w pi\u0105tki Wielkiego Postu: dla dzieci godz. 16.30, dla doros\u0142ych godz. 17.30, ulicami osiedla o godz. 19.00 &#8230; <span class=\"more\"><a class=\"more-link\" href=\"https:\/\/www.chnk.pl\/?p=2282\">czytaj wi\u0119cej<\/a><\/span><\/p>\n","protected":false},"author":3,"featured_media":0,"comment_status":"open","ping_status":"open","sticky":false,"template":"","format":"standard","meta":{"ngg_post_thumbnail":0,"footnotes":""},"categories":[1],"tags":[],"_links":{"self":[{"href":"https:\/\/www.chnk.pl\/index.php?rest_route=\/wp\/v2\/posts\/2282"}],"collection":[{"href":"https:\/\/www.chnk.pl\/index.php?rest_route=\/wp\/v2\/posts"}],"about":[{"href":"https:\/\/www.chnk.pl\/index.php?rest_route=\/wp\/v2\/types\/post"}],"author":[{"embeddable":true,"href":"https:\/\/www.chnk.pl\/index.php?rest_route=\/wp\/v2\/users\/3"}],"replies":[{"embeddable":true,"href":"https:\/\/www.chnk.pl\/index.php?rest_route=%2Fwp%2Fv2%2Fcomments&post=2282"}],"version-history":[{"count":2,"href":"https:\/\/www.chnk.pl\/index.php?rest_route=\/wp\/v2\/posts\/2282\/revisions"}],"predecessor-version":[{"id":2286,"href":"https:\/\/www.chnk.pl\/index.php?rest_route=\/wp\/v2\/posts\/2282\/revisions\/2286"}],"wp:attachment":[{"href":"https:\/\/www.chnk.pl\/index.php?rest_route=%2Fwp%2Fv2%2Fmedia&parent=2282"}],"wp:term":[{"taxonomy":"category","embeddable":true,"href":"https:\/\/www.chnk.pl\/index.php?rest_route=%2Fwp%2Fv2%2Fcategories&post=2282"},{"taxonomy":"post_tag","embeddable":true,"href":"https:\/\/www.chnk.pl\/index.php?rest_route=%2Fwp%2Fv2%2Ftags&post=2282"}],"curies":[{"name":"wp","href":"https:\/\/api.w.org\/{rel}","templated":true}]}}