{"id":2278,"date":"2019-03-09T15:27:42","date_gmt":"2019-03-09T15:27:42","guid":{"rendered":"http:\/\/www.chnk.pl\/?p=2278"},"modified":"2019-03-09T15:27:42","modified_gmt":"2019-03-09T15:27:42","slug":"1-niedziela-wielkiego-postu-2","status":"publish","type":"post","link":"https:\/\/www.chnk.pl\/?p=2278","title":{"rendered":"1 Niedziela Wielkiego Postu"},"content":{"rendered":"\n<p>OG\u0141OSZENIA DUSZPASTERSKIE<br \/>\nNIEDZIELA I WIELKIEGO POSTU<br \/>\n 10 marca 2019 r. <\/p>\n\n\n\n<ol><li>Ko\u0144czymy  rekolekcje parafialne, kt\u00f3re wprowadzi\u0142y nas w czas pokuty i nawr\u00f3cenia. Dzi\u0119kujemy o. Wies\u0142awowi za pos\u0142ug\u0119 rekolekcyjn\u0105, umo\u017cliwiaj\u0105c\u0105 rozezna\u0107 pod tchnieniem Ducha \u015awi\u0119tego, co mamy czyni\u0107, aby Wielki Post by\u0142 czasem nawr\u00f3cenia i duchowego wzrostu. B\u00f3g zap\u0142a\u0107  Parafianom za udzia\u0142 w rekolekcjach oraz za udzia\u0142 miejskiej Drodze Krzy\u017cowej.<\/li><li>DROGA KRZY\u017bOWA w parafii w pi\u0105tki Wielkiego Postu: dla dzieci godz. 16.30, dla doros\u0142ych godz. 17.30, ulicami osiedla godz. 19.00 (w tym tygodniu od wej\u015bcia 78). Na Drog\u0119 Krzy\u017cow\u0105 o godz. 19.00 przychodz\u0105 tak\u017ce m\u0142odzi przygotowuj\u0105cy si\u0119 do bierzmowania.  GORZKIE \u017bALE w niedziele Wielkiego Postu o godz. 15.30.<\/li><li>Prosimy zg\u0142asza\u0107 chorych i starszych Parafian do Komunii \u015bw. wielkanocnej, na sobot\u0119 przed Niedziel\u0105 Palmow\u0105.<\/li><li>Spotkanie dzieci pierwszokomunijnych, przygotowuj\u0105ce do I spowiedzi \u015bw. odb\u0119dzie si\u0119 w  czwartek, 14 marca o godz. 16.45 w salce parafialnej.<\/li><li>Rozpoczynamy przygotowanie do Triduum Paschalnego w naszej parafii. Wszystkie osoby, kt\u00f3re chcia\u0142yby w\u0142\u0105czy\u0107 si\u0119 w \u015bpiew w czasie Triduum, zapraszamy na pr\u00f3by do salki parafialnej w ka\u017cdy pi\u0105tek po Drodze Krzy\u017cowej odprawianej ulicami osiedla o godz. 19.00. Mile widziane m\u0119skie g\u0142osy.<\/li><li>Grupa Anonimowych Alkoholik\u00f3w spotyka si\u0119 we wtorki w salce parafialnej o godz. 19.00 i jest otwarta na wszystkich, kt\u00f3rzy szukaj\u0105 pomocy do \u017cycia w trze\u017awo\u015bci.<\/li><li>Duchowa Adopcja Dziecka Nienarodzonego to modlitewna obrona dzieci zagro\u017conych   w swoim istnieniu z powodu  braku mi\u0142o\u015bci ojca i matki, oboj\u0119tno\u015bci spo\u0142ecznej oraz nieludzkiego systemu pogardy dla \u017cycia ludzkiego. Podj\u0119cie modlitwy w tej intencji mo\u017cna zadeklarowa\u0107 w tygodniu po mszy \u015bw. i  w niedziel\u0119 przed msz\u0105 \u015bw. o godz. 9.30.  Uroczyste podj\u0119cie Duchowej Adopcji w niedziel\u0119 24 marca na mszy \u015bw. o godz. 9.30.<\/li><li>Okazja do spowiedzi \u015bw. w soboty od godz. 16.00 do 17.45. Ju\u017c trwa czas spowiedzi   i komunii \u015bw. wielkanocnej<\/li><li>Zach\u0119camy do w\u0142\u0105czenia si\u0119 w wielkopostne wydarzenie \u201eKo\u015bcio\u0142\u00f3w stacyjnych miasta Poznania\u201d. Ka\u017cdego dnia, z wy\u0142\u0105czeniem niedziel i Wielkiego Tygodnia pielgrzymi gromadz\u0105 si\u0119 w innej \u015bwi\u0105tyni miasta, aby trwa\u0107 na modlitwie. Dok\u0142adny spis 34 ko\u015bcio\u0142\u00f3w stacyjnych, szczeg\u00f3\u0142owy program oraz intencje modlitewne odnajdziemy w \u201ePrzewodniku Katolickim\u201d, na tablicy og\u0142osze\u0144 oraz na stronie internetowej Archidiecezji Pozna\u0144skiej.<\/li><li>B\u00f3g zap\u0142a\u0107 za ofiary na Caritas. W przysz\u0142\u0105 niedziel\u0119, II Wielkiego Postu, w ca\u0142ej Polsce przed ko\u015bcio\u0142ami zbi\u00f3rka ofiar na misje. W naszej parafii, dodatkowo w przysz\u0142\u0105 niedziel\u0119 mo\u017cliwo\u015b\u0107 ofiarowania \u017cywno\u015bci, o przed\u0142u\u017conym czasie przechowywania. Do kosza pod ch\u00f3rem mo\u017cna sk\u0142ada\u0107 dary \u017cywno\u015bciowe dla potrzebuj\u0105cych. Prosimy, aby zakup\u00f3w nie dokonywa\u0107 w niedziel\u0119.<\/li><li>Zach\u0119camy do czytania prasy religijnej. Przy zakrystii: Przewodnik Katolicki a w nim artyku\u0142 dla rodzic\u00f3w \u201eKatecheci si\u0119 nie poddaj\u0105\u201d. Jest Go\u015b\u0107 Niedzielny, Ma\u0142y Przewodnik Katolicki, Mi\u0142ujcie si\u0119, Ziarno. Dzieci zach\u0119camy do wype\u0142niania zada\u0144 z Ziarna. W niedziele po mszy \u015bw. o godz. 11.15 losowanie nagrody spo\u015br\u00f3d prawid\u0142owych rozwi\u0105za\u0144.<\/li><\/ol>\n","protected":false},"excerpt":{"rendered":"<p>OG\u0141OSZENIA DUSZPASTERSKIE NIEDZIELA I WIELKIEGO POSTU 10 marca 2019 r. Ko\u0144czymy rekolekcje parafialne, kt\u00f3re wprowadzi\u0142y nas w czas pokuty i nawr\u00f3cenia. Dzi\u0119kujemy o. Wies\u0142awowi za pos\u0142ug\u0119 rekolekcyjn\u0105, umo\u017cliwiaj\u0105c\u0105 rozezna\u0107 pod tchnieniem Ducha \u015awi\u0119tego, co mamy czyni\u0107, aby Wielki Post by\u0142 czasem nawr\u00f3cenia i duchowego wzrostu. B\u00f3g zap\u0142a\u0107 Parafianom za udzia\u0142 w rekolekcjach oraz za udzia\u0142 &#8230; <span class=\"more\"><a class=\"more-link\" href=\"https:\/\/www.chnk.pl\/?p=2278\">czytaj wi\u0119cej<\/a><\/span><\/p>\n","protected":false},"author":3,"featured_media":0,"comment_status":"open","ping_status":"open","sticky":false,"template":"","format":"standard","meta":{"ngg_post_thumbnail":0,"footnotes":""},"categories":[1],"tags":[],"_links":{"self":[{"href":"https:\/\/www.chnk.pl\/index.php?rest_route=\/wp\/v2\/posts\/2278"}],"collection":[{"href":"https:\/\/www.chnk.pl\/index.php?rest_route=\/wp\/v2\/posts"}],"about":[{"href":"https:\/\/www.chnk.pl\/index.php?rest_route=\/wp\/v2\/types\/post"}],"author":[{"embeddable":true,"href":"https:\/\/www.chnk.pl\/index.php?rest_route=\/wp\/v2\/users\/3"}],"replies":[{"embeddable":true,"href":"https:\/\/www.chnk.pl\/index.php?rest_route=%2Fwp%2Fv2%2Fcomments&post=2278"}],"version-history":[{"count":1,"href":"https:\/\/www.chnk.pl\/index.php?rest_route=\/wp\/v2\/posts\/2278\/revisions"}],"predecessor-version":[{"id":2279,"href":"https:\/\/www.chnk.pl\/index.php?rest_route=\/wp\/v2\/posts\/2278\/revisions\/2279"}],"wp:attachment":[{"href":"https:\/\/www.chnk.pl\/index.php?rest_route=%2Fwp%2Fv2%2Fmedia&parent=2278"}],"wp:term":[{"taxonomy":"category","embeddable":true,"href":"https:\/\/www.chnk.pl\/index.php?rest_route=%2Fwp%2Fv2%2Fcategories&post=2278"},{"taxonomy":"post_tag","embeddable":true,"href":"https:\/\/www.chnk.pl\/index.php?rest_route=%2Fwp%2Fv2%2Ftags&post=2278"}],"curies":[{"name":"wp","href":"https:\/\/api.w.org\/{rel}","templated":true}]}}