{"id":2275,"date":"2019-03-09T15:21:56","date_gmt":"2019-03-09T15:21:56","guid":{"rendered":"http:\/\/www.chnk.pl\/?p=2275"},"modified":"2019-03-09T15:21:56","modified_gmt":"2019-03-09T15:21:56","slug":"pielgrzymka-do-bosni-i-chorwacji","status":"publish","type":"post","link":"https:\/\/www.chnk.pl\/?p=2275","title":{"rendered":"Pielgrzymka do Bo\u015bni i Chorwacji"},"content":{"rendered":"\n<p>ARCHIDIECEZJALNA PIELGRZYMKA DO CHORWACJI \u2013 BO\u015aNI <br \/>\n26 kwietnia \u2013 3 maja 2019 roku<\/p>\n\n\n\n<p>P R O G R A M<\/p>\n\n\n\n<p>I DZIE\u0143 \u2013 BERLIN \u2013 ZADAR \u2013 ZAGRZEB   <br \/>\nPrzelot na trasie Berlin \u2013 Zadar. Marija Bistrica \u2013 najwa\u017cniejsze dla Chorwat\u00f3w sanktuarium Maryjne, w kt\u00f3rym od wiek\u00f3w czczona jest figura Czarnej Madonny. Nocleg w okolicach Zagrzebia. <\/p>\n\n\n\n<p>II DZIEN \u2013 ZAGRZEB \u2013 PARK NARODOWY PLITVICE <br \/>\nZagrzeb \u2013 stolica Chorwacji. Zwiedzanie miasta: mi.in. katedra Wniebowzi\u0119cia Naj\u015bwi\u0119tszej Maryi Panny (gr\u00f3b b\u0142. Alojzego Stepinca) oraz male\u0144kie sanktuarium Matki Bo\u017cej z Bramy Kamiennej. Plitvi\u010dkie Jeziora \u2013 najstarszy park narodowy w Chorwacji. Szesna\u015bcie kaskadowo u\u0142o\u017conych jezior, po\u0142\u0105czonych niezliczon\u0105 ilo\u015bci\u0105 ma\u0142ych i wi\u0119kszych wodospad\u00f3w, wpisany jest na List\u0119 \u015awiatowego Dziedzictwa UNESCO. Nocleg.<\/p>\n\n\n\n<p>III DZIE\u0143 \u2013 SIBENIK \u2013 PARK NARODOWY KRKA <br \/>\n\u0160ibenik \u2013 uwa\u017cany za jedno z najpi\u0119kniejszych miast Dalmacji: katedra \u015bw. Jakuba, klasztor si\u00f3str Benedyktynek oraz sanktuarium Nikole Taveli\u0107a, patrona narodu chorwackiego. Park Narodowy Krka, utworzony w dolinie krasowej rzeki Krka \u2013 kr\u00f3tki rejs statkiem, spacer dydaktycznymi \u015bcie\u017ckami, najwi\u0119kszy wodospad na terenie parku Skradinski Buk. Nocleg.<\/p>\n\n\n\n<p>IV DZIE\u0143 \u2013 TROGIR \u2013 SPLIT <br \/>\nTrogir \u2013 nazywany r\u00f3wnie\u017c \u201ema\u0142\u0105 Wenecj\u0105\u201d ze wzgl\u0119du na liczne, ma\u0142e i w\u0105skie uliczki. Miasto wpisane jest w ca\u0142o\u015bci na List\u0119 \u015awiatowego Dziedzictwa UNESCO: katedra z portalem Mistrza Radovana, serce miasta \u2013 plac \u015bw. Jana Paw\u0142a II. Split \u2013 kompleks pa\u0142acowy Dioklecjana, star\u00f3wka, pomnik biskupa Grzegorza Ninskiego. Nocleg.<\/p>\n\n\n\n<p>V DZIE\u0143 \u2013 MEDJUGORJE <br \/>\nMedjugorje \u2013 nawiedzenie sanktuarium. Zapoznanie z histori\u0105 miejsca. Czas na indywidualn\u0105 modlitw\u0119. Nocleg. <\/p>\n\n\n\n<p>VI DZIE\u0143 \u2013 MEDJUGORJE \u2013 MOSTAR <br \/>\nMedjugorje \u2013 wej\u015bcie na G\u00f3r\u0119 Objawie\u0144, Droga Krzy\u017cowa. Mostar \u2013 kamienny Stary Most na Naretwie, ko\u015bci\u00f3\u0142 oo. Franciszkan\u00f3w, dzielnica muzu\u0142ma\u0144ska Stara Carsija, tradycyjne warsztaty rzemie\u015blnicze, meczet Koski Mehmed-Paszy. Nocleg.<\/p>\n\n\n\n<p>VII DZIE\u0143 \u2013 DUBROWNIK <br \/>\nDubrownik zwany \u201ePer\u0142\u0105 Adriatyku\u201d lub \u201eS\u0142owia\u0144skimi Atenami\u201d \u2013 Brama Pile, fontanna Onufrego, g\u0142\u00f3wna ulica Stradun, katedra Matki Bo\u017cej. Spacer po murach obronnych z XIV wieku \u2013 jedna z najwi\u0119kszych atrakcji miasta. Nocleg w okolicach Zadaru.<\/p>\n\n\n\n<p>VIII DZIE\u0143 \u2013 ZADAR \u2013 POZNA\u0143 <br \/>\nPrzelot na trasie Zadar \u2013 Berlin.<\/p>\n\n\n\n<p>Podstawowe informacje<\/p>\n\n\n\n<ol><li>Termin od 26 kwietnia (wylot i przylot &#8211; Berlin) do 3 maja 2019 r. <\/li><li>Cena 1.600 PLN + 530 EUR z\u0142 dla grupy licz\u0105cej 20-24 os\u00f3b; i 1.550 PLN + 480 EUR z\u0142 dla grupy licz\u0105cej 25-29 os\u00f3b; 1.500 PLN + 450 EUR z\u0142 dla grupy licz\u0105cej 30-34 os\u00f3b; 1.450 PLN + 430 EUR z\u0142 dla grupy licz\u0105cej 35-39 os\u00f3b. W tej cenie s\u0105 wliczone:<br \/>\n\uf02d    przelot na trasie Berlin \u2013 Zadar \u2013 Berlin<br \/>\n\uf02d    7 nocleg\u00f3w w hotelach i pensjonatach 3* \/pokoje dwuosobowe, dop\u0142ata do pokoju jednoosobowego 140 EUR\/<br \/>\n\uf02d    wy\u017cywienie 2 razy dziennie \/\u015bniadanie, obiadokolacja\/<br \/>\n\uf02d    przejazdy autokarem wed\u0142ug programu <br \/>\n\uf02d    bilety wst\u0119pu do zwiedzanych obiekt\u00f3w<br \/>\n\uf02d    opiek\u0119 pilota\/ przewodnika <br \/>\n\uf02d    opiek\u0119 duchow\u0105 kap\u0142ana<br \/>\n\uf02d    ubezpieczenie KL i NNW \/zawiera ubezpieczenie od chor\u00f3b przewlek\u0142ych\/.<\/li><li>Zg\u0142oszenia na pielgrzymk\u0119 mo\u017cna dokona\u0107 w Kurii Metropolitalnej u Ks. Kanclerza tel. 61\/851-28-00 lub (601) 772-833. Pro\u015bba o wst\u0119pne zg\u0142aszanie liczby uczestnik\u00f3w do ko\u0144ca roku 2018 .<\/li><li>Przy zg\u0142oszeniu trzeba poda\u0107 nast\u0119puj\u0105ce dane:<br \/>\n\uf02d    imi\u0119 i nazwisko oraz data i miejsce urodzenia,<br \/>\n\uf02d    adres zamieszkania z kodem pocztowym oraz telefon kontaktowy,<br \/>\n\uf02d    numer i seria dokumentu to\u017csamo\u015bci (dow\u00f3d osobisty lub paszport) oraz termin wa\u017cno\u015bci,<br \/>\n\uf02d    wp\u0142ata 500 z\u0142<\/li><li>Pielgrzymk\u0119 obs\u0142uguje Biuro Pielgrzymkowo-Turystyczne Ad Astra z Ornontowic. <\/li><li>Informacja o pielgrzymce oraz formularz zg\u0142oszeniowy dost\u0119pny jest na stronie Archidiecezji www.archpoznan.pl. w zak\u0142adce Duszpasterstwo, Pielgrzymki.<\/li><\/ol>\n","protected":false},"excerpt":{"rendered":"<p>ARCHIDIECEZJALNA PIELGRZYMKA DO CHORWACJI \u2013 BO\u015aNI 26 kwietnia \u2013 3 maja 2019 roku P R O G R A M I DZIE\u0143 \u2013 BERLIN \u2013 ZADAR \u2013 ZAGRZEB Przelot na trasie Berlin \u2013 Zadar. Marija Bistrica \u2013 najwa\u017cniejsze dla Chorwat\u00f3w sanktuarium Maryjne, w kt\u00f3rym od wiek\u00f3w czczona jest figura Czarnej Madonny. Nocleg w okolicach Zagrzebia. &#8230; <span class=\"more\"><a class=\"more-link\" href=\"https:\/\/www.chnk.pl\/?p=2275\">czytaj wi\u0119cej<\/a><\/span><\/p>\n","protected":false},"author":3,"featured_media":0,"comment_status":"open","ping_status":"open","sticky":false,"template":"","format":"standard","meta":{"ngg_post_thumbnail":0,"footnotes":""},"categories":[1],"tags":[],"_links":{"self":[{"href":"https:\/\/www.chnk.pl\/index.php?rest_route=\/wp\/v2\/posts\/2275"}],"collection":[{"href":"https:\/\/www.chnk.pl\/index.php?rest_route=\/wp\/v2\/posts"}],"about":[{"href":"https:\/\/www.chnk.pl\/index.php?rest_route=\/wp\/v2\/types\/post"}],"author":[{"embeddable":true,"href":"https:\/\/www.chnk.pl\/index.php?rest_route=\/wp\/v2\/users\/3"}],"replies":[{"embeddable":true,"href":"https:\/\/www.chnk.pl\/index.php?rest_route=%2Fwp%2Fv2%2Fcomments&post=2275"}],"version-history":[{"count":2,"href":"https:\/\/www.chnk.pl\/index.php?rest_route=\/wp\/v2\/posts\/2275\/revisions"}],"predecessor-version":[{"id":2277,"href":"https:\/\/www.chnk.pl\/index.php?rest_route=\/wp\/v2\/posts\/2275\/revisions\/2277"}],"wp:attachment":[{"href":"https:\/\/www.chnk.pl\/index.php?rest_route=%2Fwp%2Fv2%2Fmedia&parent=2275"}],"wp:term":[{"taxonomy":"category","embeddable":true,"href":"https:\/\/www.chnk.pl\/index.php?rest_route=%2Fwp%2Fv2%2Fcategories&post=2275"},{"taxonomy":"post_tag","embeddable":true,"href":"https:\/\/www.chnk.pl\/index.php?rest_route=%2Fwp%2Fv2%2Ftags&post=2275"}],"curies":[{"name":"wp","href":"https:\/\/api.w.org\/{rel}","templated":true}]}}