{"id":2273,"date":"2019-03-04T18:29:25","date_gmt":"2019-03-04T18:29:25","guid":{"rendered":"http:\/\/www.chnk.pl\/?p=2273"},"modified":"2019-03-04T18:29:25","modified_gmt":"2019-03-04T18:29:25","slug":"rekolekcje-wielkopostne-19","status":"publish","type":"post","link":"https:\/\/www.chnk.pl\/?p=2273","title":{"rendered":"Rekolekcje Wielkopostne &#8217;19"},"content":{"rendered":"\n<p>REKOLEKCJE WIELKOPOSTNE 2019<br \/> Parafia Chrystusa Najwy\u017cszego Kap\u0142ana \u2013 Osiedle Lecha<br \/> 6 marca &#8211; \u015aroda Popielcowa &#8211;  Dzie\u0144 publicznej pokuty<br \/> 07.00 &#8211;  Msza \u015bw. + nauka<br \/> 08.00 &#8211;  Msza \u015bw. + nauka + Nowenna do MB Nieustaj\u0105cej Po\u00acmocy<br \/> 16.30 &#8211;  Msza \u015bw. + nauka  <br \/> 18.00 &#8211;  Msza \u015bw. + nauka<br \/> 19.00 &#8211;  Msza \u015bw. + nauka <br \/> 20.00 &#8211;  Wystawienie Naj\u015bwi\u0119tszego Sakramentu <br \/> 20.30 &#8211;  Apel Jasnog\u00f3rski <br \/> 7 marca \u2013 Czwartek &#8211; Modlitwa za  Ko\u015bci\u00f3\u0142 diecezjalny<br \/> 07.30 &#8211; Koronka do Mi\u0142osierdzia Bo\u017cego i modlitwy poranne <br \/> 08.00 &#8211; Mszy \u015bw.+ Nauka og\u00f3lna + Adoracja do godz. 10.30 <br \/> 17.30 &#8211; Msza \u015bw.(bez kazania) + wyjazd tramwajem na <br \/> Miejsk\u0105 Drog\u0119 Krzy\u017cow\u0105<br \/> 8 marca \u2013 Pi\u0105tek &#8211;  Dzie\u0144 przylgni\u0119cia do Krzy\u017ca<br \/> 07.30 &#8211; Droga Krzy\u017cowa <br \/> 08.00 &#8211; Msza \u015bw. z nauk\u0105 og\u00f3ln\u0105 <br \/>  Spowied\u017a \u015bw. od godz. 16.00                                                                                               16.30 &#8211; Droga Krzy\u017cowa dla dzieci <br \/> 17.30 &#8211; Droga Krzy\u017cowa dla doros\u0142ych <br \/> 18.00 &#8211; Msza \u015bw. z nauk\u0105 og\u00f3ln\u0105 + <br \/>             Nauka stanowa dla rodzic\u00f3w dzieci pierwszokomunijnych i kandydat\u00f3w                                      do  bierzmowania.<br \/> 19.45 &#8211; 20.30 &#8211; Wystawienie Naj\u015bw. Sakramentu +Spowied\u017a <br \/> 20.30 &#8211;  Apel Jasnog\u00f3rski <br \/> 9 marca  &#8211; Sobota &#8211; Dzie\u0144 Matki Bo\u017cej Bolesnej<br \/> 07.30 &#8211; Godzinki o Niepokalanym Pocz\u0119ciu <br \/> 08.00 &#8211; Msza \u015bw. z nauk\u0105 og\u00f3ln\u0105<br \/>             Spowied\u017a \u015bw. od godz. 9.00 do 10.00<br \/> 10.00 &#8211; Msza \u015bw. z udzielaniem sakramentu chorych<br \/>             Spowied\u017a \u015bw. od godz. 16.00 do 18.00<br \/> 17.20  &#8211; R\u00f3\u017caniec o owoce rekolekcji. (zelatorzy)<br \/> 18.00  &#8211; Msza \u015bw. z nauk\u0105 rekolekcyjn\u0105. <br \/> 19.00  &#8211; 20.30 &#8211; Adoracja Naj\u015bw. Sakramentu. <br \/> 20.30  &#8211; Apel Jasnog\u00f3rski. <br \/> 10 marca &#8211; Niedziela &#8211;  ku Zmartwychwstaniu<br \/> 08.00 &#8211;   Msza \u015bw. + nauka<br \/> 09.30 &#8211;   Msza \u015bw. + nauka<br \/> 11.15 &#8211;   Msza \u015bw. + nauka<br \/> 12.30 &#8211;   Msza \u015bw. + nauka<br \/> 13.30 &#8211;   Gorzkie \u017bale<br \/> 18.00 &#8211;   Msza \u015bw. + nauka<br \/> Zako\u0144czenie rekolekcji wielkopostnych; <\/p>\n","protected":false},"excerpt":{"rendered":"<p>REKOLEKCJE WIELKOPOSTNE 2019 Parafia Chrystusa Najwy\u017cszego Kap\u0142ana \u2013 Osiedle Lecha 6 marca &#8211; \u015aroda Popielcowa &#8211; Dzie\u0144 publicznej pokuty 07.00 &#8211; Msza \u015bw. + nauka 08.00 &#8211; Msza \u015bw. + nauka + Nowenna do MB Nieustaj\u0105cej Po\u00acmocy 16.30 &#8211; Msza \u015bw. + nauka 18.00 &#8211; Msza \u015bw. + nauka 19.00 &#8211; Msza \u015bw. + nauka &#8230; <span class=\"more\"><a class=\"more-link\" href=\"https:\/\/www.chnk.pl\/?p=2273\">czytaj wi\u0119cej<\/a><\/span><\/p>\n","protected":false},"author":3,"featured_media":0,"comment_status":"open","ping_status":"open","sticky":false,"template":"","format":"standard","meta":{"ngg_post_thumbnail":0,"footnotes":""},"categories":[1],"tags":[],"_links":{"self":[{"href":"https:\/\/www.chnk.pl\/index.php?rest_route=\/wp\/v2\/posts\/2273"}],"collection":[{"href":"https:\/\/www.chnk.pl\/index.php?rest_route=\/wp\/v2\/posts"}],"about":[{"href":"https:\/\/www.chnk.pl\/index.php?rest_route=\/wp\/v2\/types\/post"}],"author":[{"embeddable":true,"href":"https:\/\/www.chnk.pl\/index.php?rest_route=\/wp\/v2\/users\/3"}],"replies":[{"embeddable":true,"href":"https:\/\/www.chnk.pl\/index.php?rest_route=%2Fwp%2Fv2%2Fcomments&post=2273"}],"version-history":[{"count":1,"href":"https:\/\/www.chnk.pl\/index.php?rest_route=\/wp\/v2\/posts\/2273\/revisions"}],"predecessor-version":[{"id":2274,"href":"https:\/\/www.chnk.pl\/index.php?rest_route=\/wp\/v2\/posts\/2273\/revisions\/2274"}],"wp:attachment":[{"href":"https:\/\/www.chnk.pl\/index.php?rest_route=%2Fwp%2Fv2%2Fmedia&parent=2273"}],"wp:term":[{"taxonomy":"category","embeddable":true,"href":"https:\/\/www.chnk.pl\/index.php?rest_route=%2Fwp%2Fv2%2Fcategories&post=2273"},{"taxonomy":"post_tag","embeddable":true,"href":"https:\/\/www.chnk.pl\/index.php?rest_route=%2Fwp%2Fv2%2Ftags&post=2273"}],"curies":[{"name":"wp","href":"https:\/\/api.w.org\/{rel}","templated":true}]}}