{"id":2270,"date":"2019-03-04T15:45:16","date_gmt":"2019-03-04T15:45:16","guid":{"rendered":"http:\/\/www.chnk.pl\/?p=2270"},"modified":"2019-03-04T15:45:16","modified_gmt":"2019-03-04T15:45:16","slug":"8-niedziela-zwykla","status":"publish","type":"post","link":"https:\/\/www.chnk.pl\/?p=2270","title":{"rendered":"8 Niedziela Zwyk\u0142a"},"content":{"rendered":"\n<p>OG\u0141OSZENIA DUSZPASTERSKIE <br \/>\nNIEDZIELA VIII ZWYK\u0141A<br \/>\n3 marca 2019 r.<\/p>\n\n\n\n<ol><li>Kalendarz liturgiczny. W poniedzia\u0142ek czcimy \u015bw. Kazimierza Kr\u00f3lewicza, patrona Polski i Litwy. <\/li><li>We wtorek ko\u0144czy si\u0119 czas hucznych wesel i zabaw.  Od \u015brody rozpoczynamy  Wielki Post. Rozpoczyna si\u0119 czas spowiedzi i Komunii \u015bw. wielkanocnej. <\/li><li>W \u015arod\u0119 Popielcow\u0105 msza \u015bw. o godz. 7.00, 8.00, 16.30,  18.00 i 19.00. W \u015arod\u0119 Popielcow\u0105 obowi\u0105zuje post zwyk\u0142y i post \u015bcis\u0142y od kt\u00f3rych nie ma dyspensy. Do zachowania postu \u015bcis\u0142ego zobowi\u0105zane s\u0105 osoby, kt\u00f3re uko\u0144czy\u0142y osiemnasty rok \u017cycia a nie rozpocz\u0119\u0142y jeszcze sze\u015b\u0107dziesi\u0105tego. Post zwyk\u0142y obowi\u0105zuje od 14 roku \u017cycia do \u015bmierci. W \u015arod\u0119 Popielcow\u0105, przed ko\u015bcio\u0142em, mo\u017cliwo\u015b\u0107 z\u0142o\u017cenia ofiary na CARITAS. Od \u015arody Popielcowej do niedzieli odprawia si\u0119 Kwartalne dni modlitw o ducha pokuty po\u0142\u0105czone z modlitw\u0105 o trze\u017awo\u015b\u0107. Modlitw\u0105, postem i trze\u017awo\u015bci\u0105 pragniemy wynagrodzi\u0107 sprawiedliwo\u015bci Bo\u017cej nasze grzechy. Zach\u0119camy do podj\u0119cia indywidualnego postu o chlebie i wodzie w jeden dzie\u0144 Wielkiego Postu. Szukamy czterdziestu parafian, kt\u00f3rzy podj\u0119liby t\u0119 praktyk\u0119 pokutn\u0105 w intencji Nawiedzenia Matki Bo\u017cej Jasnog\u00f3rskiej w naszej Parafii. Szczeg\u00f3\u0142y po mszy \u015bw. w kaplicy przy zakrystii. W \u015arod\u0119 Popielcow\u0105 rozpoczniemy rekolekcje Wielkopostne. Poprowadzi je O. Wies\u0142aw Nazaruk, Oblat Maryi Niepokalanej. Plan rekolekcji jest wywieszony na tablicy og\u0142osze\u0144 i do zabrania na ulotkach pod ch\u00f3rem.<\/li><li>W czwartek, 7 marca br. godz. 1830 zostanie odprawiona w naszym mie\u015bcie tradycyjna Droga Krzy\u017cowa. Rozpocznie si\u0119 ona Msz\u0105 \u015bw. w pozna\u0144skiej Farze o godz. 1800. W roku przybycia do archidiecezji Matki Bo\u017cej w znaku Ikony Jasnog\u00f3rskiej pragniemy prosi\u0107 Matk\u0119 Bo\u017c\u0105 Bolesn\u0105 o wstawiennictwo przed Bogiem, aby\u015bmy dobrze prze\u017cyli czas Wielkiego Postu oraz przygotowali nasze serca na przyj\u0119cie Jezusa, kt\u00f3rego Maryja nieustannie nam pokazuje i przynosi. Zapraszamy do udzia\u0142u w tym wielkopostnym nabo\u017ce\u0144stwie, przez kt\u00f3re pragniemy odda\u0107 cze\u015b\u0107 cierpi\u0105cemu Zbawicielowi, przeb\u0142aga\u0107 za grzechy w\u0142asne, naszego miasta i Ojczyzny oraz uprosi\u0107 potrzebne \u0142aski dla wszystkich wsp\u00f3\u0142czesnych chrze\u015bcijan. Miejsk\u0105 Drog\u0119 Krzy\u017cow\u0105 w\u0142\u0105czamy w rekolekcje parafialne. W zwi\u0105zku tym  w czwartek wieczorna msza \u015bw. w naszej parafii o godz. 17.30 i wsp\u00f3lny przejazd tramwajem do Fary.<\/li><li>W tym tygodniu I czwartek miesi\u0105ca. Adoracje Naj\u015bwi\u0119tszego Sakramentu po mszy \u015bw. porannej do godz. 10.30 w intencji poszanowania \u017cycia ludzkiego oraz godno\u015bci jego przekazywania. <\/li><li>DROGA KRZY\u017bOWA w pi\u0105tki Wielkiego Postu: dla dzieci godz. 16.30, dla doros\u0142ych godz. 17.30, ulicami osiedla godz. 19.00 (w tym tygodniu od wej\u015bcia nr 66, przynosimy ze sob\u0105 \u015bwiece lub znicze). GORZKIE \u017bALE w niedziele Wielkiego Postu o godz. 15.30.<\/li><li>B\u00f3g zap\u0142a\u0107 za ofiary sk\u0142adane na doposa\u017canie naszego ko\u015bcio\u0142a. <\/li><li>Drzwi otwarte w sobot\u0119 9 marca 2019 r. o godz. 10.00 w szko\u0142ach Si\u00f3str Zmartwychwstanek przy ul. G\u0142ogowskiej. Szczeg\u00f3\u0142y na tablicy og\u0142osze\u0144 i www.gloszp.pl<\/li><li>Zach\u0119camy do si\u0119gania po pras\u0119 katolick\u0105. W najnowszym numerze \u201ePrzewodnika Katolickiego\u201d a w nim o watyka\u0144skim szczycie o ochronie nieletnich i o wielkopostnej przemianie \u2013 minimum s\u0142\u00f3w maksimum dzia\u0142ania. Jest Ma\u0142y Przewodnik Katolicki (dla dzieci), Ola i Ja\u015b (dla przedszkolak\u00f3w), Nasza Droga (dla m\u0142odzie\u017cy). Go\u015b\u0107 Niedzielny, gazetka parafialna.<\/li><\/ol>\n","protected":false},"excerpt":{"rendered":"<p>OG\u0141OSZENIA DUSZPASTERSKIE NIEDZIELA VIII ZWYK\u0141A 3 marca 2019 r. Kalendarz liturgiczny. W poniedzia\u0142ek czcimy \u015bw. Kazimierza Kr\u00f3lewicza, patrona Polski i Litwy. We wtorek ko\u0144czy si\u0119 czas hucznych wesel i zabaw. Od \u015brody rozpoczynamy Wielki Post. Rozpoczyna si\u0119 czas spowiedzi i Komunii \u015bw. wielkanocnej. W \u015arod\u0119 Popielcow\u0105 msza \u015bw. o godz. 7.00, 8.00, 16.30, 18.00 i &#8230; <span class=\"more\"><a class=\"more-link\" href=\"https:\/\/www.chnk.pl\/?p=2270\">czytaj wi\u0119cej<\/a><\/span><\/p>\n","protected":false},"author":3,"featured_media":0,"comment_status":"open","ping_status":"open","sticky":false,"template":"","format":"standard","meta":{"ngg_post_thumbnail":0,"footnotes":""},"categories":[1],"tags":[],"_links":{"self":[{"href":"https:\/\/www.chnk.pl\/index.php?rest_route=\/wp\/v2\/posts\/2270"}],"collection":[{"href":"https:\/\/www.chnk.pl\/index.php?rest_route=\/wp\/v2\/posts"}],"about":[{"href":"https:\/\/www.chnk.pl\/index.php?rest_route=\/wp\/v2\/types\/post"}],"author":[{"embeddable":true,"href":"https:\/\/www.chnk.pl\/index.php?rest_route=\/wp\/v2\/users\/3"}],"replies":[{"embeddable":true,"href":"https:\/\/www.chnk.pl\/index.php?rest_route=%2Fwp%2Fv2%2Fcomments&post=2270"}],"version-history":[{"count":1,"href":"https:\/\/www.chnk.pl\/index.php?rest_route=\/wp\/v2\/posts\/2270\/revisions"}],"predecessor-version":[{"id":2271,"href":"https:\/\/www.chnk.pl\/index.php?rest_route=\/wp\/v2\/posts\/2270\/revisions\/2271"}],"wp:attachment":[{"href":"https:\/\/www.chnk.pl\/index.php?rest_route=%2Fwp%2Fv2%2Fmedia&parent=2270"}],"wp:term":[{"taxonomy":"category","embeddable":true,"href":"https:\/\/www.chnk.pl\/index.php?rest_route=%2Fwp%2Fv2%2Fcategories&post=2270"},{"taxonomy":"post_tag","embeddable":true,"href":"https:\/\/www.chnk.pl\/index.php?rest_route=%2Fwp%2Fv2%2Ftags&post=2270"}],"curies":[{"name":"wp","href":"https:\/\/api.w.org\/{rel}","templated":true}]}}