{"id":2261,"date":"2019-02-23T16:46:01","date_gmt":"2019-02-23T16:46:01","guid":{"rendered":"http:\/\/www.chnk.pl\/?p=2261"},"modified":"2019-03-02T14:49:16","modified_gmt":"2019-03-02T14:49:16","slug":"2261","status":"publish","type":"post","link":"https:\/\/www.chnk.pl\/?p=2261","title":{"rendered":"Ko\u015bcio\u0142y stacyjne"},"content":{"rendered":"\n<p><a href=\"file:\/\/\/home\/ramboo\/Pobrane\/kosc_stac_20.02.2019%20(1).pdf\">P<\/a><\/p>\n\n\n\n<p>KO\u015aCIO\u0141Y STACYJNE MIASTA POZNANIA ORAZ INTENCJE TOWARZYSZ\u0104CE POSZCZEG\u00d3LNYM STACJOM <br \/>\n\u201eW mocy Ducha Chrystusa Ukrzy\u017cowanego\u201d<br \/>\nWIELKI POST 2019<\/p>\n\n\n\n<p>L.p.    Data    Ko\u015bci\u00f3\u0142 Intencja<\/p>\n\n\n\n<ol><li>06.03.2019<br \/>\n\u015aroda Popielcowa    Bazylika Archikatedralna pw. \u015bw. Aposto\u0142\u00f3w Piotra<br \/>\ni Paw\u0142a, ul. Ostr\u00f3w Tumski 17    O ducha pokuty i nawr\u00f3cenia w Ko\u015bciele<\/li><li>07.03.2019<br \/>\nCzwartek po Popielcu    Bazylika-Kolegiata Pozna\u0144ska pw. Matki Bo\u017cej Nieustaj\u0105cej Pomocy i \u015bw. Marii Magdaleny i \u015bw. Stanis\u0142awa Biskupa, ul. Klasztorna 11  O potrzebne dary i \u0142aski dla Papie\u017ca, Kolegium Kardynalskiego i Biskup\u00f3w<\/li><li>08.03.2019<br \/>\nPi\u0105tek po Popielcu    Ko\u015bci\u00f3\u0142 pw. Naj\u015bwi\u0119tszego Zbawiciela, <br \/>\nul. Fredry 11    W intencji przeb\u0142agalnej i wynagradzaj\u0105cej Boskiemu Sercu Jezusa za grzechy ludzi Ko\u015bcio\u0142a<\/li><li>09.03.2019<br \/>\nSobota po Popielcu    Ko\u015bci\u00f3\u0142 Akademicki Ojc\u00f3w Dominikan\u00f3w, <br \/>\nul. Ko\u015bciuszki 97\/99    O \u0142ask\u0119 \u015bwi\u0119to\u015bci dla kap\u0142an\u00f3w Ko\u015bcio\u0142a<\/li><li>10.03.2019<br \/>\nNiedziela, I WP    Kaplica szpitalna pw. Przemienienia Pa\u0144skiego,<br \/>\nul. D\u0142uga 1\/2    O Bo\u017ce b\u0142ogos\u0142awie\u0144stwo i potrzebne \u0142aski dla pracownik\u00f3w s\u0142u\u017cby zdrowia<\/li><li>11.03.2019<br \/>\nPoniedzia\u0142ek, I WP    Ko\u015bci\u00f3\u0142 pw. Nawiedzenia Naj\u015bwi\u0119tszej Maryi Panny, <br \/>\nos. Bohater\u00f3w II Wojny \u015awiatowej 88    O \u015bwiat\u0142o i dary Ducha \u015awi\u0119tego dla moderator\u00f3w ASD w Poznaniu<\/li><li>12.03.2019<br \/>\nWtorek, I WP    Ko\u015bci\u00f3\u0142 pw. Nawr\u00f3cenia \u015awi\u0119tego Paw\u0142a, <br \/>\nos. Piastowskie 79    O \u0142ask\u0119 piel\u0119gnowania \u017cycia konsekrowanego dla kap\u0142an\u00f3w zakonnych, si\u00f3str i braci zakonnych<\/li><li>13.03.2019<br \/>\n\u015aroda, I WP    Ko\u015bci\u00f3\u0142 pw. Imienia Maryi,<br \/>\nul. Santocka 15    O dar przemiany \u017cycia dla trwaj\u0105cych w na\u0142ogach<\/li><li>14.03.2019<br \/>\nCzwartek, I WP    Ko\u015bci\u00f3\u0142 pw. \u015bw. Jana Kantego, <br \/>\nul. Grunwaldzka 86    O dar beatyfikacji s\u0142ugi Bo\u017cego ks. Aleksandra Wo\u017anego<\/li><li>15.03.2019<br \/>\nPi\u0105tek, I WP    Ko\u015bci\u00f3\u0142 pw. NSJ i \u015bwi\u0119tego Floriana,<br \/>\nul. Ko\u015bcielna 3    O dar \u017cycia wskazaniami Dekalogu i Ewangelii dla rodzin<\/li><li>16.03.2019<br \/>\nSobota, I WP    Ko\u015bci\u00f3\u0142 pw. \u015bw. Stanis\u0142awa Biskupa i M\u0119czennika, <br \/>\nos. Boles\u0142awa \u015amia\u0142ego 122    O \u0142ask\u0119 chrze\u015bcija\u0144skiego wychowania dzieci<\/li><li>18.03.2019<br \/>\nPoniedzia\u0142ek, II WP    Ko\u015bci\u00f3\u0142 pw. \u015bw. Jadwigi \u015al\u0105skiej, <br \/>\nul. Cyniowa 15    O \u0142ask\u0119 chrze\u015bcija\u0144skiego wychowania m\u0142odzie\u017cy<\/li><li>19.03.2019<br \/>\nWtorek, II WP    Ko\u015bci\u00f3\u0142 pw. \u015bw. Wojciecha, <br \/>\nWzg\u00f3rze \u015awi\u0119tego Wojciecha 1    O dar nowych powo\u0142a\u0144 kap\u0142a\u0144skich<\/li><li>20.03.2019<br \/>\n\u015aroda, II WP    Ko\u015bci\u00f3\u0142 pw. \u015bw. Stanis\u0142awa Kostki,<br \/>\nul. Rejtana 8    O dar nowych powo\u0142a\u0144 zakonnych<\/li><li>21.03.2019<br \/>\nCzwartek, II WP    Ko\u015bci\u00f3\u0142 pw. \u015bw. Rocha, <br \/>\nul. \u015aw. Rocha 10    O dar nowych powo\u0142a\u0144 misyjnych<\/li><li>22.03.2019<br \/>\nPi\u0105tek, II WP    Ko\u015bci\u00f3\u0142 pw. Mi\u0142osierdzia Bo\u017cego, <br \/>\nos. Jana III Sobieskiego 116    O zaprzestanie prze\u015bladowania chrze\u015bcijan na ca\u0142ym \u015bwiecie<\/li><li>23.03.2019<br \/>\nSobota, II WP    Ko\u015bci\u00f3\u0142 pw. \u015awi\u0119tego Krzy\u017ca, <br \/>\nul. Cz\u0119stochowska 16    O \u0142ask\u0119 nawr\u00f3cenia dla prze\u015bladowc\u00f3w chrze\u015bcijan<\/li><li>25.03.2019<br \/>\nPoniedzia\u0142ek, III WP    Ko\u015bci\u00f3\u0142 pw. Zwiastowania Pa\u0144skiego, ul. Boles\u0142awa Le\u015bmiana 2a, Diecezjalne Sanktuarium \u015awi\u0119to\u015bci \u017bycia  O \u0142ask\u0119 poszanowania \u015bwi\u0119to\u015bci \u017cycia od pocz\u0119cia do naturalnej \u015bmierci <\/li><li>26.03.2019<br \/>\nWtorek, III WP    Ko\u015bci\u00f3\u0142 pw. \u015bw. Karola Boromeusza, <br \/>\nos. Pod Lipami 100    O dar intensywnego rozwoju misyjnych dzie\u0142 Ko\u015bcio\u0142a<\/li><li>27.03.2019<br \/>\n\u015aroda, III WP    Ko\u015bci\u00f3\u0142 pw. \u015bw. Ojca Pio z Pietrelciny, <br \/>\nul. Wa\u0144kowicza 2a    O \u0142ask\u0119 zgody i pojednania w narodzie<\/li><li>28.03.2019<br \/>\nCzwartek, III WP    Ko\u015bci\u00f3\u0142 pw. \u015bw. Franciszka Serafickiego, <br \/>\nul. Garbary 22    O \u0142ask\u0119 zgody i pojednania w rodzinach<\/li><li>29.03.2019<br \/>\nPi\u0105tek, III WP    Ko\u015bci\u00f3\u0142 pw. Naj\u015bwi\u0119tszej Maryi Panny Wspomo\u017cenia Wiernych, <br \/>\nul. Wroniecka 9    W intencji przeb\u0142agalnej i wynagradzaj\u0105cej Boskiemu Sercu Jezusa za grzechy aborcji i eutanazji <\/li><li>30.03.2019<br \/>\nSobota, III WP    Ko\u015bci\u00f3\u0142 pw. Bo\u017cego Cia\u0142a, <br \/>\nul. Strzelecka 40    O \u0142ask\u0119 wyniesienie do chwa\u0142y o\u0142tarzy S\u0142ug Bo\u017cych z Archidiecezji Pozna\u0144skiej<\/li><li>01.04.2019<br \/>\nPoniedzia\u0142ek, IV WP    Ko\u015bci\u00f3\u0142 pw. \u015bw. Antoniego Padewskiego ( Ojcowie Franciszkanie Konwentualni), ul. Franciszka\u0144ska 2   O \u0142ask\u0119 wytrwania w sakramentalnych postanowieniach dla m\u0142odych ma\u0142\u017conk\u00f3w<\/li><li>02.04.2019<br \/>\nWtorek, IV WP    Sanktuarium \u015bw. J\u00f3zefa (Ojcowie Karmelici), <br \/>\nul. Dzia\u0142owa 25    O dar potomstwa dla ma\u0142\u017conk\u00f3w, kt\u00f3rzy nie mog\u0105 pocz\u0105\u0107 dziecka<\/li><li>03.04.2019<br \/>\n\u015aroda, IV WP    Ko\u015bci\u00f3\u0142 pw. \u015bw. Marcina, <br \/>\nul. \u015aw. Marcin 13    O dar dobrego przygotowania i prze\u017cycia Nawiedzenia Kopii Cudownego Obrazu Matki Bo\u017cej Cz\u0119stochowskiej w naszej archidiecezji<\/li><li>04.04.2019<br \/>\nCzwartek, IV WP    Ko\u015bci\u00f3\u0142 pw. \u015bw. \u015awi\u0119tej Tr\u00f3jcy, <br \/>\nul. 28 czerwca 1956 nr 328    O dary Ducha \u015awi\u0119tego dla katechizuj\u0105cych w szko\u0142ach<\/li><li>05.04.2019<br \/>\nPi\u0105tek, IV WP    Ko\u015bci\u00f3\u0142 pw. Objawienia Pa\u0144skiego, <br \/>\nul. Miastkowska 128-132    W intencji przeb\u0142agalnej i wynagradzaj\u0105cej za grzechy przeciwko Boskiemu Sercu Jezusa<\/li><li>06.04.2019<br \/>\nSobota, IV WP    Ko\u015bci\u00f3\u0142 pw. Naj\u015bwi\u0119tszego Serca Pana Jezusa i Matki Bo\u017cej Pocieszenia \u2013 Sanktuarium Matki Bo\u017cej R\u00f3\u017ca\u0144cowej, ul. Szewska 18  O dar czystego serca dla dzieci przyjmuj\u0105cych po raz pierwszy Komuni\u0119 \u015awi\u0119t\u0105<\/li><li>08.04.2019<br \/>\nPoniedzia\u0142ek, V WP    Ko\u015bci\u00f3\u0142 pw. Matki Boskiej Bolesnej, <br \/>\nul. G\u0142ogowska 97    O ducha bezinteresownej s\u0142u\u017cby bli\u017anim<\/li><li>09.04.2019<br \/>\nWtorek, V WP    Ko\u015bci\u00f3\u0142 pw. \u015bw. Anny,<br \/>\nul. Limanowskiego 13    O dar zdrowia dla ci\u0119\u017cko chorych<\/li><li>10.04.2019<br \/>\n\u015aroda, V WP    Ko\u015bci\u00f3\u0142 pw. \u015bw. Micha\u0142a Archanio\u0142a, <br \/>\nul. Stolarska 7    O poszanowanie godno\u015bci ka\u017cdego cz\u0142owieka<\/li><li>11.04.2019<br \/>\nCzwartek, V WP    Ko\u015bci\u00f3\u0142 pw. Wniebowst\u0105pienia Pa\u0144skiego, <br \/>\nos. Wichrowe Wzg\u00f3rze 130    O dar pokoju i zaprzestania konflikt\u00f3w zbrojnych na ca\u0142ym \u015bwiecie<\/li><li>12.04.2019<br \/>\nPi\u0105tek, V WP    Ko\u015bci\u00f3\u0142 pw. Naj\u015bwi\u0119tszej Krwi Pana Jezusa, <br \/>\nul. \u017bydowska 34    W intencji przeb\u0142agalnej i wynagradzaj\u0105cej za grzechy \u015bwi\u0119tokradztwa <\/li><li>13.04.2019<br \/>\nSobota, V WP    Ko\u015bci\u00f3\u0142 pw. \u015bw. Jana Bosko, <br \/>\nul. Warzywna 17    O b\u0142ogos\u0142awione owoce spotkania m\u0142odzie\u017cy z papie\u017cem w Panamie<\/li><li>14.04.2019<br \/>\nNiedziela Palmowa    Bazylika Archikatedralna pw. \u015bw. Aposto\u0142\u00f3w Piotra<br \/>\ni Paw\u0142a, ul. Ostr\u00f3w Tumski 17    O \u0142ask\u0119 sakramentalnej jedno\u015bci z Bogiem dla wiernych na czas \u015awi\u0105t Zmartwychwstania Pa\u0144skiego<\/li><\/ol>\n","protected":false},"excerpt":{"rendered":"<p>P KO\u015aCIO\u0141Y STACYJNE MIASTA POZNANIA ORAZ INTENCJE TOWARZYSZ\u0104CE POSZCZEG\u00d3LNYM STACJOM \u201eW mocy Ducha Chrystusa Ukrzy\u017cowanego\u201d WIELKI POST 2019 L.p. Data Ko\u015bci\u00f3\u0142 Intencja 06.03.2019 \u015aroda Popielcowa Bazylika Archikatedralna pw. \u015bw. Aposto\u0142\u00f3w Piotra i Paw\u0142a, ul. Ostr\u00f3w Tumski 17 O ducha pokuty i nawr\u00f3cenia w Ko\u015bciele 07.03.2019 Czwartek po Popielcu Bazylika-Kolegiata Pozna\u0144ska pw. Matki Bo\u017cej Nieustaj\u0105cej Pomocy &#8230; <span class=\"more\"><a class=\"more-link\" href=\"https:\/\/www.chnk.pl\/?p=2261\">czytaj wi\u0119cej<\/a><\/span><\/p>\n","protected":false},"author":3,"featured_media":0,"comment_status":"open","ping_status":"open","sticky":false,"template":"","format":"standard","meta":{"ngg_post_thumbnail":0,"footnotes":""},"categories":[1],"tags":[],"_links":{"self":[{"href":"https:\/\/www.chnk.pl\/index.php?rest_route=\/wp\/v2\/posts\/2261"}],"collection":[{"href":"https:\/\/www.chnk.pl\/index.php?rest_route=\/wp\/v2\/posts"}],"about":[{"href":"https:\/\/www.chnk.pl\/index.php?rest_route=\/wp\/v2\/types\/post"}],"author":[{"embeddable":true,"href":"https:\/\/www.chnk.pl\/index.php?rest_route=\/wp\/v2\/users\/3"}],"replies":[{"embeddable":true,"href":"https:\/\/www.chnk.pl\/index.php?rest_route=%2Fwp%2Fv2%2Fcomments&post=2261"}],"version-history":[{"count":3,"href":"https:\/\/www.chnk.pl\/index.php?rest_route=\/wp\/v2\/posts\/2261\/revisions"}],"predecessor-version":[{"id":2268,"href":"https:\/\/www.chnk.pl\/index.php?rest_route=\/wp\/v2\/posts\/2261\/revisions\/2268"}],"wp:attachment":[{"href":"https:\/\/www.chnk.pl\/index.php?rest_route=%2Fwp%2Fv2%2Fmedia&parent=2261"}],"wp:term":[{"taxonomy":"category","embeddable":true,"href":"https:\/\/www.chnk.pl\/index.php?rest_route=%2Fwp%2Fv2%2Fcategories&post=2261"},{"taxonomy":"post_tag","embeddable":true,"href":"https:\/\/www.chnk.pl\/index.php?rest_route=%2Fwp%2Fv2%2Ftags&post=2261"}],"curies":[{"name":"wp","href":"https:\/\/api.w.org\/{rel}","templated":true}]}}