{"id":2255,"date":"2019-02-23T15:23:09","date_gmt":"2019-02-23T15:23:09","guid":{"rendered":"http:\/\/www.chnk.pl\/?p=2255"},"modified":"2019-02-23T15:23:09","modified_gmt":"2019-02-23T15:23:09","slug":"7-niedziela-zwykla","status":"publish","type":"post","link":"https:\/\/www.chnk.pl\/?p=2255","title":{"rendered":"7 Niedziela Zwyk\u0142a"},"content":{"rendered":"\n<p>OG\u0141OSZENIA PARAFIALNE<br \/>\nNIEDZIELA VII ZWYK\u0141A<br \/>\n24 lutego 2019 r.<\/p>\n\n\n\n<ol><li>Wydawanie \u017cywno\u015bci dla potrzebuj\u0105cych, w poniedzia\u0142ek od godz. 17.00, w salce parafialnej. Wej\u015bcie z dziedzi\u0144ca.<\/li><li>Kr\u0105g Biblijny w \u015brod\u0119 o godz. 19.00 (po Nowennie do Matki Bo\u017cej Nieustaj\u0105cej Pomocy) w salce parafialnej<\/li><li>Spotkanie wsp\u00f3lnoty r\u00f3\u017ca\u0144cowej w \u015brod\u0119, po mszy \u015bw. wieczornej.<\/li><li>W tym tygodniu : I pi\u0105tek i I sobota miesi\u0105ca. Miesi\u0119czna spowied\u017a i Komunia \u015bw. dla klas: 4, 5, 6, 7 i 8 w pi\u0105tek od godz. 15.00 do 18.00. Nabo\u017ce\u0144stwo do Niepokalanego Serca Matki Bo\u017cej w sobot\u0119 o godz. 7.15. Comiesi\u0119czne odwiedziny chorych z sakramentami \u015bw. w pi\u0105tek i  w sobot\u0119 wed\u0142ug sta\u0142ego planu. <\/li><li>Spotkanie dla przygotowuj\u0105cych si\u0119 do bierzmowania w pi\u0105tek o godz. 19.00 w salce parafialnej.<\/li><li>Rekolekcje wielkopostne rozpoczn\u0105 si\u0119 w \u015arod\u0119 Popielcow\u0105, 6 marca, i potrwaj\u0105 do  I Niedzieli Wielkiego Postu. Plan rekolekcji jest wywieszony na tablicy og\u0142osze\u0144. Na stronie internetowej naszej parafii komunikat o Ko\u015bcio\u0142ach Stacyjnych w Wielkim Po\u015bcie.<\/li><li>Prosimy o podawanie intencji mszalnych, uprzednio zarezerwowanych, na                marzec i kwiecie\u0144.  Prosimy Parafian zamawiaj\u0105cych intencje mszalne, aby przed msz\u0105 \u015bw. sprawdzali na tablicy og\u0142osze\u0144 poprawno\u015b\u0107 zapisanej intencji i przed odprawieniem mszy \u015bw. zg\u0142aszali ewentualne nie\u015bcis\u0142o\u015bci.<\/li><li>\u201eDrzwi Otwarte\u201d w Szkole Podstawowej nr 51, os. Lecha 37, w sobot\u0119 2 marca o godz. 9.00. Informacje na tablicy og\u0142osze\u0144.<\/li><li>M\u00f3dlmy si\u0119 za zmar\u0142ych parafian. Za dusz\u0119 \u015bp. Wojciecha Wielebi\u0144skiego, msza \u015bw. pogrzebowa w poniedzia\u0142ek o godz. 9.45. Wieczny odpoczynek racz zmar\u0142ym da\u0107 Panie.<\/li><\/ol>\n","protected":false},"excerpt":{"rendered":"<p>OG\u0141OSZENIA PARAFIALNE NIEDZIELA VII ZWYK\u0141A 24 lutego 2019 r. Wydawanie \u017cywno\u015bci dla potrzebuj\u0105cych, w poniedzia\u0142ek od godz. 17.00, w salce parafialnej. Wej\u015bcie z dziedzi\u0144ca. Kr\u0105g Biblijny w \u015brod\u0119 o godz. 19.00 (po Nowennie do Matki Bo\u017cej Nieustaj\u0105cej Pomocy) w salce parafialnej Spotkanie wsp\u00f3lnoty r\u00f3\u017ca\u0144cowej w \u015brod\u0119, po mszy \u015bw. wieczornej. W tym tygodniu : I &#8230; <span class=\"more\"><a class=\"more-link\" href=\"https:\/\/www.chnk.pl\/?p=2255\">czytaj wi\u0119cej<\/a><\/span><\/p>\n","protected":false},"author":3,"featured_media":0,"comment_status":"open","ping_status":"open","sticky":false,"template":"","format":"standard","meta":{"ngg_post_thumbnail":0,"footnotes":""},"categories":[1],"tags":[],"_links":{"self":[{"href":"https:\/\/www.chnk.pl\/index.php?rest_route=\/wp\/v2\/posts\/2255"}],"collection":[{"href":"https:\/\/www.chnk.pl\/index.php?rest_route=\/wp\/v2\/posts"}],"about":[{"href":"https:\/\/www.chnk.pl\/index.php?rest_route=\/wp\/v2\/types\/post"}],"author":[{"embeddable":true,"href":"https:\/\/www.chnk.pl\/index.php?rest_route=\/wp\/v2\/users\/3"}],"replies":[{"embeddable":true,"href":"https:\/\/www.chnk.pl\/index.php?rest_route=%2Fwp%2Fv2%2Fcomments&post=2255"}],"version-history":[{"count":1,"href":"https:\/\/www.chnk.pl\/index.php?rest_route=\/wp\/v2\/posts\/2255\/revisions"}],"predecessor-version":[{"id":2256,"href":"https:\/\/www.chnk.pl\/index.php?rest_route=\/wp\/v2\/posts\/2255\/revisions\/2256"}],"wp:attachment":[{"href":"https:\/\/www.chnk.pl\/index.php?rest_route=%2Fwp%2Fv2%2Fmedia&parent=2255"}],"wp:term":[{"taxonomy":"category","embeddable":true,"href":"https:\/\/www.chnk.pl\/index.php?rest_route=%2Fwp%2Fv2%2Fcategories&post=2255"},{"taxonomy":"post_tag","embeddable":true,"href":"https:\/\/www.chnk.pl\/index.php?rest_route=%2Fwp%2Fv2%2Ftags&post=2255"}],"curies":[{"name":"wp","href":"https:\/\/api.w.org\/{rel}","templated":true}]}}