{"id":2247,"date":"2019-02-16T22:07:52","date_gmt":"2019-02-16T22:07:52","guid":{"rendered":"http:\/\/www.chnk.pl\/?p=2247"},"modified":"2019-02-16T22:07:52","modified_gmt":"2019-02-16T22:07:52","slug":"6-niedziela-zwykla-2","status":"publish","type":"post","link":"https:\/\/www.chnk.pl\/?p=2247","title":{"rendered":"6 Niedziela Zwyk\u0142a"},"content":{"rendered":"\n<p>OG\u0141OSZENIA DUSZPASTERSKIE <br \/>\nNIEDZIELA VI ZWYK\u0141A<br \/>\n17 lutego 2019 r.<\/p>\n\n\n\n<p>Kalendarz liturgiczny:<br \/> czwartek \u2013 \u015bw. Piotra Damianiego,<br \/> pi\u0105tek \u2013 \u015bwi\u0119to Katedry \u015bw. Piotra Aposto\u0142a.<\/p>\n\n\n\n<p>We wtorek Dzie\u0144 Salety\u0144ski. Procesja do Figury Matki Bo\u017cej z La Salette rano, po mszy \u015bw. o godz. 8.00. R\u00f3\u017caniec salety\u0144ski o godz. 7.30. Intencj\u0105 nabo\u017ce\u0144stwa jest wynagrodzenie Panu Bogu, za przyczyn\u0105 Matki Bo\u017cej P\u0142acz\u0105cej, wszelkich zniewag doznawanych w naszej parafii.<\/p>\n\n\n\n<p>Kr\u0105g Biblijny w \u015brod\u0119 o godz. o godz. 19.00<\/p>\n\n\n\n<p>Msza \u015bw. o uzdrowienie w czwartek o godz. 18.00 i adoracja Naj\u015bwi\u0119tszego Sakramentu po wieczornej mszy \u015bw.<\/p>\n\n\n\n<p>W ka\u017cd\u0105 II niedziel\u0119 miesi\u0105ca w kaplicy \u015awi\u0119tej Rodziny przy ul. Krysiewicza (przy Szpitalu Dzieci\u0119cym) o godzinie 10.30 odprawiana jest Msza \u015bw. dla Os\u00f3b Niewidz\u0105cych i Ociemnia\u0142ych. Po Mszy \u015bw. spotkanie przy kawie w salce w domu Si\u00f3str Mi\u0142osierdzia.<\/p>\n\n\n\n<p>W \u015awi\u0119to Katedry \u015bwi\u0119tego Piotra, w poniedzia\u0142ek 18 lutego 2019 roku o godz. 18.00 odb\u0119d\u0105 si\u0119 w Katedrze Pozna\u0144skiej uroczyste Nieszpory pod przewodnictwem Ksi\u0119dza Arcybiskupa Stanis\u0142awa G\u0105deckiego, Metropolity Pozna\u0144skiego.  Do udzia\u0142u w Nieszporach serdecznie zapraszamy szczeg\u00f3lnie wszystkich Profesor\u00f3w i innych Pracownik\u00f3w Akademickich miasta Poznania, a przede wszystkim Pracownik\u00f3w Wydzia\u0142u Teologicznego. Po Nieszporach zapraszamy na kr\u00f3tkie spotkanie w Kanonii przy ul. Ostr\u00f3w Tumski 3.<\/p>\n\n\n\n<p>KRUCJATA R\u00d3ZA\u0143COWA ZA OJCZYZN\u0118 &#8211; comiesi\u0119czne Pokutne Marsze R\u00f3\u017ca\u0144cowe. Marsze s\u0105 apolityczne, modlimy si\u0119 na r\u00f3\u017ca\u0144cu o Polsk\u0119 wiern\u0105 Bogu, Krzy\u017cowi i Ewangelii oraz o wype\u0142nienie Jasnog\u00f3rskich \u015alub\u00f3w Narodu. Chcemy przeprasza\u0107 za nasze grzechy                   i b\u0142aga\u0107 Maryj\u0119, Kr\u00f3low\u0105 Polski o ratunek dla naszej Ojczyzny.  Marsz, dzisiaj, w niedziel\u0119 17 lutego z ko\u015bcio\u0142a Bo\u017cego Cia\u0142a po mszy \u015bw. odprawianej o godz. 12.30.B\u00f3g zap\u0142a\u0107 zespo\u0142om Parafian sprz\u0105taj\u0105cych ko\u015bci\u00f3\u0142, za zgodn\u0105 wsp\u00f3\u0142prac\u0119 i rzetelno\u015b\u0107.<\/p>\n\n\n\n<p>B\u00f3g zap\u0142a\u0107 za ofiary kol\u0119dowe, sk\u0142adane na dalsze doposa\u017canie naszego ko\u015bcio\u0142a.<\/p>\n\n\n\n<p>Zach\u0119camy do si\u0119gania po pras\u0119 katolick\u0105. W\u201ePrzewodniku Katolickim \u201d o tym czy Ko\u015bci\u00f3\u0142 potrzebuje sta\u0142ych diakon\u00f3w. Jest Ma\u0142y Przewodnik Katolicki (dla dzieci, numer lutowy), Nasza Droga (dwutygodnik dla m\u0142odzie\u017cy). Go\u015b\u0107 Niedzielny, gazetka parafialna.<\/p>\n\n\n\n<p>M\u00f3dlmy si\u0119 za zmar\u0142ych parafian. Za dusz\u0119 \u015bp. Karola Nawrota. Wieczny odpoczynek racz zmar\u0142ym da\u0107 Panie.<\/p>\n","protected":false},"excerpt":{"rendered":"<p>OG\u0141OSZENIA DUSZPASTERSKIE NIEDZIELA VI ZWYK\u0141A 17 lutego 2019 r. Kalendarz liturgiczny: czwartek \u2013 \u015bw. Piotra Damianiego, pi\u0105tek \u2013 \u015bwi\u0119to Katedry \u015bw. Piotra Aposto\u0142a. We wtorek Dzie\u0144 Salety\u0144ski. Procesja do Figury Matki Bo\u017cej z La Salette rano, po mszy \u015bw. o godz. 8.00. R\u00f3\u017caniec salety\u0144ski o godz. 7.30. Intencj\u0105 nabo\u017ce\u0144stwa jest wynagrodzenie Panu Bogu, za przyczyn\u0105 &#8230; <span class=\"more\"><a class=\"more-link\" href=\"https:\/\/www.chnk.pl\/?p=2247\">czytaj wi\u0119cej<\/a><\/span><\/p>\n","protected":false},"author":3,"featured_media":0,"comment_status":"open","ping_status":"open","sticky":false,"template":"","format":"standard","meta":{"ngg_post_thumbnail":0,"footnotes":""},"categories":[1],"tags":[],"_links":{"self":[{"href":"https:\/\/www.chnk.pl\/index.php?rest_route=\/wp\/v2\/posts\/2247"}],"collection":[{"href":"https:\/\/www.chnk.pl\/index.php?rest_route=\/wp\/v2\/posts"}],"about":[{"href":"https:\/\/www.chnk.pl\/index.php?rest_route=\/wp\/v2\/types\/post"}],"author":[{"embeddable":true,"href":"https:\/\/www.chnk.pl\/index.php?rest_route=\/wp\/v2\/users\/3"}],"replies":[{"embeddable":true,"href":"https:\/\/www.chnk.pl\/index.php?rest_route=%2Fwp%2Fv2%2Fcomments&post=2247"}],"version-history":[{"count":1,"href":"https:\/\/www.chnk.pl\/index.php?rest_route=\/wp\/v2\/posts\/2247\/revisions"}],"predecessor-version":[{"id":2252,"href":"https:\/\/www.chnk.pl\/index.php?rest_route=\/wp\/v2\/posts\/2247\/revisions\/2252"}],"wp:attachment":[{"href":"https:\/\/www.chnk.pl\/index.php?rest_route=%2Fwp%2Fv2%2Fmedia&parent=2247"}],"wp:term":[{"taxonomy":"category","embeddable":true,"href":"https:\/\/www.chnk.pl\/index.php?rest_route=%2Fwp%2Fv2%2Fcategories&post=2247"},{"taxonomy":"post_tag","embeddable":true,"href":"https:\/\/www.chnk.pl\/index.php?rest_route=%2Fwp%2Fv2%2Ftags&post=2247"}],"curies":[{"name":"wp","href":"https:\/\/api.w.org\/{rel}","templated":true}]}}