{"id":2240,"date":"2019-02-09T16:07:08","date_gmt":"2019-02-09T16:07:08","guid":{"rendered":"http:\/\/www.chnk.pl\/?p=2240"},"modified":"2019-02-09T16:07:08","modified_gmt":"2019-02-09T16:07:08","slug":"5-niedziela-zwykla-2","status":"publish","type":"post","link":"https:\/\/www.chnk.pl\/?p=2240","title":{"rendered":"5 Niedziela Zwyk\u0142a"},"content":{"rendered":"\n<p><strong>OG\u0141OSZENIA DUSZPASTERSKIE <\/strong><strong><\/strong><\/p>\n\n\n\n<p><strong>NIEDZIELA V\nZWYK\u0141A<\/strong><\/p>\n\n\n\n<p><strong>10 lutego 2019\nr.<\/strong><\/p>\n\n\n\n<p><strong>1. <\/strong>Kalendarz liturgiczny: poniedzia\u0142ek \u2013 Wspomnienie\nMatki Bo\u017cej z Lourdes, czwartek- \u015bw. Cyryla mnicha i Metodego biskupa, patron\u00f3w\nEuropy. <\/p>\n\n\n\n<p><strong>2. <\/strong>B\u00f3g zap\u0142a\u0107 za pomoc w rozbieraniu choinek i uporz\u0105dkowaniu ko\u015bcio\u0142a, licznej\u00a0 w tym roku, grupie parafian.<\/p>\n\n\n\n<p><strong>3. <\/strong>Z okazji \u015awiatowego Dnia Chorego zapraszamy chorych, cierpi\u0105cych i pos\u0142uguj\u0105cych im, na uroczyst\u0105 Msz\u0119 \u015bw. z b\u0142ogos\u0142awie\u0144stwem na wz\u00f3r Lourdes, kt\u00f3r\u0105 odprawi Ksi\u0105dz Biskup Grzegorz Balcerek, dzisiaj, w niedziel\u0119 10 lutego o\u00a0godz. 13.30 w ko\u015bciele Matki Boskiej Bolesnej w Poznaniu przy ul. G\u0142ogowskiej. Po Mszy \u015bw. odb\u0119dzie si\u0119 koncert\u00a0\u00a0\u00a0\u00a0\u00a0\u00a0\u00a0\u00a0\u00a0\u00a0\u00a0\u00a0\u00a0\u00a0\u00a0\u00a0 w domu katolickim. W naszej parafii msza \u015bw. w intencji chorych z udzielaniem Sakramentu Chorych zostanie odprawiona w czasie rekolekcji wielkopostnych, w pi\u0105tek,\u00a0 8 marca o godz. 10.00.Rekolekcje wielkopostne rozpoczn\u0105 si\u0119 w \u015arod\u0119 Popielcow\u0105 i potrwaj\u0105 do\u00a0\u00a0\u00a0\u00a0\u00a0\u00a0\u00a0\u00a0\u00a0\u00a0\u00a0\u00a0\u00a0\u00a0\u00a0 I Niedzieli Wielkiego Postu. <\/p>\n\n\n\n<p><strong>4.\n<\/strong>Kr\u0105g Biblijny w \u015brod\u0119 po wieczornej\nmszy \u015bw., w salce parafialnej.<\/p>\n\n\n\n<p><strong>5.\n<\/strong>Duszpasterstwo S\u0142u\u017cby Liturgicznej\nnaszej Archidiecezji organizuje szko\u0142\u0119 lektora dla os\u00f3b doros\u0142ych. Adresatami\nkursu s\u0105 doros\u0142e osoby \u015bwieckie pe\u0142ni\u0105ce w parafiach te funkcje liturgiczne,\nnieposiadaj\u0105ce jednak odpowiedniego przygotowania. Do uczestnictwa zapraszamy\ntak\u017ce osoby, chc\u0105ce w\u0142\u0105czy\u0107 si\u0119 w pos\u0142ug\u0119 s\u0142owa podczas liturgii. Celem kursu\njest przygotowanie os\u00f3b doros\u0142ych (kobiet i m\u0119\u017cczyzn) do pe\u0142nienia funkcji\nlektora lub psa\u0142terzysty w zgromadzeniu liturgicznym oraz formowanie\n\u015bwiadomo\u015bci wiernych do anga\u017cowania si\u0119 w przygotowanie liturgii w parafii\ntak\u017ce w niedziele czy dni powszednie. Kurs obejmie formacj\u0119 biblijn\u0105,\nfonetyczn\u0105, liturgiczn\u0105, wewn\u0119trzn\u0105 oraz zaj\u0119cia warsztatowe. Program obejmuje\n\u0142\u0105cznie 36 godzin lekcyjnych. (45 min). Zaj\u0119cia kursu odbywa\u0107 si\u0119 b\u0119d\u0105 w soboty\npocz\u0105wszy od 9 marca do 13 kwietnia br. w budynku Publicznego Gimnazjum\nKatolickiego, ul. G\u0142ogowska 92, w godzinach 9.30 \u2013 14.30. Dalsze szczeg\u00f3\u0142y w\nzakrystii.<\/p>\n\n\n\n<p><strong>6.\n<\/strong>Poradnia VINEA przy ko\u015bciele OO.\nJezuit\u00f3w, ul Szewska 18A, zaprasza na program rozwoju duchowego z elementami\npsychoedukacji prowadz\u0105cy do uporz\u0105dkowania wewn\u0119trznego dla os\u00f3b\nprze\u017cywaj\u0105cych r\u00f3\u017cnego rodzaju kryzysy. Szczeg\u00f3\u0142y na stronie internetowej\nnaszej parafii.<\/p>\n\n\n\n<p><strong>7.\n<\/strong>Zapraszamy na koncert charytatywny na\nrzecz rozwoju Przedszkola im. \u015bw. Anio\u0142\u00f3w Str\u00f3\u017c\u00f3w i powstania \u017c\u0142obka przy\nParafii przy Rynku Wildeckim. Koncert odb\u0119dzie si\u0119 22 lutego o godz. 18.00 w\nAuli Szko\u0142y nr 42 przy ul. R\u00f3\u017canej 1. Bilety cegie\u0142ki do nabycia na miejscu, w\ndniu koncertu.<strong><\/strong><\/p>\n\n\n\n<p><strong>8.<\/strong>\nM\u0142odzie\u017cowa Akademia Dziennikarstwa zaprasza na warsztaty na temat aktywno\u015bci\nm\u0142odych w sieci. Szczeg\u00f3\u0142y na naszej, parafialnej, stronie internetowej.<\/p>\n\n\n\n<p><strong>9. <\/strong>B\u00f3g\nzap\u0142a\u0107 za ofiary sk\u0142adane na doposa\u017cenie naszego ko\u015bcio\u0142a.<strong><\/strong><\/p>\n\n\n\n<p><strong>10. <\/strong>Zach\u0119camy do\nsi\u0119gania po pras\u0119 katolick\u0105. W Przewodniku Katolickim artyku\u0142 na temat\nprzyj\u0119tego w stanie&nbsp; Nowy Jork prawa\ndopuszczaj\u0105cego aborcj\u0119 nawet w 9 miesi\u0105cu. Jest\nMa\u0142y Przewodnik Katolicki (dla dzieci), Nasza Droga (dwutygodnik dla\nm\u0142odzie\u017cy). Go\u015b\u0107 Niedzielny, Ziarno i gazetka parafialna. <\/p>\n","protected":false},"excerpt":{"rendered":"<p>OG\u0141OSZENIA DUSZPASTERSKIE NIEDZIELA V ZWYK\u0141A 10 lutego 2019 r. 1. Kalendarz liturgiczny: poniedzia\u0142ek \u2013 Wspomnienie Matki Bo\u017cej z Lourdes, czwartek- \u015bw. Cyryla mnicha i Metodego biskupa, patron\u00f3w Europy. 2. B\u00f3g zap\u0142a\u0107 za pomoc w rozbieraniu choinek i uporz\u0105dkowaniu ko\u015bcio\u0142a, licznej\u00a0 w tym roku, grupie parafian. 3. Z okazji \u015awiatowego Dnia Chorego zapraszamy chorych, cierpi\u0105cych i &#8230; <span class=\"more\"><a class=\"more-link\" href=\"https:\/\/www.chnk.pl\/?p=2240\">czytaj wi\u0119cej<\/a><\/span><\/p>\n","protected":false},"author":3,"featured_media":0,"comment_status":"open","ping_status":"open","sticky":false,"template":"","format":"standard","meta":{"ngg_post_thumbnail":0,"footnotes":""},"categories":[1],"tags":[],"_links":{"self":[{"href":"https:\/\/www.chnk.pl\/index.php?rest_route=\/wp\/v2\/posts\/2240"}],"collection":[{"href":"https:\/\/www.chnk.pl\/index.php?rest_route=\/wp\/v2\/posts"}],"about":[{"href":"https:\/\/www.chnk.pl\/index.php?rest_route=\/wp\/v2\/types\/post"}],"author":[{"embeddable":true,"href":"https:\/\/www.chnk.pl\/index.php?rest_route=\/wp\/v2\/users\/3"}],"replies":[{"embeddable":true,"href":"https:\/\/www.chnk.pl\/index.php?rest_route=%2Fwp%2Fv2%2Fcomments&post=2240"}],"version-history":[{"count":1,"href":"https:\/\/www.chnk.pl\/index.php?rest_route=\/wp\/v2\/posts\/2240\/revisions"}],"predecessor-version":[{"id":2241,"href":"https:\/\/www.chnk.pl\/index.php?rest_route=\/wp\/v2\/posts\/2240\/revisions\/2241"}],"wp:attachment":[{"href":"https:\/\/www.chnk.pl\/index.php?rest_route=%2Fwp%2Fv2%2Fmedia&parent=2240"}],"wp:term":[{"taxonomy":"category","embeddable":true,"href":"https:\/\/www.chnk.pl\/index.php?rest_route=%2Fwp%2Fv2%2Fcategories&post=2240"},{"taxonomy":"post_tag","embeddable":true,"href":"https:\/\/www.chnk.pl\/index.php?rest_route=%2Fwp%2Fv2%2Ftags&post=2240"}],"curies":[{"name":"wp","href":"https:\/\/api.w.org\/{rel}","templated":true}]}}