{"id":2236,"date":"2019-02-09T15:53:37","date_gmt":"2019-02-09T15:53:37","guid":{"rendered":"http:\/\/www.chnk.pl\/?p=2236"},"modified":"2019-02-09T15:53:37","modified_gmt":"2019-02-09T15:53:37","slug":"mlodziezowa-akademia-dziennikarstwa","status":"publish","type":"post","link":"https:\/\/www.chnk.pl\/?p=2236","title":{"rendered":"M\u0142odzie\u017cowa Akademia Dziennikarstwa"},"content":{"rendered":"\n<p> Drodzy Przyjaciele!<\/p>\n\n\n\n<p>   Zapraszamy  na  kolejne ju\u017c warsztaty  w  ramach M\u0142odzie\u017cowej Akademii Dziennikarstwa,  kt\u00f3re odb\u0119d\u0105 si\u0119 w sobot\u0119, 23lutego w  godz. 10:00-14.00 w auli  im.  apba  Baraniaka  w  Kurii  Metropolitalnej w Poznaniu. G\u0142\u00f3wnym tematem b\u0119dzie:DZIA\u0141ALNO\u015a\u0106 W MEDIACH SPO\u0141ECZNO\u015aCIOWYCH.<\/p>\n\n\n\n<p>   Spotkanie b\u0119dzie podzielone na dwie cz\u0119\u015bci:<\/p>\n\n\n\n<p> \u2022pierwsz\u0105  cz\u0119\u015b\u0107  po\u015bwi\u0119cimy  temacie vlog\u00f3w\u2013jak przygotowa\u0107 si\u0119 do  nagra\u0144,  jak  zainteresowa\u0107 odbiorc\u00f3w(prowadz\u0105cy:o.  Leonard  Bielecki OFM\u2013prowadzi  Duszpasterstwo  Akademickie  Plus, atak\u017ce wraz z o. Jakubem Waszkowiakiem tworzy wideoblog \u201ebEZ sLOGANU\u201d na Youtube), \u2022w drugiej cz\u0119\u015bci zajmiemy si\u0119 prowadzeniem fanpage.<\/p>\n\n\n\n<p>Organizatorami  warsztat\u00f3w  s\u0105: Biuro  Prasowe  Konferencji  Episkopatu Polski, Prezydium  Krajowej Rady  Katolickiego  Stowarzyszenia M\u0142odzie\u017cy,internetowymagazyn \u201eServitus\u201d oraz Katolickie  Stowarzyszenie M\u0142odzie\u017cy Archidiecezji Pozna\u0144skiej. <\/p>\n\n\n\n<p>Udzia\u0142 w warsztatach jest bezp\u0142atny. Zg\u0142oszenia do 16 lutego mailowo na adres: akademia@poznan.ksm.org.pl.<\/p>\n","protected":false},"excerpt":{"rendered":"<p>Drodzy Przyjaciele! Zapraszamy na kolejne ju\u017c warsztaty w ramach M\u0142odzie\u017cowej Akademii Dziennikarstwa, kt\u00f3re odb\u0119d\u0105 si\u0119 w sobot\u0119, 23lutego w godz. 10:00-14.00 w auli im. apba Baraniaka w Kurii Metropolitalnej w Poznaniu. G\u0142\u00f3wnym tematem b\u0119dzie:DZIA\u0141ALNO\u015a\u0106 W MEDIACH SPO\u0141ECZNO\u015aCIOWYCH. Spotkanie b\u0119dzie podzielone na dwie cz\u0119\u015bci: \u2022pierwsz\u0105 cz\u0119\u015b\u0107 po\u015bwi\u0119cimy temacie vlog\u00f3w\u2013jak przygotowa\u0107 si\u0119 do nagra\u0144, jak zainteresowa\u0107 odbiorc\u00f3w(prowadz\u0105cy:o. &#8230; <span class=\"more\"><a class=\"more-link\" href=\"https:\/\/www.chnk.pl\/?p=2236\">czytaj wi\u0119cej<\/a><\/span><\/p>\n","protected":false},"author":3,"featured_media":0,"comment_status":"open","ping_status":"open","sticky":false,"template":"","format":"standard","meta":{"ngg_post_thumbnail":0,"footnotes":""},"categories":[1],"tags":[],"_links":{"self":[{"href":"https:\/\/www.chnk.pl\/index.php?rest_route=\/wp\/v2\/posts\/2236"}],"collection":[{"href":"https:\/\/www.chnk.pl\/index.php?rest_route=\/wp\/v2\/posts"}],"about":[{"href":"https:\/\/www.chnk.pl\/index.php?rest_route=\/wp\/v2\/types\/post"}],"author":[{"embeddable":true,"href":"https:\/\/www.chnk.pl\/index.php?rest_route=\/wp\/v2\/users\/3"}],"replies":[{"embeddable":true,"href":"https:\/\/www.chnk.pl\/index.php?rest_route=%2Fwp%2Fv2%2Fcomments&post=2236"}],"version-history":[{"count":1,"href":"https:\/\/www.chnk.pl\/index.php?rest_route=\/wp\/v2\/posts\/2236\/revisions"}],"predecessor-version":[{"id":2237,"href":"https:\/\/www.chnk.pl\/index.php?rest_route=\/wp\/v2\/posts\/2236\/revisions\/2237"}],"wp:attachment":[{"href":"https:\/\/www.chnk.pl\/index.php?rest_route=%2Fwp%2Fv2%2Fmedia&parent=2236"}],"wp:term":[{"taxonomy":"category","embeddable":true,"href":"https:\/\/www.chnk.pl\/index.php?rest_route=%2Fwp%2Fv2%2Fcategories&post=2236"},{"taxonomy":"post_tag","embeddable":true,"href":"https:\/\/www.chnk.pl\/index.php?rest_route=%2Fwp%2Fv2%2Ftags&post=2236"}],"curies":[{"name":"wp","href":"https:\/\/api.w.org\/{rel}","templated":true}]}}