{"id":2230,"date":"2019-02-02T16:42:40","date_gmt":"2019-02-02T16:42:40","guid":{"rendered":"http:\/\/www.chnk.pl\/?p=2230"},"modified":"2019-02-02T16:42:40","modified_gmt":"2019-02-02T16:42:40","slug":"4-niedziela-zwykla-2","status":"publish","type":"post","link":"https:\/\/www.chnk.pl\/?p=2230","title":{"rendered":"4 Niedziela Zwyk\u0142a"},"content":{"rendered":"\n<p>OG\u0141OSZENIA DUSZPASTERSKIE <br \/>\nNIEDZIELA IV ZWYK\u0141A<br \/>\n3 lutego 2019 r.<\/p>\n\n\n\n<ol><li>Kalendarz liturgiczny: wtorek \u2013 \u015bw. Agaty, \u015broda \u2013 \u015bw. Paw\u0142a Miki i Towarzyszy m\u0119czennik\u00f3w, pi\u0105tek \u2013 \u015bw. Hieronima Emilianiego, \u015bw. J\u00f3zefiny Bakhity.<\/li><li>W tym tygodniu dobieg\u0142y ko\u0144ca odwiedziny duszpasterskie w rodzinach. B\u00f3g zap\u0142a\u0107 Parafianom, kt\u00f3rzy przyjmuj\u0105c ksi\u0119dza w swoim domu podj\u0119li wsp\u00f3ln\u0105 modlitw\u0119 w rodzinie  i okazali zainteresowanie \u017cyciem parafii.<\/li><li>Prosimy o pomoc w rozebraniu choinek. Prosimy pan\u00f3w i panie w poniedzia\u0142ek, 4 lutego o godz. 19.00.<\/li><li>Zebranie r\u00f3\u017ca\u0144cowe w \u015brod\u0119 po mszy \u015bw. wieczornej.<\/li><li>W tym tygodniu : I czwartek miesi\u0105ca. Adoracja Naj\u015bwi\u0119tszego Sakramentu w czwartek od godz. 17.00 do 21.00.  Sobotnie odwiedziny chorych z sakramentami \u015bw. wed\u0142ug sta\u0142ego planu, nowe zg\u0142oszenia w zakrystii.<\/li><li>Spotkanie op\u0142atkowo-pokol\u0119dowe dla ministrant\u00f3w junior\u00f3w z rodzicami i rodze\u0144stwem, oraz ministrant\u00f3w senior\u00f3w, w niedziel\u0119 10 lutego o godz. 16.00 w salce parafialnej. Wej\u015bcie z dziedzi\u0144ca.<\/li><li>Do 8 lutego godz. 12.00 trwa \u201eR\u00f3\u017ca\u0144cowe Jerycho\u201d w ko\u015bciele Ojc\u00f3w Franciszkan\u00f3w na Wzg\u00f3rzu Przemys\u0142a. \u201eR\u00f3\u017ca\u0144cowe Jerycho\u201d to ca\u0142odobowa (dzie\u0144 i noc) modlitwa r\u00f3\u017ca\u0144cow\u0105 w intencji rodzin, Ko\u015bcio\u0142a i  Ojczyzny.<\/li><li>W sobot\u0119 9 lutego br., w godzinach od 9.00 do 13.00 w Publicznym Gimnazjum Katolickim im. Stanis\u0142awa Kostki, przy ul. G\u0142ogowskiej 92 w Poznaniu, odb\u0119dzie si\u0119 tzw. \u201eBia\u0142a Sobota\u201d. Lekarze r\u00f3\u017cnych specjalno\u015bci b\u0119d\u0105 bezp\u0142atnie udzielali porad. B\u0119dzie tak\u017ce mo\u017cliwo\u015b\u0107 przeprowadzenia podstawowych bada\u0144 laboratoryjnych.<\/li><li>Z okazji XXVII \u015awiatowego Dnia Chorego serdecznie zapraszamy, wszystkich chorych, cierpi\u0105cych i pos\u0142uguj\u0105cych im, na uroczyst\u0105 Msz\u0119 \u015bw. z b\u0142ogos\u0142awie\u0144stwem na wz\u00f3r Lourdes, kt\u00f3r\u0105 odprawi Ksi\u0105dz Biskup Grzegorz Balcerek, w niedziel\u0119 10 lutego o godz. 13.30 w ko\u015bciele Matki Boskiej Bolesnej w Poznaniu przy ul. G\u0142ogowskiej. Po Mszy \u015bw. odb\u0119dzie si\u0119 koncert w domu katolickim.<\/li><li>Zach\u0119camy do czytania prasy religijnej. W najnowszym numerze \u201ePrzewodnika Katolickiego\u201d artyku\u0142y o \u017cyciu konsekrowanym. Go\u015b\u0107 Niedzielny, Egzorcysta, dla dzieci \u201eZiarno\u201d, Ola i Ja\u015b, Ma\u0142y przewodnik Katolicki. Prasa  katolicka  jest wiarygodnym \u017ar\u00f3d\u0142em wiedzy  o \u017cyciu Ko\u015bcio\u0142a.<\/li><li>B\u00f3g zap\u0142a\u0107 za ofiary sk\u0142adane na doposa\u017canie naszego ko\u015bcio\u0142a.<\/li><li>M\u00f3dlmy si\u0119 za zmar\u0142ych. Za dusze \u015bp. Lechos\u0142awa Nowaka, \u015bp. Jadwigi Jujeczka, \u015bp. Bartosza Witkowskiego, \u015bp. Bogdana Zieli\u0144skiego(msza \u015bw. pogrzebowa we wtorek                     o godz. 16.45). Wieczny odpoczynek racz zmar\u0142ym da\u0107 Panie.<\/li><\/ol>\n","protected":false},"excerpt":{"rendered":"<p>OG\u0141OSZENIA DUSZPASTERSKIE NIEDZIELA IV ZWYK\u0141A 3 lutego 2019 r. Kalendarz liturgiczny: wtorek \u2013 \u015bw. Agaty, \u015broda \u2013 \u015bw. Paw\u0142a Miki i Towarzyszy m\u0119czennik\u00f3w, pi\u0105tek \u2013 \u015bw. Hieronima Emilianiego, \u015bw. J\u00f3zefiny Bakhity. W tym tygodniu dobieg\u0142y ko\u0144ca odwiedziny duszpasterskie w rodzinach. B\u00f3g zap\u0142a\u0107 Parafianom, kt\u00f3rzy przyjmuj\u0105c ksi\u0119dza w swoim domu podj\u0119li wsp\u00f3ln\u0105 modlitw\u0119 w rodzinie i &#8230; <span class=\"more\"><a class=\"more-link\" href=\"https:\/\/www.chnk.pl\/?p=2230\">czytaj wi\u0119cej<\/a><\/span><\/p>\n","protected":false},"author":3,"featured_media":0,"comment_status":"open","ping_status":"open","sticky":false,"template":"","format":"standard","meta":{"ngg_post_thumbnail":0,"footnotes":""},"categories":[1],"tags":[],"_links":{"self":[{"href":"https:\/\/www.chnk.pl\/index.php?rest_route=\/wp\/v2\/posts\/2230"}],"collection":[{"href":"https:\/\/www.chnk.pl\/index.php?rest_route=\/wp\/v2\/posts"}],"about":[{"href":"https:\/\/www.chnk.pl\/index.php?rest_route=\/wp\/v2\/types\/post"}],"author":[{"embeddable":true,"href":"https:\/\/www.chnk.pl\/index.php?rest_route=\/wp\/v2\/users\/3"}],"replies":[{"embeddable":true,"href":"https:\/\/www.chnk.pl\/index.php?rest_route=%2Fwp%2Fv2%2Fcomments&post=2230"}],"version-history":[{"count":1,"href":"https:\/\/www.chnk.pl\/index.php?rest_route=\/wp\/v2\/posts\/2230\/revisions"}],"predecessor-version":[{"id":2231,"href":"https:\/\/www.chnk.pl\/index.php?rest_route=\/wp\/v2\/posts\/2230\/revisions\/2231"}],"wp:attachment":[{"href":"https:\/\/www.chnk.pl\/index.php?rest_route=%2Fwp%2Fv2%2Fmedia&parent=2230"}],"wp:term":[{"taxonomy":"category","embeddable":true,"href":"https:\/\/www.chnk.pl\/index.php?rest_route=%2Fwp%2Fv2%2Fcategories&post=2230"},{"taxonomy":"post_tag","embeddable":true,"href":"https:\/\/www.chnk.pl\/index.php?rest_route=%2Fwp%2Fv2%2Ftags&post=2230"}],"curies":[{"name":"wp","href":"https:\/\/api.w.org\/{rel}","templated":true}]}}