{"id":2224,"date":"2019-01-27T16:45:11","date_gmt":"2019-01-27T16:45:11","guid":{"rendered":"http:\/\/www.chnk.pl\/?p=2224"},"modified":"2019-01-27T16:45:11","modified_gmt":"2019-01-27T16:45:11","slug":"3-niedziela-zwykla-2","status":"publish","type":"post","link":"https:\/\/www.chnk.pl\/?p=2224","title":{"rendered":"3 Niedziela Zwyk\u0142a"},"content":{"rendered":"\n<p>OG\u0141OSZENIA DUSZPASTERSKIE<br \/>\nNIEDZIELA III ZWYK\u0141A<br \/>\n28 stycznia 2019 r. <\/p>\n\n\n\n<ol><li>Od  poniedzia\u0142ku do czwartku msza \u015bw. tylko o godz. 8.00.<\/li><li>Kol\u0119da &#8211; odwiedziny duszpasterskie w rodzinach.  Na powiadomieniach o kol\u0119dzie podany jest jedynie orientacyjny czas przyj\u015bcia ksi\u0119dza.  Woda \u015bwi\u0119cona przy wej\u015bciu na ch\u00f3r. Plan kol\u0119dy:<br \/>\nponiedzia\u0142ek, 28.01. godz.16.00 blok 42 m. 1 do 32<br \/>\nwtorek, 29.01. godz. 16.00  blok 42 m. 33 do 64<br \/>\n\u015broda, 30.01. godz. 16.00  blok 42 m. 65 do 96<br \/>\nczwartek, 17.01. godz. 16.00  blok 42 m. 97 do 128<br \/>\nW czasie kol\u0119dy Biuro Parafialne: w poniedzia\u0142ek nieczynne, czynne w czwartek od godz. 9.00 do 10.30, w sobot\u0119 od godz. 19.00 do 20.00. Sprawy pilne prosimy za\u0142atwia\u0107 w dni kol\u0119dowe od godz. 15.00 do 15.30.  <\/li><li>W sobot\u0119, 2 lutego, \u015bwi\u0119to Ofiarowania Pa\u0144skiego (Matki Bo\u017cej Gromnicznej) obchodzone jako Dzie\u0144 \u017bycia Konsekrowanego. Msza \u015bw. o godz. 7.00, 8.00 i 10.00.  Po\u015bwi\u0119cenie gromnic na ka\u017cdej mszy \u015bw. przedpo\u0142udniowej. Dzieci pierwszokomunijne zapraszamy na godz. 10.00. Przed ko\u015bcio\u0142em kwesta na zakony klauzurowe. Wdzi\u0119czni za modlitw\u0119 jak\u0105 podejmuj\u0105 zakony klauzurowe, czujemy obowi\u0105zek zapewnienia im pomocy. Wieczorna msza \u015bw. ju\u017c niedzielna.<\/li><li>W tym tygodniu: I pi\u0105tek i I sobota miesi\u0105ca. Miesi\u0119czna spowied\u017a \u015bw. dla klas: 4, 5, 6, 7, 8 i m\u0142odzie\u017cy w pi\u0105tek od godz. 15.00, msza \u015bw. pierwszopi\u0105tkowa o godz. 18.00. Spotkanie dla kandydat\u00f3w do bierzmowania w pi\u0105tek o godz. 19.00. R\u00f3\u017caniec i nabo\u017ce\u0144stwo fatimskie w I sobot\u0119 miesi\u0105ca, wyj\u0105tkowo o godz. 9.15. Zapraszamy do podj\u0119cia nabo\u017ce\u0144stwa pierwszych sob\u00f3t miesi\u0105ca o kt\u00f3re prosi\u0142a Matka Bo\u017ca w Fatimie. Spotkanie dla wsp\u00f3lnoty ma\u0142\u017ce\u0144stw w sobot\u0119 o godz. 19.00 w salce. Dzielimy si\u0119 S\u0142owem Bo\u017cym. Do wsp\u00f3lnoty zapraszamy nowe rodziny, dzieci maj\u0105 zapewnion\u0105 opiek\u0119. W pi\u0105tek odwiedziny chorych z sakramentami \u015bw. wed\u0142ug sta\u0142ego planu, sobotnie odwiedziny chorych 9 lutego. Nowe zg\u0142oszenia w zakrystii.<\/li><li>Prosimy o pomoc w rozebraniu choinek. Prosimy pan\u00f3w i panie w poniedzia\u0142ek, 4 lutego o godz. 19.00.<\/li><li>\u201eR\u00f3\u017ca\u0144cowe Jerycho\u201d w ko\u015bciele Ojc\u00f3w Franciszkan\u00f3w na Wzg\u00f3rzu Przemys\u0142a  rozpocznie si\u0119 2 lutego o godz. 1200, a zako\u0144czy 9 lutego o godz.1200. Przed wizerunkiem  Matki Bo\u017cej w Cudy Wielmo\u017cnej, Pani Poznania, podejmujemy ca\u0142odobow\u0105 (dzie\u0144 i noc) modlitw\u0119 r\u00f3\u017ca\u0144cow\u0105 w intencji rodzin, Ko\u015bcio\u0142a i  Ojczyzny. Mo\u017cna si\u0119 w\u0142\u0105czy\u0107 o ka\u017cdej godzinie.<\/li><li>B\u00f3g zap\u0142a\u0107 za ofiary na doposa\u017canie naszego ko\u015bcio\u0142a. Parafian z blok\u00f3w u kt\u00f3rych nie b\u0119dzie kol\u0119dy, prosimy o zabranie z bocznej kaplicy zielonej kartki z pro\u015bb\u0105 o ofiar\u0119 kol\u0119dow\u0105 na dalsze prace doposa\u017ceniowe w ko\u015bciele.<\/li><li>Zach\u0119camy do czytania prasy religijnej: Przewodnik Katolicki z modlitewnikiem na luty, Ma\u0142y Przewodnik Katolicki, dla dzieci Ziarno, Nasza Droga, Go\u015b\u0107 Niedzielny z p\u0142yt\u0105 DVD, gazetka parafialna. Zapraszamy dzieci do wype\u0142niania zada\u0144 z Ziarna. W niedziele po Mszy \u015bw. o godz. 11.15, co tydzie\u0144, losowanie  nagrody.<\/li><li>Dzisiaj przed ko\u015bcio\u0142em mo\u017cliwo\u015b\u0107 z\u0142o\u017cenia ofiary na diecezjalne radio EMAUS.<\/li><li>M\u00f3dlmy si\u0119 za zmar\u0142ych parafian. Za dusz\u0119 \u015bp. Ryszarda Salocha, os. Lecha 56 (msza \u015bw. i pogrzeb w Swarz\u0119dzu). Wieczny odpoczynek racz zmar\u0142ym da\u0107 Panie.<\/li><\/ol>\n","protected":false},"excerpt":{"rendered":"<p>OG\u0141OSZENIA DUSZPASTERSKIE NIEDZIELA III ZWYK\u0141A 28 stycznia 2019 r. Od poniedzia\u0142ku do czwartku msza \u015bw. tylko o godz. 8.00. Kol\u0119da &#8211; odwiedziny duszpasterskie w rodzinach. Na powiadomieniach o kol\u0119dzie podany jest jedynie orientacyjny czas przyj\u015bcia ksi\u0119dza. Woda \u015bwi\u0119cona przy wej\u015bciu na ch\u00f3r. Plan kol\u0119dy: poniedzia\u0142ek, 28.01. godz.16.00 blok 42 m. 1 do 32 wtorek, 29.01. &#8230; <span class=\"more\"><a class=\"more-link\" href=\"https:\/\/www.chnk.pl\/?p=2224\">czytaj wi\u0119cej<\/a><\/span><\/p>\n","protected":false},"author":3,"featured_media":0,"comment_status":"open","ping_status":"open","sticky":false,"template":"","format":"standard","meta":{"ngg_post_thumbnail":0,"footnotes":""},"categories":[1],"tags":[],"_links":{"self":[{"href":"https:\/\/www.chnk.pl\/index.php?rest_route=\/wp\/v2\/posts\/2224"}],"collection":[{"href":"https:\/\/www.chnk.pl\/index.php?rest_route=\/wp\/v2\/posts"}],"about":[{"href":"https:\/\/www.chnk.pl\/index.php?rest_route=\/wp\/v2\/types\/post"}],"author":[{"embeddable":true,"href":"https:\/\/www.chnk.pl\/index.php?rest_route=\/wp\/v2\/users\/3"}],"replies":[{"embeddable":true,"href":"https:\/\/www.chnk.pl\/index.php?rest_route=%2Fwp%2Fv2%2Fcomments&post=2224"}],"version-history":[{"count":1,"href":"https:\/\/www.chnk.pl\/index.php?rest_route=\/wp\/v2\/posts\/2224\/revisions"}],"predecessor-version":[{"id":2225,"href":"https:\/\/www.chnk.pl\/index.php?rest_route=\/wp\/v2\/posts\/2224\/revisions\/2225"}],"wp:attachment":[{"href":"https:\/\/www.chnk.pl\/index.php?rest_route=%2Fwp%2Fv2%2Fmedia&parent=2224"}],"wp:term":[{"taxonomy":"category","embeddable":true,"href":"https:\/\/www.chnk.pl\/index.php?rest_route=%2Fwp%2Fv2%2Fcategories&post=2224"},{"taxonomy":"post_tag","embeddable":true,"href":"https:\/\/www.chnk.pl\/index.php?rest_route=%2Fwp%2Fv2%2Ftags&post=2224"}],"curies":[{"name":"wp","href":"https:\/\/api.w.org\/{rel}","templated":true}]}}