{"id":2217,"date":"2019-01-20T09:25:26","date_gmt":"2019-01-20T09:25:26","guid":{"rendered":"http:\/\/www.chnk.pl\/?p=2217"},"modified":"2019-01-20T09:25:26","modified_gmt":"2019-01-20T09:25:26","slug":"2-niedziela-zwykla-3","status":"publish","type":"post","link":"https:\/\/www.chnk.pl\/?p=2217","title":{"rendered":"2 Niedziela Zwyk\u0142a"},"content":{"rendered":"\n<p>OG\u0141OSZENIA DUSZPASTERSKIE<br \/>\nNIEDZIELA II ZWYK\u0141A<br \/>\n20 stycznia 2019 r.<\/p>\n\n\n\n<ol><li>Do 25 stycznia, trwa Tydzie\u0144 Ekumeniczny.  Zach\u0119camy do udzia\u0142u w nabo\u017ce\u0144stwach, kt\u00f3re odbywaj\u0105 si\u0119 w \u015bwi\u0105tyniach Ko\u015bcio\u0142\u00f3w r\u00f3\u017cnych wyzna\u0144. Program na tablicy og\u0142osze\u0144.<\/li><li>Msza \u015bw. w tygodniu: od poniedzia\u0142ku do pi\u0105tku o godz. 8.00, w sobot\u0119 o godz. 18.00. We wtorek spotkanie katechetyczne dla doros\u0142ych w salce parafialnej po rannej mszy \u015bw.,                <\/li><li>Nowenna do Matki Bo\u017cej Nieustaj\u0105cej Pomocy w \u015brod\u0119 o godz. 8.00.<\/li><li>Kol\u0119da &#8211; odwiedziny duszpasterskie w rodzinach.  Na powiadomieniach o kol\u0119dzie podany jest jedynie orientacyjny czas przyj\u015bcia ksi\u0119dza. Woda \u015bwi\u0119cona przy wej\u015bciu na ch\u00f3r. Plan kol\u0119dy:<br \/>\nponiedzia\u0142ek, 21.01. godz.16.00 wej\u015bcia 106, 107, 108<br \/>\nwtorek, 22.01. godz. 16.00 wej\u015bcia 109, 110, 111<br \/>\n\u015broda, 23.01. godz. 16.00 wej\u015bcia 112, 113, 114<br \/>\nczwartek, 24.01. godz. 16.00 wej\u015bcia 115, 116, 117<br \/>\npi\u0105tek, 25. 01. godz. 15.30 wej\u015bcia 118, 119<br \/>\nponiedzia\u0142ek, 28.01. godz.16.00 blok 42 m. 1 do 32<br \/>\nwtorek, 29.01. godz. 16.00  blok 42 m. 33 do 64<br \/>\n\u015broda, 30.01. godz. 16.00  blok 42 m. 65 do 96<br \/>\nczwartek, 17.01. godz. 16.00  blok 42 m. 97 do 128<br \/>\nBiuro Parafialne w poniedzia\u0142ek nieczynne, w czwartek i w sobot\u0119 bez zmian. Sprawy pilne prosimy za\u0142atwia\u0107 w dni kol\u0119dowe od godz. 15.00 do 15.30. Spowied\u017a \u015bw. p\u00f3\u0142 godziny przed rann\u0105 Msz\u0105 \u015bw. i w sobot\u0119 od godz. 16.00 do 18.00.      <\/li><li>B\u00f3g zap\u0142a\u0107 za koncert kol\u0119dowy zorganizowany przez Parafian w ubieg\u0142\u0105 niedziele. Podzi\u0119kowania samym ch\u00f3rzystom: dzieciom, m\u0142odzie\u017cy, rodzicom i babciom ale i technikom, akustykom i wam parafianie i go\u015bcie za obecno\u015b\u0107 i wsp\u00f3lne uczczenie  Pana Jezusa dzi\u015b nam narodzonego.<\/li><li>Uroczysto\u015b\u0107 odpustowa w Parafii pw. Nawr\u00f3cenia \u015bw. Paw\u0142a, na os. Piastowskim, w pi\u0105tek, 25 stycznia, suma odpustowa o godz. 18.00.<\/li><li>Jak co roku w styczniu, pragniemy obj\u0105\u0107 modlitw\u0105 Babcie i Dziadk\u00f3w, a tak\u017ce wyrazi\u0107 im nasz\u0105 wdzi\u0119czno\u015b\u0107.  Z okazji Dnia Babci i Dnia Dziadka, w poniedzia\u0142ek 21 stycznia 2019 roku, o godz. 18:00 w Katedrze Pozna\u0144skiej, nabo\u017ce\u0144stwo s\u0142owa i kol\u0119dowanie, kt\u00f3remu b\u0119dzie przewodniczy\u0142 Ksi\u0105dz Biskup Grzegorz Balcerek. Zesp\u00f3\u0142 \u201eDzieci Betlejemka Szamotu\u0142y\u201d umili uczestnikom czas koncertem kol\u0119d oraz Jase\u0142kami, kt\u00f3re specjalnie z tej okazji zaprezentuj\u0105 dzieci z Szamotu\u0142.  Do udzia\u0142u w spotkaniu zapraszamy Babcie i Dziadk\u00f3w, ich wnuki, wolontariuszy Caritas, a tak\u017ce wszystkich pragn\u0105cych okaza\u0107 mi\u0142o\u015b\u0107, wdzi\u0119czno\u015b\u0107 i szacunek osobom starszym. <\/li><li>B\u00f3g zap\u0142a\u0107 za ofiary z\u0142o\u017cone na budow\u0119 naszego ko\u015bcio\u0142a. Parafian z blok\u00f3w u kt\u00f3rych nie b\u0119dzie kol\u0119dy, prosimy o zabranie z bocznej kaplicy zielonej kartki z pro\u015bb\u0105 o ofiar\u0119 kol\u0119dow\u0105 na dalsze prace w ko\u015bciele. <\/li><li>Zach\u0119camy do czytania prasy katolickiej. Przy zakrystii: Przewodnik Katolicki (a w nim O\u015bwiadczenie abpa Stanis\u0142awa G\u0105deckiego o obowi\u0105zuj\u0105cej w Polsce zasadzie przyjaznej separacji mi\u0119dzy pa\u0144stwem i Ko\u015bcio\u0142em), Go\u015b\u0107 Niedzielny, Ma\u0142y Przewodnik, Ola i Ja\u015b, Egzorcysta (numer styczniowy), gazetka parafialna.<\/li><li>M\u00f3dlmy si\u0119 za zmar\u0142ych parafian. Za dusz\u0119 \u015bp. Benona Michalaka, os. Lecha 32 (pogrzeb na cmentarzu staro\u0142\u0119ckim). Wieczny odpoczynek racz zmar\u0142ym da\u0107 Panie.<\/li><\/ol>\n","protected":false},"excerpt":{"rendered":"<p>OG\u0141OSZENIA DUSZPASTERSKIE NIEDZIELA II ZWYK\u0141A 20 stycznia 2019 r. Do 25 stycznia, trwa Tydzie\u0144 Ekumeniczny. Zach\u0119camy do udzia\u0142u w nabo\u017ce\u0144stwach, kt\u00f3re odbywaj\u0105 si\u0119 w \u015bwi\u0105tyniach Ko\u015bcio\u0142\u00f3w r\u00f3\u017cnych wyzna\u0144. Program na tablicy og\u0142osze\u0144. Msza \u015bw. w tygodniu: od poniedzia\u0142ku do pi\u0105tku o godz. 8.00, w sobot\u0119 o godz. 18.00. We wtorek spotkanie katechetyczne dla doros\u0142ych w &#8230; <span class=\"more\"><a class=\"more-link\" href=\"https:\/\/www.chnk.pl\/?p=2217\">czytaj wi\u0119cej<\/a><\/span><\/p>\n","protected":false},"author":3,"featured_media":0,"comment_status":"open","ping_status":"open","sticky":false,"template":"","format":"standard","meta":{"ngg_post_thumbnail":0,"footnotes":""},"categories":[1],"tags":[],"_links":{"self":[{"href":"https:\/\/www.chnk.pl\/index.php?rest_route=\/wp\/v2\/posts\/2217"}],"collection":[{"href":"https:\/\/www.chnk.pl\/index.php?rest_route=\/wp\/v2\/posts"}],"about":[{"href":"https:\/\/www.chnk.pl\/index.php?rest_route=\/wp\/v2\/types\/post"}],"author":[{"embeddable":true,"href":"https:\/\/www.chnk.pl\/index.php?rest_route=\/wp\/v2\/users\/3"}],"replies":[{"embeddable":true,"href":"https:\/\/www.chnk.pl\/index.php?rest_route=%2Fwp%2Fv2%2Fcomments&post=2217"}],"version-history":[{"count":1,"href":"https:\/\/www.chnk.pl\/index.php?rest_route=\/wp\/v2\/posts\/2217\/revisions"}],"predecessor-version":[{"id":2218,"href":"https:\/\/www.chnk.pl\/index.php?rest_route=\/wp\/v2\/posts\/2217\/revisions\/2218"}],"wp:attachment":[{"href":"https:\/\/www.chnk.pl\/index.php?rest_route=%2Fwp%2Fv2%2Fmedia&parent=2217"}],"wp:term":[{"taxonomy":"category","embeddable":true,"href":"https:\/\/www.chnk.pl\/index.php?rest_route=%2Fwp%2Fv2%2Fcategories&post=2217"},{"taxonomy":"post_tag","embeddable":true,"href":"https:\/\/www.chnk.pl\/index.php?rest_route=%2Fwp%2Fv2%2Ftags&post=2217"}],"curies":[{"name":"wp","href":"https:\/\/api.w.org\/{rel}","templated":true}]}}