{"id":2211,"date":"2019-01-16T00:21:13","date_gmt":"2019-01-16T00:21:13","guid":{"rendered":"http:\/\/www.chnk.pl\/?p=2211"},"modified":"2019-01-16T00:21:13","modified_gmt":"2019-01-16T00:21:13","slug":"niedziela-chrztu-panskiego-2","status":"publish","type":"post","link":"https:\/\/www.chnk.pl\/?p=2211","title":{"rendered":"Niedziela Chrztu Pa\u0144skiego"},"content":{"rendered":"\n<p>OG\u0141OSZENIA DUSZPASTERSKIE                                                                                                                                                                                                                                             <br \/>\nNIEDZIELA CHRZTU PA\u0143SKIEGO <br \/>\n13 stycznia 2019 r. <\/p>\n\n\n\n<ol><li>Dzisiaj o godz. 16.00, w ko\u015bciele, koncert kol\u0119d przygotowany przez rodzic\u00f3w i dzieci  z naszej Parafii. Zapraszamy na wsp\u00f3lne kol\u0119dowanie.<\/li><li>Od poniedzia\u0142ku do pi\u0105tku msza \u015bw. o godz. 8.00, dodatkowo w poniedzia\u0142ek i \u015brod\u0119  o godz. 18.00, w sobot\u0119 tylko o godz. 18.00.<\/li><li>Zebranie r\u00f3\u017ca\u0144cowe w \u015brod\u0119 po rannej mszy \u015bw.<\/li><li>Kol\u0119da &#8211; odwiedziny duszpasterskie w rodzinach. Woda \u015bwi\u0119cona jest wystawiona przy zakrystii.  Na powiadomieniach o kol\u0119dzie podany jest jedynie orientacyjny czas przyj\u015bcia ksi\u0119dza. Plan kol\u0119dy:<br \/> poniedzia\u0142ek, 14.01. godz.16.00 wej\u015bcia 90, 91, 92<br \/> wtorek, 15.01. godz. 16.00 wej\u015bcia 93, 94, 95 <br \/> \u015broda, 16.01. godz. 16.00 wej\u015bcia 96, 97, 98 <br \/> czwartek, 17.01. godz. 16.00 wej\u015bcia 99, 100, 101<br \/> pi\u0105tek, 18. 01. godz. 16.00 wej\u015bcia 102, 103, 104<br \/> sobota, 19.01. godz. 14.30 wej\u015bcie 105<br \/> poniedzia\u0142ek, 21.01. godz.16.00 wej\u015bcia 106, 107, 108<br \/> wtorek, 22.01. godz. 16.00 wej\u015bcia 109, 110, 111<br \/> \u015broda, 23.01. godz. 16.00 wej\u015bcia 112, 113, 114<br \/> W czasie kol\u0119dy Biuro Parafialne czynne: w czwartek i w sobot\u0119 bez zmian. W poniedzia\u0142ek nieczynne. Sprawy pilne prosimy za\u0142atwia\u0107 w dni kol\u0119dowe od 15.00 do 15.30. Spowied\u017a \u015bw. p\u00f3\u0142 godziny przed porann\u0105 Msz\u0105 \u015bw. i w sobot\u0119 od godz. 16.00 do 18.00.<\/li><li>W dniu 17 stycznia, o godz. 19.00.  \u2013 w ramach obchod\u00f3w XXII Dnia Judaizmu \u2013 odb\u0119dzie si\u0119 Nabo\u017ce\u0144stwo S\u0142owa pod przewodnictwem arcybiskupa Stanis\u0142awa G\u0105deckiego. Zapraszamy do ko\u015bcio\u0142a pw. \u015bw. Wojciecha na Wzg\u00f3rzu.  Informacje o programie obchod\u00f3w Dnia Judaizmu w Poznaniu dost\u0119pne na tablicy og\u0142osze\u0144.<\/li><li>Jak co roku, w dniach od 18 do 25 stycznia, wraz z chrze\u015bcijanami na ca\u0142ym \u015bwiecie, b\u0119dziemy modli\u0107 si\u0119 o jedno\u015b\u0107 chrze\u015bcijan. Has\u0142em tegorocznego Tygodnia Powszechnej Modlitwy o Jedno\u015b\u0107 Chrze\u015bcijan s\u0105 s\u0142owa: D\u0105\u017c do sprawiedliwo\u015bci i pokoju (por. Pwt 16,20 <br \/> i Ps 34,15b.Niechaj intencja jedno\u015bci stanie si\u0119 przedmiotem intensywnej modlitwy zar\u00f3wno osobistej, jak i w czasie nabo\u017ce\u0144stw parafialnych. Zach\u0119camy do licznego udzia\u0142u w ekumenicznych nabo\u017ce\u0144stwach, kt\u00f3re odbywa\u0107 si\u0119 b\u0119d\u0105 w \u015bwi\u0105tyniach Ko\u015bcio\u0142\u00f3w r\u00f3\u017cnych wyzna\u0144 naszej diecezji. Centralne nabo\u017ce\u0144stwo odb\u0119dzie si\u0119 25 stycznia o godz. 18, w ko\u015bciele Ewangelicko-Metodystycznym przy ul. Ogrodowej 6. Kazanie wyg\u0142osi: Metropolita Pozna\u0144ski abp Stanis\u0142aw G\u0105decki.<\/li><li>B\u00f3g zap\u0142a\u0107 za ofiary z\u0142o\u017cone w czasie kol\u0119dy i na mszy \u015bw. na doposa\u017canie naszego ko\u015bcio\u0142a. Zach\u0119camy do czytania prasy katolickiej. Przy zakrystii: Przewodnik Katolicki, Go\u015b\u0107 Niedzielny , Ma\u0142y Przewodnik, Ola i Ja\u015b, Egzorcysta (numer styczniowy), gazetka parafialna.<\/li><li>M\u00f3dlmy si\u0119 za zmar\u0142ych parafian. Za dusze \u015bp. Grzegorza \u015amigielskiego, os. Lecha . Wieczny odpoczynek racz zmar\u0142ym da\u0107 Panie.<\/li><\/ol>\n","protected":false},"excerpt":{"rendered":"<p>OG\u0141OSZENIA DUSZPASTERSKIE NIEDZIELA CHRZTU PA\u0143SKIEGO 13 stycznia 2019 r. Dzisiaj o godz. 16.00, w ko\u015bciele, koncert kol\u0119d przygotowany przez rodzic\u00f3w i dzieci z naszej Parafii. Zapraszamy na wsp\u00f3lne kol\u0119dowanie. Od poniedzia\u0142ku do pi\u0105tku msza \u015bw. o godz. 8.00, dodatkowo w poniedzia\u0142ek i \u015brod\u0119 o godz. 18.00, w sobot\u0119 tylko o godz. 18.00. Zebranie r\u00f3\u017ca\u0144cowe w &#8230; <span class=\"more\"><a class=\"more-link\" href=\"https:\/\/www.chnk.pl\/?p=2211\">czytaj wi\u0119cej<\/a><\/span><\/p>\n","protected":false},"author":3,"featured_media":0,"comment_status":"open","ping_status":"open","sticky":false,"template":"","format":"standard","meta":{"ngg_post_thumbnail":0,"footnotes":""},"categories":[1],"tags":[],"_links":{"self":[{"href":"https:\/\/www.chnk.pl\/index.php?rest_route=\/wp\/v2\/posts\/2211"}],"collection":[{"href":"https:\/\/www.chnk.pl\/index.php?rest_route=\/wp\/v2\/posts"}],"about":[{"href":"https:\/\/www.chnk.pl\/index.php?rest_route=\/wp\/v2\/types\/post"}],"author":[{"embeddable":true,"href":"https:\/\/www.chnk.pl\/index.php?rest_route=\/wp\/v2\/users\/3"}],"replies":[{"embeddable":true,"href":"https:\/\/www.chnk.pl\/index.php?rest_route=%2Fwp%2Fv2%2Fcomments&post=2211"}],"version-history":[{"count":1,"href":"https:\/\/www.chnk.pl\/index.php?rest_route=\/wp\/v2\/posts\/2211\/revisions"}],"predecessor-version":[{"id":2212,"href":"https:\/\/www.chnk.pl\/index.php?rest_route=\/wp\/v2\/posts\/2211\/revisions\/2212"}],"wp:attachment":[{"href":"https:\/\/www.chnk.pl\/index.php?rest_route=%2Fwp%2Fv2%2Fmedia&parent=2211"}],"wp:term":[{"taxonomy":"category","embeddable":true,"href":"https:\/\/www.chnk.pl\/index.php?rest_route=%2Fwp%2Fv2%2Fcategories&post=2211"},{"taxonomy":"post_tag","embeddable":true,"href":"https:\/\/www.chnk.pl\/index.php?rest_route=%2Fwp%2Fv2%2Ftags&post=2211"}],"curies":[{"name":"wp","href":"https:\/\/api.w.org\/{rel}","templated":true}]}}