{"id":2182,"date":"2018-12-29T16:50:47","date_gmt":"2018-12-29T16:50:47","guid":{"rendered":"http:\/\/www.chnk.pl\/?p=2182"},"modified":"2018-12-29T17:00:14","modified_gmt":"2018-12-29T17:00:14","slug":"1-niedziela-po-narodzeniu-panskim","status":"publish","type":"post","link":"https:\/\/www.chnk.pl\/?p=2182","title":{"rendered":"1 Niedziela po Narodzeniu Pa\u0144skim"},"content":{"rendered":"\n<p><\/p>\n\n\n\n<p>OG\u0141OSZENIA DUSZPASTERSKIE<br \/>\nNIEDZIELA I PO NARODZENIU PA\u0143SKIM <br \/>\n                                                          \u015awi\u0119tej Rodziny Jezusa Maryi i J\u00f3zefa                                  30 grudnia 2018 r.               <\/p>\n\n\n\n<ol><li>Kalendarz liturgiczny; poniedzia\u0142ek &#8211; \u015bw. Sylwestra, papie\u017ca, wtorek \u2013 Uroczysto\u015b\u0107  Naj\u015bwi\u0119tszej Bo\u017cej Rodzicielki Maryi, \u015broda \u2013 \u015bw. Bazylego Wielkiego i Grzegorza z Nazjanzu, czwartek \u2013 Naj\u015bwi\u0119tszego Imienia Jezus<\/li><li>Rodzinne \u015bpiewanie kol\u0119d przy \u017c\u0142\u00f3bku dzisiaj o godz. 16.00.<\/li><li>Dzisiaj na mszy \u015bw. o godz. 18.00 b\u0119dzie \u015bpiewa\u0142 Ch\u00f3r M\u0119ski Kompanii Druha Stuligrosza.<\/li><li>W poniedzia\u0142ek zako\u0144czenie Starego Roku. Msza \u015bw. o godz. 8.00, 16.30 i 18.00.<\/li><li>We wtorek Nowy Rok, Uroczysto\u015b\u0107 Bo\u017cej Rodzicielki Maryi. Zmienione godziny odprawiania mszy \u015bw. Od Nowego Roku nie b\u0119dzie Mszy \u015bw. o godz. 7.00 i 8.15. Pierwsza msza \u015bw. o godz. 8.00. Godzinki o godz. 7.30. Pozosta\u0142e godziny mszy \u015bw. bez zmian. Uroczysto\u015b\u0107 odpustowa w Parafii Naj\u015bwi\u0119tszej Bogarodzicy Maryi na \u017begrzu o godz. 15.00. <\/li><li>W czwartek msza \u015bw. tylko rano o godz. 8.00. <\/li><li>W tym tygodniu: I czwartek, I pi\u0105tek i I sobota miesi\u0105ca. W czwartek adoracja Naj\u015bwi\u0119tszego Sakramentu od godz. 8.00 do 10.30. w intencji obrony \u017cycia ludzkiego oraz w intencji powo\u0142a\u0144 kap\u0142a\u0144skich i zakonnych. Spowied\u017a \u015bw. w pi\u0105tek od godz. 15.00 do 18.00. Odwiedziny chorych z sakramentami \u015bw. w pi\u0105tek i w sobot\u0119 wed\u0142ug sta\u0142ego planu. Nowe zg\u0142oszenia w zakrystii. Nabo\u017ce\u0144stwo do Niepokalanego Serca Matki Bo\u017cej w pierwsz\u0105 sobot\u0119 miesi\u0105ca o godz. 7.15. Spotkanie wsp\u00f3lnoty rodzin w sobot\u0119: o godz. 17.20 r\u00f3\u017caniec, o godz. 19.00 spotkanie w salce.<\/li><li>W przysz\u0142\u0105 niedziel\u0119 uroczysto\u015b\u0107 Objawienia Pa\u0144skiego. Na mszy \u015bw. o godz. 9.30 gra  Kwintet Grandioso z orkiestry reprezentacyjnej Si\u0142 Powietrznych. Orszak Trzech Kr\u00f3li wyruszy o godz. 12:00 z Placu Wolno\u015bci. Od godz. 11:00 wolontariusze rozdawa\u0107 b\u0119d\u0105 korony.                     O godz. 13.45 msza \u015bw. we Farze dla uczestnik\u00f3w orszaku. W czasie orszaku kwesta na dom  dziecka w Lesznie i chrze\u015bcijan z Sudanu Po\u0142udniowego. Zach\u0119camy do udzia\u0142u w radosnym \u015bwi\u0119towaniu.<\/li><li>Kol\u0119da &#8211; odwiedziny duszpasterskie w rodzinach. Kol\u0119da w tym roku w blokach: 67 do 119. Przygotowujemy  st\u00f3\u0142 z krzy\u017cem, \u015bwiecami i wod\u0105 \u015bwi\u0119con\u0105. Woda \u015bwi\u0119cona w ko\u015bciele  przy wej\u015bciu do zakrystii. Plan kol\u0119dy:<br \/>\n\u015broda, 02.01. godz.16.00 wej\u015bcie 67, 68, 69<br \/>\nczwartek, 03.01. godz.16.00 wej\u015bcie 70, 71, 72<br \/>\nponiedzia\u0142ek, 07.01. godz.16.00 wej\u015bcie 73, 74, 75<br \/>\nwtorek, 08.01. godz. 16.00 wej\u015bcia 76, 77, 78 <br \/>\n\u015broda, 9.01. godz. 16.00 wej\u015bcie 80, 81, 82<br \/>\nczwartek, 10.01. godz. 16.00 wej\u015bcia 83, 84, 85<br \/>\npi\u0105tek, 11. 01. godz. 16.00 wej\u015bcia 86, 87, 88<br \/>\nCa\u0142y plan kol\u0119dy jest wywieszony na tablicy og\u0142osze\u0144.<\/li><li>W czasie kol\u0119dy Biuro Parafialne: w poniedzia\u0142ek nieczynne, czynne w czwartek od godz. 9.00 do 10.30, w sobot\u0119 od godz. 19.00 do 20.00. Sprawy pilne prosimy za\u0142atwia\u0107 w dni kol\u0119dowe od godz. 15.00 do 15.30.<\/li><li>Zach\u0119camy do czytania prasy katolickiej: Przy zakrystii: Nasza Droga (dwutygodnik dla m\u0142odzie\u017cy), Ola i Ja\u015b (dla przedszkolak\u00f3w), Mi\u0142ujcie si\u0119, gazetka parafialna.<\/li><\/ol>\n\n\n\n<p>PLAN KOL\u0118DY stycze\u0144  2019 <\/p>\n\n\n\n<p>\u015broda, 02.01. godz.16.00 wej\u015bcie 67, 68, 69<br \/> czwartek, 03.01. godz.16.00 wej\u015bcie 70, 71, 72<br \/> poniedzia\u0142ek, 07.01. godz.16.00 wej\u015bcie 73, 74, 75<br \/> wtorek, 08.01. godz. 16.00 wej\u015bcia 76, 77, 78 <br \/> \u015broda, 9.01. godz. 16.00 wej\u015bcie 80, 81, 82<br \/> czwartek, 10.01. godz. 16.00 wej\u015bcia 83, 84, 85<br \/> pi\u0105tek, 11. 01. godz. 16.00 wej\u015bcia 86, 87, 88<br \/> sobota, 12.01. godz. 14.30 wej\u015bcie 89  <br \/> poniedzia\u0142ek, 14.01. godz.16.00 wej\u015bcia 90, 91, 92<br \/> wtorek, 15.01. godz. 16.00 wej\u015bcia 93, 94, 95 <br \/> \u015broda, 16.01. godz. 16.00 wej\u015bcia 96, 97, 98 <br \/> czwartek, 17.01. godz. 16.00 wej\u015bcia 99, 100, 101<br \/> pi\u0105tek, 18. 01. godz. 16.00 wej\u015bcia 102, 103, 104<br \/> sobota, 19.01. godz. 14.30 wej\u015bcie 105<br \/> poniedzia\u0142ek, 21.01. godz.16.00 wej\u015bcia 106, 107, 108<br \/> wtorek, 22.01. godz. 16.00 wej\u015bcia 109, 110, 111<br \/> \u015broda, 23.01. godz. 16.00 wej\u015bcia 112, 113, 114<br \/> czwartek, 24.01. godz. 16.00 wej\u015bcia 115, 116, 117<br \/> pi\u0105tek, 25. 01. godz. 15.30 wej\u015bcia 118, 119<br \/> poniedzia\u0142ek, 28.01. godz.16.00 blok 42 m. 1 do 32<br \/> wtorek, 29.01. godz. 16.00  blok 42 m.33 do 64<br \/> \u015broda, 30.01. godz. 16.00  blok 42 m. 65 do 96<br \/> czwartek, 31.01. godz. 16.00  blok 42 m. 97 do 128<\/p>\n\n\n\n<p>W czasie kol\u0119dy Biuro Parafialne: w poniedzia\u0142ek nieczynne, czynne w czwartek od godz. 9.00 do 10.30, w sobot\u0119 od godz. 19.00 do 20.00. Sprawy pilne prosimy za\u0142atwia\u0107 w dni kol\u0119dowe od godz. 15.00 do 15.30.<\/p>\n","protected":false},"excerpt":{"rendered":"<p>OG\u0141OSZENIA DUSZPASTERSKIE NIEDZIELA I PO NARODZENIU PA\u0143SKIM \u015awi\u0119tej Rodziny Jezusa Maryi i J\u00f3zefa 30 grudnia 2018 r. Kalendarz liturgiczny; poniedzia\u0142ek &#8211; \u015bw. Sylwestra, papie\u017ca, wtorek \u2013 Uroczysto\u015b\u0107 Naj\u015bwi\u0119tszej Bo\u017cej Rodzicielki Maryi, \u015broda \u2013 \u015bw. Bazylego Wielkiego i Grzegorza z Nazjanzu, czwartek \u2013 Naj\u015bwi\u0119tszego Imienia Jezus Rodzinne \u015bpiewanie kol\u0119d przy \u017c\u0142\u00f3bku dzisiaj o godz. 16.00. Dzisiaj &#8230; <span class=\"more\"><a class=\"more-link\" href=\"https:\/\/www.chnk.pl\/?p=2182\">czytaj wi\u0119cej<\/a><\/span><\/p>\n","protected":false},"author":3,"featured_media":0,"comment_status":"open","ping_status":"open","sticky":false,"template":"","format":"standard","meta":{"ngg_post_thumbnail":0,"footnotes":""},"categories":[1],"tags":[],"_links":{"self":[{"href":"https:\/\/www.chnk.pl\/index.php?rest_route=\/wp\/v2\/posts\/2182"}],"collection":[{"href":"https:\/\/www.chnk.pl\/index.php?rest_route=\/wp\/v2\/posts"}],"about":[{"href":"https:\/\/www.chnk.pl\/index.php?rest_route=\/wp\/v2\/types\/post"}],"author":[{"embeddable":true,"href":"https:\/\/www.chnk.pl\/index.php?rest_route=\/wp\/v2\/users\/3"}],"replies":[{"embeddable":true,"href":"https:\/\/www.chnk.pl\/index.php?rest_route=%2Fwp%2Fv2%2Fcomments&post=2182"}],"version-history":[{"count":2,"href":"https:\/\/www.chnk.pl\/index.php?rest_route=\/wp\/v2\/posts\/2182\/revisions"}],"predecessor-version":[{"id":2190,"href":"https:\/\/www.chnk.pl\/index.php?rest_route=\/wp\/v2\/posts\/2182\/revisions\/2190"}],"wp:attachment":[{"href":"https:\/\/www.chnk.pl\/index.php?rest_route=%2Fwp%2Fv2%2Fmedia&parent=2182"}],"wp:term":[{"taxonomy":"category","embeddable":true,"href":"https:\/\/www.chnk.pl\/index.php?rest_route=%2Fwp%2Fv2%2Fcategories&post=2182"},{"taxonomy":"post_tag","embeddable":true,"href":"https:\/\/www.chnk.pl\/index.php?rest_route=%2Fwp%2Fv2%2Ftags&post=2182"}],"curies":[{"name":"wp","href":"https:\/\/api.w.org\/{rel}","templated":true}]}}