{"id":2176,"date":"2018-12-22T16:11:26","date_gmt":"2018-12-22T16:11:26","guid":{"rendered":"http:\/\/www.chnk.pl\/?p=2176"},"modified":"2018-12-22T16:13:49","modified_gmt":"2018-12-22T16:13:49","slug":"4-niedziela-adwentu","status":"publish","type":"post","link":"https:\/\/www.chnk.pl\/?p=2176","title":{"rendered":"4 Niedziela Adwentu"},"content":{"rendered":"\n<p>OG\u0141OSZENIA DUSZPASTERSKIE<\/p>\n\n\n\n<p>IV NIEDZIELA ADWENTU <br \/>\n23 grudnia 2018 r.  <\/p>\n\n\n\n<ol><li>Pasterka o godz.  22.00  i  00.00. W Wigili\u0119 zach\u0119ca si\u0119 do zachowania postu zwyk\u0142ego. Przypominamy o obowi\u0105zku zachowywania postu eucharystycznego, kt\u00f3ry polega na powstrzymaniu si\u0119 od posi\u0142ku i napoju godzin\u0119 przed przyj\u0119ciem Komunii \u015bw. W  I \u015awi\u0119to Bo\u017cego Narodzenia nie b\u0119dzie Mszy \u015bw. o godz. 7.00. W II \u015awi\u0119to, porz\u0105dek  mszy \u015bw. niedzielny. Ofiary przeznaczone na KUL i Wydzia\u0142 Teologiczny.<\/li><li>W przysz\u0142\u0105 niedziel\u0119, 30 grudnia, obchodzimy \u015bwi\u0119to \u015awi\u0119tej Rodziny: Jezusa, Maryi i J\u00f3zefa. Jest to dzie\u0144 modlitwy o \u015bwi\u0119to\u015b\u0107 ma\u0142\u017ce\u0144stw i rodzin oraz dzie\u0144 odnowienie przyrzecze\u0144 ma\u0142\u017ce\u0144skich. W prze\u017cywaniu mi\u0142o\u015bci ma\u0142\u017conkowie otrzymali szczeg\u00f3lna pomoc, kt\u00f3r\u0105 jest sakrament ma\u0142\u017ce\u0144stwa. Odnowienia przyrzecze\u0144 dokonamy na ka\u017cdej mszy \u015bw. Prosimy ma\u0142\u017conk\u00f3w, aby uczestnicz\u0105c w przysz\u0142\u0105 niedziel\u0119 we mszy \u015bw. zaj\u0119li miejsca obok siebie tak, aby mogli w czasie liturgii poda\u0107 sobie d\u0142onie i odnowi\u0107 \u015blubowania ma\u0142\u017ce\u0144skie.<\/li><li>W niedziele 30 grudnia, na mszy  \u015bw. o godz. 18.00 b\u0119dziemy go\u015bci\u0107 Ch\u00f3r M\u0119ski Kompanii Druha Stuligrosza. Zapraszamy na koncert kol\u0119d. Informacje na tablicy og\u0142osze\u0144.<\/li><li>\u015apiewanie kol\u0119d przy \u017c\u0142\u00f3bku w drugie \u015bwi\u0119to o godz. 14.30.<\/li><li>Kol\u0119da w tym roku w blokach: 67 do 119. Ministranci przynios\u0105 powiadomienia o kol\u0119dzie z orientacyjny czasem przyj\u015bcia ksi\u0119dza. <\/li><li>Diecezjalny dzie\u0144 dzi\u0119kczynienia za dzie\u0142o Duchowej Adopcji Dziecka Pocz\u0119tego w ko\u015bciele pw. Naj\u015bwi\u0119tszego Serca Jezusa, w pi\u0105tek 28 grudnia br. roku o godz. 1800. Rozpocz\u0119\u00accie procesj\u0105 od Groty znajduj\u0105cej si\u0119 za ko\u015bcio\u0142em o godz. 1745 \u2013 prosimy o zabranie \u015bwiec.<\/li><li>Odpust w Parafii \u015bw. Jana Aposto\u0142a na ul. Fortecznej, w czwartek, 27 grudnia br. Suma odpustowa o godz. 18.00. Przewodniczy Ks. Bp. Grzegorz Balcerek.<\/li><li>B\u00f3g zap\u0142a\u0107 za ofiary na doposa\u017canie naszego ko\u015bcio\u0142a i za pieczywo, hojnie przygotowane, na wigili\u0119 dla bezdomnych. B\u00f3g zap\u0142a\u0107 parafianom za pos\u0142ug\u0119 przy op\u0142atka i \u015bwiecach CARITAS, oraz panom za przygotowanie \u017b\u0142\u00f3bka i choinek w ko\u015bciele.<\/li><li>Zach\u0119camy do czytania prasy katolickiej. W kaplicy przy zakrystii: Przewodnik Katolicki (podw\u00f3jny numer, z modlitewnikiem na stycze\u0144 ), Go\u015b\u0107 Niedzielny (podw\u00f3jny numer), Droga, gazetka parafialna, Ziarno, poczt\u00f3wki z religijnymi motywami Bo\u017cego Narodzenia Egzorcysta. Przy g\u0142\u00f3wnym wej\u015bciu do ko\u015bcio\u0142a siano na st\u00f3\u0142 wigilijny. Op\u0142atki i \u015bwiece CARITAS w salce parafialnej, wej\u015bcie z dziedzi\u0144ca.<\/li><li>M\u00f3dlmy si\u0119 za zmar\u0142ych parafian. Za dusz\u0119 \u015bp. Zenona Lulczy\u0144skiego, os. Lecha 127. Msza \u015bw. pogrzebowa w czwartek, 27.12.br. o godz. 12.30.<\/li><\/ol>\n\n\n\n<p>Bo\u017ce Narodzenie 2018 r.<\/p>\n\n\n\n<p>Drodzy Parafianie i Go\u015bcie!<\/p>\n\n\n\n<p>\u201e\u2026 dzi\u015b w mie\u015bcie Dawida narodzi\u0142 si\u0119 wam Zbawiciel, kt\u00f3rym jest Mesjasz Pan\u201d. Potrzebujemy nieustannie zg\u0142\u0119bia\u0107 t\u0119 tajemnic\u0119 naszej wiary. Jest ona dla nas \u017ar\u00f3d\u0142em rado\u015bci, ukojenia i pokoju. Trzeba nam przyzywa\u0107 Ducha \u015awi\u0119tego, kt\u00f3ry nam zosta\u0142 dany, by Bo\u017ce Narodzenie prze\u017cywa\u0107 jako prawdziwe spotkanie z Przedwieczynym i wci\u0105\u017c Przychodz\u0105cym. W naszej Archidiecezji oczekujemy na rozpoczynaj\u0105ce 18 maja 2019 r. spotkanie z Matk\u0105 Bo\u017c\u0105 w Jej Jasnog\u00f3rskim Wizerunku, a ju\u017c 25 maja na Nawiedzenie w naszej Parafii. Drodzy Parafianie!  Niech oczekiwanie na to wydarzenie przypomina  i zaprasza do g\u0142\u0119bokiej komunii z Nowonarodzonym, na wz\u00f3r Jego Matki kt\u00f3ra ci\u0105gle przychodzi, aby prowadzi\u0107 nas do Jezusa. \u017byczymy, aby Mi\u0142osierna Bo\u017ca Mi\u0142o\u015b\u0107 wype\u0142ni\u0142a Wasze \u017cycie, a \u015awiat\u0142o Ducha \u015awi\u0119tego, roz\u015bwietla\u0142o wszystkie ciemno\u015bci.<\/p>\n","protected":false},"excerpt":{"rendered":"<p>OG\u0141OSZENIA DUSZPASTERSKIE IV NIEDZIELA ADWENTU 23 grudnia 2018 r. Pasterka o godz. 22.00 i 00.00. W Wigili\u0119 zach\u0119ca si\u0119 do zachowania postu zwyk\u0142ego. Przypominamy o obowi\u0105zku zachowywania postu eucharystycznego, kt\u00f3ry polega na powstrzymaniu si\u0119 od posi\u0142ku i napoju godzin\u0119 przed przyj\u0119ciem Komunii \u015bw. W I \u015awi\u0119to Bo\u017cego Narodzenia nie b\u0119dzie Mszy \u015bw. o godz. 7.00. &#8230; <span class=\"more\"><a class=\"more-link\" href=\"https:\/\/www.chnk.pl\/?p=2176\">czytaj wi\u0119cej<\/a><\/span><\/p>\n","protected":false},"author":3,"featured_media":0,"comment_status":"open","ping_status":"open","sticky":false,"template":"","format":"standard","meta":{"ngg_post_thumbnail":0,"footnotes":""},"categories":[1],"tags":[],"_links":{"self":[{"href":"https:\/\/www.chnk.pl\/index.php?rest_route=\/wp\/v2\/posts\/2176"}],"collection":[{"href":"https:\/\/www.chnk.pl\/index.php?rest_route=\/wp\/v2\/posts"}],"about":[{"href":"https:\/\/www.chnk.pl\/index.php?rest_route=\/wp\/v2\/types\/post"}],"author":[{"embeddable":true,"href":"https:\/\/www.chnk.pl\/index.php?rest_route=\/wp\/v2\/users\/3"}],"replies":[{"embeddable":true,"href":"https:\/\/www.chnk.pl\/index.php?rest_route=%2Fwp%2Fv2%2Fcomments&post=2176"}],"version-history":[{"count":3,"href":"https:\/\/www.chnk.pl\/index.php?rest_route=\/wp\/v2\/posts\/2176\/revisions"}],"predecessor-version":[{"id":2180,"href":"https:\/\/www.chnk.pl\/index.php?rest_route=\/wp\/v2\/posts\/2176\/revisions\/2180"}],"wp:attachment":[{"href":"https:\/\/www.chnk.pl\/index.php?rest_route=%2Fwp%2Fv2%2Fmedia&parent=2176"}],"wp:term":[{"taxonomy":"category","embeddable":true,"href":"https:\/\/www.chnk.pl\/index.php?rest_route=%2Fwp%2Fv2%2Fcategories&post=2176"},{"taxonomy":"post_tag","embeddable":true,"href":"https:\/\/www.chnk.pl\/index.php?rest_route=%2Fwp%2Fv2%2Ftags&post=2176"}],"curies":[{"name":"wp","href":"https:\/\/api.w.org\/{rel}","templated":true}]}}