{"id":2169,"date":"2018-12-15T23:08:02","date_gmt":"2018-12-15T23:08:02","guid":{"rendered":"http:\/\/www.chnk.pl\/?p=2169"},"modified":"2018-12-19T12:44:35","modified_gmt":"2018-12-19T12:44:35","slug":"2-niedziela-adwentu-2","status":"publish","type":"post","link":"https:\/\/www.chnk.pl\/?p=2169","title":{"rendered":"3 Niedziela Adwentu"},"content":{"rendered":"<p>OG\u0141OSZENIA DUSZPASTERSKIE<\/p>\n<p>III NIEDZIELA ADWENTU<br \/>\n16 grudnia 2018 r.<\/p>\n<p>1. Roraty do soboty o godz. 6.00. Dzieci do pi\u0105tku o godz. 18.00. W pi\u0105tek dzieci przynosz\u0105 \u0142a\u0144cuch choinkowy z rorat. W trzecim tygodniu Adwentu przypadaj\u0105 kwartalne dni modlitw o \u017cycie chrze\u015bcija\u0144skie rodzin. W tej intencji b\u0119dziemy si\u0119 modli\u0107 w czasie rorat i w r\u00f3\u017ca\u0144cu.<\/p>\n<p>2. We wtorek o godz. 6.00 roraty w intencji Stowarzyszenia Matki Bo\u017cej Patronki Dobrej \u015amierci. Po roratach r\u00f3\u017caniec do Siedmiu Bole\u015bci Matki Bo\u017cej i spotkanie op\u0142atkowe.<\/p>\n<p>3. W \u015brod\u0119 Dzie\u0144 Salety\u0144ski. Procesja do figury Matki Bo\u017cej rano po roratach. R\u00f3\u017caniec salety\u0144ski o godz. 17.30.<\/p>\n<p>4. Spowied\u017a \u015bw. we wtorek od godz. 16.30 do 18.00 oraz w \u015brod\u0119, czwartek, pi\u0105tek od godz. 7.00 do 8.00 i od 15.30 do 18.00 i po wieczornej mszy \u015bw. do godz. 20.00. W sobot\u0119 od godz. 16.00 do 18.00.<\/p>\n<p>5. Prosimy pan\u00f3w o pomoc w przygotowaniu \u017c\u0142\u00f3bka: w czwartek, 20 grudnia, o godz. 19.00 przygotowanie konstrukcji, a w pi\u0105tek, 21 grudnia, ustawianie choinek od godz. 19.00.<\/p>\n<p>6. Spotkanie kandydat\u00f3w do bierzmowania w pi\u0105tek, 21 grudnia, o o godz. 19.00 w salce parafialnej.<\/p>\n<p>7. \u015awiat\u0142o Betlejemskie b\u0119dzie wystawione w ko\u015bciele w przysz\u0142\u0105 niedziel\u0119 od 13.30 do 18.00 i w Wigili\u0119 Bo\u017cego Narodzenia do godz. 8.00 do 16.00.<\/p>\n<p>8. Pasterka o godz. 22.00 i 00.00. W I \u015awi\u0119to Bo\u017cego Narodzenia nie b\u0119dzie Mszy \u015bw. o godz. 7.00. Od 1 stycznia 2019 r. ulegaj\u0105 zamianie godziny odprawiania mszy \u015bw. w niedziele. Nie b\u0119dzie mszy \u015bw. o godz. 7.00. Pierwsza msza \u015bw. o godz. 8.00, a od godz. 9.30 bez zmian.<\/p>\n<p>9. Kol\u0119da w tym roku w blokach: 67 do 119. Ministranci przynios\u0105 powiadomienia o kol\u0119dzie z orientacyjny czasem przyj\u015bcia ksi\u0119dza.<\/p>\n<p>10. B\u00f3g zap\u0142a\u0107 zespo\u0142om sprz\u0105taj\u0105cym w soboty ko\u015bci\u00f3\u0142. B\u00f3g zap\u0142a\u0107 za ofiary na doposa\u017canie ko\u015bcio\u0142a.<\/p>\n<p>11. Zach\u0119camy do czytania prasy katolickiej. W kaplicy przy zakrystii: Przewodnik Katolicki (w przysz\u0142y tygodniu podw\u00f3jny numer tygodnika), Go\u015b\u0107 Niedzielny z p\u0142yt\u0105 z kol\u0119dami, Nasza Droga, gazetka parafialna, Mi\u0142ujcie si\u0119 (pod ch\u00f3rem egzemplarze archiwalne darmo), Ziarno, poczt\u00f3wki z religijnymi motywami Bo\u017cego Narodzenia, Egzorcysta, kropid\u0142o na kol\u0119d\u0119. Op\u0142atki wigilijne, \u015bwiece CARITAS w salce parafialnej, wej\u015bcie z dziedzi\u0144ca.<\/p>\n","protected":false},"excerpt":{"rendered":"<p>OG\u0141OSZENIA DUSZPASTERSKIE III NIEDZIELA ADWENTU 16 grudnia 2018 r. 1. Roraty do soboty o godz. 6.00. Dzieci do pi\u0105tku o godz. 18.00. W pi\u0105tek dzieci przynosz\u0105 \u0142a\u0144cuch choinkowy z rorat. W trzecim tygodniu Adwentu przypadaj\u0105 kwartalne dni modlitw o \u017cycie chrze\u015bcija\u0144skie rodzin. W tej intencji b\u0119dziemy si\u0119 modli\u0107 w czasie rorat i w r\u00f3\u017ca\u0144cu. 2. &#8230; <span class=\"more\"><a class=\"more-link\" href=\"https:\/\/www.chnk.pl\/?p=2169\">czytaj wi\u0119cej<\/a><\/span><\/p>\n","protected":false},"author":3,"featured_media":0,"comment_status":"open","ping_status":"open","sticky":false,"template":"","format":"standard","meta":{"ngg_post_thumbnail":0,"footnotes":""},"categories":[4,3],"tags":[],"_links":{"self":[{"href":"https:\/\/www.chnk.pl\/index.php?rest_route=\/wp\/v2\/posts\/2169"}],"collection":[{"href":"https:\/\/www.chnk.pl\/index.php?rest_route=\/wp\/v2\/posts"}],"about":[{"href":"https:\/\/www.chnk.pl\/index.php?rest_route=\/wp\/v2\/types\/post"}],"author":[{"embeddable":true,"href":"https:\/\/www.chnk.pl\/index.php?rest_route=\/wp\/v2\/users\/3"}],"replies":[{"embeddable":true,"href":"https:\/\/www.chnk.pl\/index.php?rest_route=%2Fwp%2Fv2%2Fcomments&post=2169"}],"version-history":[{"count":3,"href":"https:\/\/www.chnk.pl\/index.php?rest_route=\/wp\/v2\/posts\/2169\/revisions"}],"predecessor-version":[{"id":2175,"href":"https:\/\/www.chnk.pl\/index.php?rest_route=\/wp\/v2\/posts\/2169\/revisions\/2175"}],"wp:attachment":[{"href":"https:\/\/www.chnk.pl\/index.php?rest_route=%2Fwp%2Fv2%2Fmedia&parent=2169"}],"wp:term":[{"taxonomy":"category","embeddable":true,"href":"https:\/\/www.chnk.pl\/index.php?rest_route=%2Fwp%2Fv2%2Fcategories&post=2169"},{"taxonomy":"post_tag","embeddable":true,"href":"https:\/\/www.chnk.pl\/index.php?rest_route=%2Fwp%2Fv2%2Ftags&post=2169"}],"curies":[{"name":"wp","href":"https:\/\/api.w.org\/{rel}","templated":true}]}}