{"id":2165,"date":"2018-12-08T14:07:22","date_gmt":"2018-12-08T14:07:22","guid":{"rendered":"http:\/\/www.chnk.pl\/?p=2165"},"modified":"2018-12-19T12:44:21","modified_gmt":"2018-12-19T12:44:21","slug":"2-niedziela-zwykla-2","status":"publish","type":"post","link":"https:\/\/www.chnk.pl\/?p=2165","title":{"rendered":"2 Niedziela Adwentu"},"content":{"rendered":"<p>OG\u0141OSZENIA DUSZPASTERSKIE<br \/>\nNIEDZIELA II ADWENTU<br \/>\n9 grudnia 2018 r.<br \/>\n1. Roraty w tygodniu o godz. 6.00. Dla dzieci od poniedzia\u0142ku do pi\u0105tku o godz. 18.00. Dzieci przynosz\u0105 serduszko z wypisanym dobrym uczynkiem do zawieszenia na drzewku dobrych uczynk\u00f3w. Prosimy rodzic\u00f3w, aby do\u0142o\u017cyli stara\u0144, by dzieci uczestniczy\u0142y w roratach.<br \/>\n2. Wydawanie \u017cywno\u015bci z dar\u00f3w z\u0142o\u017conych przez parafian, w poniedzia\u0142ek o godz. 17.00 w salce parafialnej.<br \/>\n3. Kr\u0105g Biblijny w \u015brod\u0119 o godz. 19.00 w salce parafialnej, gdzie pog\u0142\u0119biamy wiedz\u0119 na temat Pisma \u015bw. i rozwa\u017camy S\u0142owo Bo\u017ce.<br \/>\n4. Koronka do Mi\u0142osierdzia Bo\u017cego w intencji chrze\u015bcijan prze\u015bladowanych w pi\u0105tki o godz. 17.40.<br \/>\n5. Spotkanie kandydat\u00f3w do bierzmowania w pi\u0105tek, 14 grudnia, o o godz. 19.00 w ko\u015bciele.<br \/>\n6. Pr\u00f3by do parafialnego koncertu kol\u0119d w salce parafialnej: dla doros\u0142ych i dzieci w pi\u0105tek o godz. 19.00. Zapraszamy, by przygotowa\u0107 Panu Jezusowi wsp\u00f3lnotowe kol\u0119dowanie.<br \/>\n7. W przysz\u0142\u0105 niedziel\u0119 na mszy \u015bw. o godz. 11.15 b\u0119dzie \u015bpiewa\u0107 schola dzieci\u0119ca. Pr\u00f3ba w salce w niedziel\u0119 o godz. 10.15. Zapraszamy wszystkie ch\u0119tne dzieci.<br \/>\n8. Prosimy o zg\u0142aszanie chorych i starszych parafian do spowiedzi \u015bw. adwentowej na sobot\u0119, 22 grudnia, od godz. 9.00.<br \/>\n9. Od 1 stycznia 2019 r. ulegaj\u0105 zamianie godziny odprawiania mszy \u015bw. w niedziele. Nie b\u0119dzie mszy \u015bw. o godz. 7.00. Pierwsza msza \u015bw. o godz. 8.00, a od godz. 9.30 bez zmian.<br \/>\n10. \u015awiece CARITAS oraz op\u0142atki wigilijne w salce parafialnej &#8211; wej\u015bcie z dziedzi\u0144ca. Ofiary przeznaczone na doposa\u017cenie i ogrzewanie ko\u015bcio\u0142a.<br \/>\n11. W drug\u0105 niedziel\u0119 Adwentu, z inicjatywy Konferencji Episkopatu Polski obchodzimy Dzie\u0144 Modlitwy i Pomocy Ko\u015bcio\u0142owi na Wschodzie. W\u0142\u0105czamy si\u0119 w to dzie\u0142o, modlitw\u0105 oraz sk\u0142adaj\u0105c ofiary do puszek przed ko\u015bcio\u0142em. Nasza pomoc dotrze do ludzi \u017cyj\u0105cych w trudnych warunkach za wschodni\u0105 granic\u0105, m.in. w Donbasie, na Ukrainie i na Syberii.<br \/>\n12. Caritas Archidiecezji Pozna\u0144skiej organizuje spotkanie wigilijne dla potrzebuj\u0105cych. W wydarzeniu tym uczestniczy\u0107 b\u0119dzie ok 1300 os\u00f3b . Pro\u015bba, aby w\u0142\u0105czy\u0107 si\u0119 w zorganizowanie wigilii przez upieczenie ciasta bez kremu. W roku ubieg\u0142ym podarowano w ten spos\u00f3b ka\u017cdemu 6 kawa\u0142k\u00f3w ciasta, za co jeszcze raz serdeczne B\u00f3g zap\u0142a\u0107. Parafian gotowych do takiego czynu mi\u0142osierdzia, prosimy o zg\u0142oszenie swej decyzji do 12 grudnia. Szczeg\u00f3\u0142y przy spotkaniu indywidualnym.<br \/>\n13. Zach\u0119camy do czytania prasy katolickiej. W kaplicy przy zakrystii: Przewodnik Katolicki, Go\u015b\u0107 Niedzielny, Ola i Ja\u015b, Egzorcysta (numer grudniowy), Nasza Droga, gazetka parafialna, poczt\u00f3wki bo\u017conarodzeniowe i kropid\u0142a na kol\u0119d\u0119.<br \/>\n14. M\u00f3dlmy si\u0119 w intencji rych\u0142ej odbudowy Pomnika Wdzi\u0119czno\u015bci w Poznaniu ze s\u0142owami \u201dNaj\u015bwi\u0119tszemu Sercu Jezusa -Wskrzeszona Polska\u201d, kt\u00f3re to s\u0142owa przypomina\u0142y o przymierzu z Bogiem jako warunku niepodleg\u0142o\u015bci Ojczyzny. M\u00f3dlmy si\u0119: Naj\u015bwi\u0119tsze Serce Jezusa &#8211; zmi\u0142uj si\u0119 nad nami.<br \/>\n15. M\u00f3dlmy si\u0119 tak\u017ce za zmar\u0142ych parafian. Za dusz\u0119 \u015bp. Krystyny Nowickiej i dusz\u0119 \u015bp. Stefanii Przybylskiej, msza \u015bw. pogrzebowa w \u015brod\u0119 o godz. 10.30. Wieczny odpoczynek racz zmar\u0142ym da\u0107 Panie.<\/p>\n<p>Modlitwa za rodziny &#8211; z inicjatywy Konferencji Episkopatu Polski<\/p>\n<p>Bo\u017ce, w Tr\u00f3jcy \u015awi\u0119tej Jedyny, \u017ar\u00f3d\u0142o \u017cycia i mi\u0142o\u015bci wszystkich ludzi! Dzi\u0119kujemy za to, \u017ce stworzy\u0142e\u015b nas \u2013 m\u0119\u017cczyznami i kobietami, aby\u015bmy si\u0119 nawzajem uzupe\u0142niali i byli dla siebie wzajemn\u0105 pomoc\u0105. Dzi\u0119kujemy, \u017ce przez Jezusa Chrystusa u\u015bwi\u0119ci\u0142e\u015b ma\u0142\u017ce\u0144stwo, ustanawiaj\u0105c je sakramentem. Spraw, aby ka\u017cda rodzina sta\u0142a si\u0119 sanktuarium \u017cycia i mi\u0142o\u015bci. Pom\u00f3\u017c wszystkim ma\u0142\u017conkom trwa\u0107 w wierno\u015bci i jedno\u015bci. Wspieraj ma\u0142\u017ce\u0144stwa i rodziny zagro\u017cone oraz dotkni\u0119te rozmaitymi kryzysami. Oddajemy Ci, Bo\u017ce, wszystkie dzieci od momentu pocz\u0119cia. Niech ciesz\u0105 si\u0119 mi\u0142o\u015bci\u0105 matki i ojca. Spraw, by dzieci i m\u0142odzie\u017c znalaz\u0142y w rodzinach silne wsparcie dla wzrostu w prawdzie i mi\u0142o\u015bci. Umacniaj dziadk\u00f3w i babcie, aby umieli dzieli\u0107 si\u0119 m\u0105dro\u015bci\u0105 i wiar\u0105 z m\u0142odymi. Prosimy, by stanowi\u0105cy prawa i sprawuj\u0105cy w\u0142adz\u0119 s\u0142u\u017cyli pocz\u0119temu \u017cyciu, ma\u0142\u017ce\u0144stwu i rodzinie. \u015awi\u0119ta Rodzino z Nazaretu, wspomagaj, aby umacnia\u0142a si\u0119 \u015bwiadomo\u015b\u0107 \u015bwi\u0119tego i nierozerwalnego charakteru ma\u0142\u017ce\u0144stwa i rodziny. \u015awi\u0119ta Maryjo, Matko Bo\u017ca, Kr\u00f3lowo rodzin, m\u00f3dl si\u0119 za nami! \u015awi\u0119ty J\u00f3zefie, g\u0142owo \u015awi\u0119tej Rodziny, m\u00f3dl si\u0119 za nami!<br \/>\n\u015awi\u0119ty Janie Pawle II, papie\u017cu rodziny, m\u00f3dl si\u0119 za nami!<\/p>\n<p>&nbsp;<\/p>\n","protected":false},"excerpt":{"rendered":"<p>OG\u0141OSZENIA DUSZPASTERSKIE NIEDZIELA II ADWENTU 9 grudnia 2018 r. 1. Roraty w tygodniu o godz. 6.00. Dla dzieci od poniedzia\u0142ku do pi\u0105tku o godz. 18.00. Dzieci przynosz\u0105 serduszko z wypisanym dobrym uczynkiem do zawieszenia na drzewku dobrych uczynk\u00f3w. Prosimy rodzic\u00f3w, aby do\u0142o\u017cyli stara\u0144, by dzieci uczestniczy\u0142y w roratach. 2. Wydawanie \u017cywno\u015bci z dar\u00f3w z\u0142o\u017conych przez &#8230; <span class=\"more\"><a class=\"more-link\" href=\"https:\/\/www.chnk.pl\/?p=2165\">czytaj wi\u0119cej<\/a><\/span><\/p>\n","protected":false},"author":3,"featured_media":0,"comment_status":"open","ping_status":"open","sticky":false,"template":"","format":"standard","meta":{"ngg_post_thumbnail":0,"footnotes":""},"categories":[4,3],"tags":[],"_links":{"self":[{"href":"https:\/\/www.chnk.pl\/index.php?rest_route=\/wp\/v2\/posts\/2165"}],"collection":[{"href":"https:\/\/www.chnk.pl\/index.php?rest_route=\/wp\/v2\/posts"}],"about":[{"href":"https:\/\/www.chnk.pl\/index.php?rest_route=\/wp\/v2\/types\/post"}],"author":[{"embeddable":true,"href":"https:\/\/www.chnk.pl\/index.php?rest_route=\/wp\/v2\/users\/3"}],"replies":[{"embeddable":true,"href":"https:\/\/www.chnk.pl\/index.php?rest_route=%2Fwp%2Fv2%2Fcomments&post=2165"}],"version-history":[{"count":2,"href":"https:\/\/www.chnk.pl\/index.php?rest_route=\/wp\/v2\/posts\/2165\/revisions"}],"predecessor-version":[{"id":2173,"href":"https:\/\/www.chnk.pl\/index.php?rest_route=\/wp\/v2\/posts\/2165\/revisions\/2173"}],"wp:attachment":[{"href":"https:\/\/www.chnk.pl\/index.php?rest_route=%2Fwp%2Fv2%2Fmedia&parent=2165"}],"wp:term":[{"taxonomy":"category","embeddable":true,"href":"https:\/\/www.chnk.pl\/index.php?rest_route=%2Fwp%2Fv2%2Fcategories&post=2165"},{"taxonomy":"post_tag","embeddable":true,"href":"https:\/\/www.chnk.pl\/index.php?rest_route=%2Fwp%2Fv2%2Ftags&post=2165"}],"curies":[{"name":"wp","href":"https:\/\/api.w.org\/{rel}","templated":true}]}}