{"id":2159,"date":"2018-12-01T20:13:59","date_gmt":"2018-12-01T20:13:59","guid":{"rendered":"http:\/\/www.chnk.pl\/?p=2159"},"modified":"2018-12-01T20:13:59","modified_gmt":"2018-12-01T20:13:59","slug":"msza-zycia","status":"publish","type":"post","link":"https:\/\/www.chnk.pl\/?p=2159","title":{"rendered":"MSZA \u017bYCIA"},"content":{"rendered":"<div id=\"main\" class=\"app-container\">\n<div class=\"app-container__inner\">\n<div class=\"container flex\">\n<div class=\"app-main flex-max\">\n<div class=\"UiView\">\n<div class=\"Thread\">\n<div class=\"Thread-title\">&nbsp;<\/div>\n<\/div>\n<\/div>\n<\/div>\n<\/div>\n<\/div>\n<\/div>\n<div id=\"nh-modal\">\n<div class=\"Overlay\">\n<div class=\"Overlay__content\">\n<div class=\"Lightbox u-posFixed\" role=\"dialog\">\n<div class=\"LightboxImage LightboxImage--noThumbnails\">\n<div class=\"document-viewer__layout-black\">\n<div class=\"document-viewer__content LightboxImage-document\">\n<div class=\"pdfViewer\">\n<div class=\"page\" data-page-number=\"1\" data-loaded=\"true\">\n<div class=\"textLayer\">\n<div>Cz\u0142owiek jest stworzony, aby m\u00f3g\u0142 wej\u015b\u0107 w osobowe zjednoczenie z Bogiem. W<\/div>\n<div>Ko\u015bciele nazywamy je powszechnie Zbawieniem. Dokonuje si\u0119 ono ju\u017c tu na ziemi<\/div>\n<div>szczeg\u00f3lnie poprzez Eucharysti\u0119.<\/div>\n<div>Serdecznie zapraszamy na rekolekcje Adwentowe, kt\u00f3re odb\u0119d\u0105 si\u0119 w dniach<\/div>\n<div>5-7<\/div>\n<div>grudnia 2018<\/div>\n<div>pt.<\/div>\n<div>\u201eMsza \u017cycia\u201d<\/div>\n<div>, a kt\u00f3re poprowadzi<\/div>\n<div>ks. bp. Micha\u0142 Janocha<\/div>\n<div>\u2013<\/div>\n<div>biskup pomocniczy Archidiecezji Warszawskiej. Podczas homilii o godz. 15.00 i<\/div>\n<div>18.00 us\u0142yszymy przybli\u017cenie sensu i tajemnicy Eucharystii w odniesieniu do<\/div>\n<div>codziennego \u017cycia.<\/div>\n<div>W pi\u0105tek 7 grudnia okazja do spowiedzi rekolekcyjnej w godz. 16.45-18.00.<\/div>\n<div>Spowiada ks. bp Micha\u0142 Janocha.<\/div>\n<div>o. Dariusz Michalski SJ<\/div>\n<div>Superior<\/div>\n<div>Ko\u015bci\u00f3\u0142 Naj\u015bwi\u0119tszego Serca Jezusa i Matki Boskiej Pocieszenia<\/div>\n<div>ul. Szewska 18, Pozna\u0144<\/div>\n<div>www.poznan-jezuici.pl<\/div>\n<\/div>\n<\/div>\n<\/div>\n<\/div>\n<\/div>\n<\/div>\n<div class=\"lightbox-sidebar__wrap\">\n<div class=\"lightbox-sidebar__details\">\n<dl class=\"lightbox-sidebar__info\">\n<dd><\/dd>\n<\/dl>\n<\/div>\n<\/div>\n<\/div>\n<\/div>\n<\/div>\n<\/div>\n","protected":false},"excerpt":{"rendered":"<p>&nbsp; Cz\u0142owiek jest stworzony, aby m\u00f3g\u0142 wej\u015b\u0107 w osobowe zjednoczenie z Bogiem. W Ko\u015bciele nazywamy je powszechnie Zbawieniem. Dokonuje si\u0119 ono ju\u017c tu na ziemi szczeg\u00f3lnie poprzez Eucharysti\u0119. Serdecznie zapraszamy na rekolekcje Adwentowe, kt\u00f3re odb\u0119d\u0105 si\u0119 w dniach 5-7 grudnia 2018 pt. \u201eMsza \u017cycia\u201d , a kt\u00f3re poprowadzi ks. bp. Micha\u0142 Janocha \u2013 biskup pomocniczy &#8230; <span class=\"more\"><a class=\"more-link\" href=\"https:\/\/www.chnk.pl\/?p=2159\">czytaj wi\u0119cej<\/a><\/span><\/p>\n","protected":false},"author":3,"featured_media":0,"comment_status":"open","ping_status":"open","sticky":false,"template":"","format":"standard","meta":{"ngg_post_thumbnail":0,"footnotes":""},"categories":[4],"tags":[],"_links":{"self":[{"href":"https:\/\/www.chnk.pl\/index.php?rest_route=\/wp\/v2\/posts\/2159"}],"collection":[{"href":"https:\/\/www.chnk.pl\/index.php?rest_route=\/wp\/v2\/posts"}],"about":[{"href":"https:\/\/www.chnk.pl\/index.php?rest_route=\/wp\/v2\/types\/post"}],"author":[{"embeddable":true,"href":"https:\/\/www.chnk.pl\/index.php?rest_route=\/wp\/v2\/users\/3"}],"replies":[{"embeddable":true,"href":"https:\/\/www.chnk.pl\/index.php?rest_route=%2Fwp%2Fv2%2Fcomments&post=2159"}],"version-history":[{"count":1,"href":"https:\/\/www.chnk.pl\/index.php?rest_route=\/wp\/v2\/posts\/2159\/revisions"}],"predecessor-version":[{"id":2160,"href":"https:\/\/www.chnk.pl\/index.php?rest_route=\/wp\/v2\/posts\/2159\/revisions\/2160"}],"wp:attachment":[{"href":"https:\/\/www.chnk.pl\/index.php?rest_route=%2Fwp%2Fv2%2Fmedia&parent=2159"}],"wp:term":[{"taxonomy":"category","embeddable":true,"href":"https:\/\/www.chnk.pl\/index.php?rest_route=%2Fwp%2Fv2%2Fcategories&post=2159"},{"taxonomy":"post_tag","embeddable":true,"href":"https:\/\/www.chnk.pl\/index.php?rest_route=%2Fwp%2Fv2%2Ftags&post=2159"}],"curies":[{"name":"wp","href":"https:\/\/api.w.org\/{rel}","templated":true}]}}