{"id":2157,"date":"2018-11-24T20:33:53","date_gmt":"2018-11-24T20:33:53","guid":{"rendered":"http:\/\/www.chnk.pl\/?p=2157"},"modified":"2018-11-24T20:33:53","modified_gmt":"2018-11-24T20:33:53","slug":"procesja-swiatla","status":"publish","type":"post","link":"https:\/\/www.chnk.pl\/?p=2157","title":{"rendered":"Procesja \u015awiat\u0142a"},"content":{"rendered":"<p>Zaproszenie do uczestnictwa w Procesji \u015awiat\u0142a<\/p>\n<p>Serdecznie zapraszamy mieszka\u0144c\u00f3w Poznania do uczestnictwa w Procesji \u015awiat\u0142a w sobot\u0119 8 grudnia 2018 roku o godz.1700 w Uroczysto\u015b\u0107 Niepokalanego Pocz\u0119cia Naj\u015bwi\u0119tszej Maryi Panny. Procesja wyruszy z ko\u015bcio\u0142a \u015bw. Ma\u0142gorzaty na \u015ar\u00f3dce i przejdzie przez most Biskupa Jordana do Figury Matki Bo\u017cej przy ko\u015bciele Panny Maryi in Summo na Ostrowie Tumskim.<br \/>\nPrzejdziemy z modlitw\u0105 r\u00f3\u017ca\u0144cow\u0105 i \u015bpiewem, z zapalonymi lampami (lampiony, znicze), rozwa\u017caj\u0105c tajemnice \u015bwiat\u0142a, aby podzi\u0119kowa\u0107 Bogu za \u0142ask\u0119 wiary, kt\u00f3ra na tej ziemi roz\u015bwietla drogi naszego \u017cycia od ponad tysi\u0105ca lat.<br \/>\nPo procesji, oko\u0142o godziny 1800, b\u0119dzie w katedrze Msza \u015bw.<br \/>\nKap\u0142ani uczestnicz\u0105 w procesji w kom\u017cach.<\/p>\n","protected":false},"excerpt":{"rendered":"<p>Zaproszenie do uczestnictwa w Procesji \u015awiat\u0142a Serdecznie zapraszamy mieszka\u0144c\u00f3w Poznania do uczestnictwa w Procesji \u015awiat\u0142a w sobot\u0119 8 grudnia 2018 roku o godz.1700 w Uroczysto\u015b\u0107 Niepokalanego Pocz\u0119cia Naj\u015bwi\u0119tszej Maryi Panny. Procesja wyruszy z ko\u015bcio\u0142a \u015bw. Ma\u0142gorzaty na \u015ar\u00f3dce i przejdzie przez most Biskupa Jordana do Figury Matki Bo\u017cej przy ko\u015bciele Panny Maryi in Summo na &#8230; <span class=\"more\"><a class=\"more-link\" href=\"https:\/\/www.chnk.pl\/?p=2157\">czytaj wi\u0119cej<\/a><\/span><\/p>\n","protected":false},"author":3,"featured_media":0,"comment_status":"open","ping_status":"open","sticky":false,"template":"","format":"standard","meta":{"ngg_post_thumbnail":0,"footnotes":""},"categories":[1],"tags":[],"_links":{"self":[{"href":"https:\/\/www.chnk.pl\/index.php?rest_route=\/wp\/v2\/posts\/2157"}],"collection":[{"href":"https:\/\/www.chnk.pl\/index.php?rest_route=\/wp\/v2\/posts"}],"about":[{"href":"https:\/\/www.chnk.pl\/index.php?rest_route=\/wp\/v2\/types\/post"}],"author":[{"embeddable":true,"href":"https:\/\/www.chnk.pl\/index.php?rest_route=\/wp\/v2\/users\/3"}],"replies":[{"embeddable":true,"href":"https:\/\/www.chnk.pl\/index.php?rest_route=%2Fwp%2Fv2%2Fcomments&post=2157"}],"version-history":[{"count":1,"href":"https:\/\/www.chnk.pl\/index.php?rest_route=\/wp\/v2\/posts\/2157\/revisions"}],"predecessor-version":[{"id":2158,"href":"https:\/\/www.chnk.pl\/index.php?rest_route=\/wp\/v2\/posts\/2157\/revisions\/2158"}],"wp:attachment":[{"href":"https:\/\/www.chnk.pl\/index.php?rest_route=%2Fwp%2Fv2%2Fmedia&parent=2157"}],"wp:term":[{"taxonomy":"category","embeddable":true,"href":"https:\/\/www.chnk.pl\/index.php?rest_route=%2Fwp%2Fv2%2Fcategories&post=2157"},{"taxonomy":"post_tag","embeddable":true,"href":"https:\/\/www.chnk.pl\/index.php?rest_route=%2Fwp%2Fv2%2Ftags&post=2157"}],"curies":[{"name":"wp","href":"https:\/\/api.w.org\/{rel}","templated":true}]}}