{"id":2154,"date":"2018-11-24T20:30:07","date_gmt":"2018-11-24T20:30:07","guid":{"rendered":"http:\/\/www.chnk.pl\/?p=2154"},"modified":"2018-11-24T20:30:07","modified_gmt":"2018-11-24T20:30:07","slug":"uroczystosc-jezusa-chrystusa-krola-wszechswiata","status":"publish","type":"post","link":"https:\/\/www.chnk.pl\/?p=2154","title":{"rendered":"Uroczysto\u015b\u0107 Jezusa Chrystusa Kr\u00f3la Wszech\u015bwiata"},"content":{"rendered":"<p>OG\u0141OSZENIA DUSZPASTERSKIE<\/p>\n<p>Uroczysto\u015b\u0107 Jezusa Chrystusa Kr\u00f3la Wszech\u015bwiata<br \/>\n25 listopada 2018 r.<\/p>\n<p style=\"text-align: center;\">1. Dzisiaj, po mszy \u015bw. wystawienie Naj\u015bwi\u0119tszego Sakramentu i akt po\u015bwi\u0119cenia Jezusowi Chrystusowi Kr\u00f3lowi. Msza \u015bw. ko\u0144czy si\u0119 b\u0142ogos\u0142awie\u0144stwem eucharystycznym. Za pobo\u017cne i publiczne zm\u00f3wienie ww. aktu po\u015bwi\u0119cenie mo\u017cna dost\u0105pi\u0107 odpustu zupe\u0142nego.<br \/>\n2. W \u015brod\u0119 Kr\u0105g Biblijny o godz. 19.00 w salce parafialnej.<br \/>\n3. Spotkanie Wsp\u00f3lnoty R\u00f3\u017ca\u0144cowej w \u015brod\u0119 w ko\u015bciele, po wieczornej mszy \u015bw.<br \/>\n4. Pr\u00f3by do parafialnego koncertu kol\u0119d: dla dzieci w \u015brod\u0119 o godz. 16.30 w salce parafialnej, a dla doros\u0142ych w pi\u0105tek o godz. 19.00. Zapraszamy na przygotowanie rodzinnego kol\u0119dowania.<br \/>\n5. W czwartek rozpoczynamy nowenn\u0119 przed Uroczysto\u015bci\u0105 Niepokalanego Pocz\u0119cia Naj\u015bwi\u0119tszej Maryi Panny. Zapraszamy na r\u00f3\u017caniec o godz. 17.20 przed wystawionym Naj\u015bwi\u0119tszym Sakramentem.<br \/>\n6. W tym tygodniu I sobota miesi\u0105ca. Nabo\u017ce\u0144stwo do Niepokalanego Serca Matki Bo\u017cej o godz. 7.15. Odwiedziny chorych z sakramentami \u015bw. w sobot\u0119 wed\u0142ug sta\u0142ego planu. Pi\u0105tkowe odwiedziny w przysz\u0142ym tygodniu. Nowe zg\u0142oszenia w zakrystii.<br \/>\n7. Spotkanie dla wsp\u00f3lnoty rodzin w sobot\u0119 o godz. 19.00 w salce. Zapraszamy tak\u017ce nowe rodziny na dzielenie si\u0119 S\u0142owem Bo\u017cym i do\u015bwiadczeniem \u017cycia. Dzieci maja zapewnion\u0105 opiek\u0119.<br \/>\n8. W przysz\u0142\u0105 niedziel\u0119 mo\u017cliwo\u015b\u0107 ofiarowania \u017cywno\u015bci, o przed\u0142u\u017conym czasie przechowywania, dla potrzebuj\u0105cych z naszej parafii. B\u00f3g zap\u0142a\u0107 za TYTKI charytatywne przekazane do diecezjalnej Caritas z okazji Dnia Ubogich.<br \/>\n9. Za tydzie\u0144 rozpoczynamy Adwent &#8211; czas oczekiwania na Przyj\u015bcie Pana i Uroczysto\u015b\u0107 Bo\u017cego Narodzenia. Zach\u0119camy do przygotowania rodzinnego wie\u0144ca adwentowego z czterema \u015bwiecami. Po\u015bwi\u0119cenie wie\u0144c\u00f3w adwentowych, w przysz\u0142\u0105 niedziel\u0119 na ka\u017cdej mszy \u015bw. Dzisiaj, w salce parafialnej mo\u017cna zaopatrzy\u0107 si\u0119 w wie\u0144ce adwentowe. Zach\u0119camy dzieci do przygotowania lampionu roratniego i rodzinnej stajenki betlejemskiej pod choink\u0119.<br \/>\n10. W przysz\u0142\u0105 niedziel\u0119, po mszy \u015bw. o godz. 9.30, 11.15 i 12.30, kiermasz prac uczestnik\u00f3w terapii zaj\u0119ciowej. Prace s\u0105 wykonane przez osoby niepe\u0142nosprawne intelektualnie. Mo\u017cna wspom\u00f3c Stowarzyszenie Niepe\u0142nosprawnych wrzucaj\u0105c do skarbonki\u201dco \u0142aska\u201d.<br \/>\n11. Zach\u0119camy do czytania prasy katolickiej. Przy zakrystii: Przewodnik Katolicki (z modlitewnikiem na grudzie\u0144), Ma\u0142y Przewodni Katolicki, Go\u015b\u0107 Niedzielny (z kalendarzem), Ola i Ja\u015b (dla dzieci przedszkolnych), Egzorcysta, Nasza Droga (dla m\u0142odzie\u017cy), gazetka parafialna.<br \/>\n12. Op\u0142atki wigilijne i \u015bwiece Caritas od przysz\u0142ej niedzieli w salce parafialnej. Ofiary przeznaczone na CARITAS oraz doposa\u017canie i ogrzewanie ko\u015bcio\u0142a.<br \/>\n13. M\u00f3dlmy si\u0119 za zmar\u0142ych Parafian. Za dusz\u0119 \u015bp. Lidii Appolt, os. Lecha 78 i dusz\u0119 \u015bp. Bogumi\u0142y Napieralskiej, os. Lecha 58 (w czwartek msza \u015bw. o godz. 13.00 w ko\u015bciele na Staro\u0142\u0119ce i pogrzeb).<\/p>\n","protected":false},"excerpt":{"rendered":"<p>OG\u0141OSZENIA DUSZPASTERSKIE Uroczysto\u015b\u0107 Jezusa Chrystusa Kr\u00f3la Wszech\u015bwiata 25 listopada 2018 r. 1. Dzisiaj, po mszy \u015bw. wystawienie Naj\u015bwi\u0119tszego Sakramentu i akt po\u015bwi\u0119cenia Jezusowi Chrystusowi Kr\u00f3lowi. Msza \u015bw. ko\u0144czy si\u0119 b\u0142ogos\u0142awie\u0144stwem eucharystycznym. Za pobo\u017cne i publiczne zm\u00f3wienie ww. aktu po\u015bwi\u0119cenie mo\u017cna dost\u0105pi\u0107 odpustu zupe\u0142nego. 2. W \u015brod\u0119 Kr\u0105g Biblijny o godz. 19.00 w salce parafialnej. 3. &#8230; <span class=\"more\"><a class=\"more-link\" href=\"https:\/\/www.chnk.pl\/?p=2154\">czytaj wi\u0119cej<\/a><\/span><\/p>\n","protected":false},"author":3,"featured_media":0,"comment_status":"open","ping_status":"open","sticky":false,"template":"","format":"standard","meta":{"ngg_post_thumbnail":0,"footnotes":""},"categories":[4,3],"tags":[],"_links":{"self":[{"href":"https:\/\/www.chnk.pl\/index.php?rest_route=\/wp\/v2\/posts\/2154"}],"collection":[{"href":"https:\/\/www.chnk.pl\/index.php?rest_route=\/wp\/v2\/posts"}],"about":[{"href":"https:\/\/www.chnk.pl\/index.php?rest_route=\/wp\/v2\/types\/post"}],"author":[{"embeddable":true,"href":"https:\/\/www.chnk.pl\/index.php?rest_route=\/wp\/v2\/users\/3"}],"replies":[{"embeddable":true,"href":"https:\/\/www.chnk.pl\/index.php?rest_route=%2Fwp%2Fv2%2Fcomments&post=2154"}],"version-history":[{"count":1,"href":"https:\/\/www.chnk.pl\/index.php?rest_route=\/wp\/v2\/posts\/2154\/revisions"}],"predecessor-version":[{"id":2155,"href":"https:\/\/www.chnk.pl\/index.php?rest_route=\/wp\/v2\/posts\/2154\/revisions\/2155"}],"wp:attachment":[{"href":"https:\/\/www.chnk.pl\/index.php?rest_route=%2Fwp%2Fv2%2Fmedia&parent=2154"}],"wp:term":[{"taxonomy":"category","embeddable":true,"href":"https:\/\/www.chnk.pl\/index.php?rest_route=%2Fwp%2Fv2%2Fcategories&post=2154"},{"taxonomy":"post_tag","embeddable":true,"href":"https:\/\/www.chnk.pl\/index.php?rest_route=%2Fwp%2Fv2%2Ftags&post=2154"}],"curies":[{"name":"wp","href":"https:\/\/api.w.org\/{rel}","templated":true}]}}