{"id":2150,"date":"2018-11-19T21:59:43","date_gmt":"2018-11-19T21:59:43","guid":{"rendered":"http:\/\/www.chnk.pl\/?p=2150"},"modified":"2018-11-19T21:59:43","modified_gmt":"2018-11-19T21:59:43","slug":"33-niedziela-zwykla-2","status":"publish","type":"post","link":"https:\/\/www.chnk.pl\/?p=2150","title":{"rendered":"33 Niedziela Zwyk\u0142a"},"content":{"rendered":"<p>OG\u0141OSZENIA DUSZPASTERSKIE<br \/>\nNIEDZIELA XXXIII ZWYK\u0141A<br \/>\n18 listopada 2018r.<\/p>\n<p>1. Kalendarz liturgiczny: wtorek \u2013 \u015bw. Rafa\u0142a Kalinowskiego, \u015broda &#8211; Ofiarowanie Naj\u015bwi\u0119tszej Maryi Panny, czwartek \u2013 \u015bw. Cecylii, pi\u0105tek \u2013 \u015bw. Klemensa i \u015bw. Kolumbana, sobota \u2013 \u015bw. Andrzeja Dung-Lac.<br \/>\n2. W poniedzia\u0142ek dzie\u0144 salety\u0144ski. R\u00f3\u017caniec salety\u0144ski o godz. 17.30, msza \u015bw. i procesja do fi\u00acgury Matki Bo\u017cej Salety\u0144skiej po mszy \u015bw. Tym nabo\u017ce\u0144stwem wynagradzamy za opusz\u00acczone niedzielne Msze \u015bw., nieposzanowanie spoczynku niedzielnego i okropne przekle\u0144\u00acstwa i z\u0142orzeczenia.<br \/>\n3. W \u015brod\u0119 Kr\u0105g Biblijny o godz. 19.00 w salce parafialnej. Zapraszamy do niestrudzonego poznawania Pana Jezusa w S\u0142owie Bo\u017cym.<br \/>\n4. Msza \u015bw. z modlitw\u0105 o uzdrowienie w czwartek o godz. 19.00. Prosimy przynie\u015b\u0107 zapisane na kartkach intencje.<br \/>\n5. Koronka do Mi\u0142osierdzia Bo\u017cego w intencji chrze\u015bcijan prze\u015bladowanych w pi\u0105tki o godz. 17.40.<br \/>\n6. Spotkanie dla klas VII i VIII, przygotowuj\u0105cych si\u0119 do bierzmowania, w pi\u0105tek o godz. 19.00 w salce parafialnej.<br \/>\n7. Pr\u00f3by do parafialnego koncertu kol\u0119d. Zapraszamy ch\u0119tnych w ka\u017cdym wieku do w\u0142\u0105czenia si\u0119 w to wsp\u00f3lnotowe wydarzenie. Zapraszamy osoby \u015bpiewaj\u0105ce i graj\u0105ce na wszelakich instrumentach. Pr\u00f3by dla dzieci w \u015brody, o godz. 16.30, dla doros\u0142ych w pi\u0105tki o godz. 19.00 w salce parafialnej. Zapraszamy, by przygotowa\u0107 Panu Jezusowi pi\u0119kne, rodzinne kol\u0119dowanie.<br \/>\n8. W przysz\u0142\u0105 niedziele Uroczysto\u015b\u0107 Chrystusa Kr\u00f3la Wszech\u015bwiata, ko\u0144czy si\u0119 rok ko\u015bcielny. Po ka\u017cdej Mszy \u015bw. wystawienie Naj\u015bwi\u0119tszego Sakramentu i akt po\u015bwi\u0119cenia Jezusowi Chrystusowi Kr\u00f3lowi. Msza \u015bw. ko\u0144czy si\u0119 b\u0142ogos\u0142awie\u0144stwem eucharystycznym.<br \/>\n9. W przysz\u0142\u0105 niedziel\u0119, w salce parafialnej, b\u0119d\u0105 rodzinne wie\u0144ce adwentowe.<br \/>\n10. Tegoroczne uroczysto\u015bci ku czci Cudownego Medalika odb\u0119d\u0105 si\u0119, w sanktuarium Przemienienia Pa\u0144skiego przy Rynku Bernardy\u0144skim, w dniach 25 do 27 listopada br. \/ ko\u015bci\u00f3\u0142 przy szpitalu\/. Pocz\u0105tek niedziela 25 listopada: godz. 15,3o &#8211; adoracja Naj\u015bwi\u0119tszego Sakramentu, 16.30 \u2013 msza \u015bw.<br \/>\n11. Jak chroni\u0107 dziecko w sieci? Zagro\u017cenie internetowe. Warsztaty dla rodzic\u00f3w, 25 listopada, godz.15.00, Fara Pozna\u0144ska. Warsztaty prowadzi informatyk, ojciec tr\u00f3jki dzieci.<br \/>\n12. Rekolekcje Przymierza Mi\u0142osierdzia w ko\u015bciele Nawiedzenia NMP, 25.11.br. o godz. 13.30. Szczeg\u00f3\u0142y na afiszu.<br \/>\n13. B\u00f3g zap\u0142a\u0107 za ofiary na nasze seminarium i na doposa\u017canie naszego ko\u015bcio\u0142a. B\u00f3g zap\u0142a\u0107 panom za zgrabienie li\u015bci przy ko\u015bciele i zespo\u0142om sprz\u0105taj\u0105cym ko\u015bci\u00f3\u0142.<br \/>\n14. Zach\u0119camy do czytania prasy katolickiej. Przy zakrystii: Przewodnik Katolicki ( o skali ub\u00f3stwa w Polsce), Ma\u0142y Przewodni Katolicki, Go\u015b\u0107 Niedzielny, Ola i Ja\u015b, Egzorcysta, Nasza Droga (dla m\u0142odzie\u017cy) gazetka parafialna.<br \/>\n15. M\u00f3dlmy si\u0119 za zmar\u0142ych parafian. Za dusz\u0119 \u015bp. Zdzis\u0142awa Nowickiego, os. Lecha 22 (msza \u015bw. pogrzebowa w \u015brod\u0119 o godz.10.30). Wieczny odpoczynek racz zmar\u0142ym da\u0107 Panie.<\/p>\n","protected":false},"excerpt":{"rendered":"<p>OG\u0141OSZENIA DUSZPASTERSKIE NIEDZIELA XXXIII ZWYK\u0141A 18 listopada 2018r. 1. Kalendarz liturgiczny: wtorek \u2013 \u015bw. Rafa\u0142a Kalinowskiego, \u015broda &#8211; Ofiarowanie Naj\u015bwi\u0119tszej Maryi Panny, czwartek \u2013 \u015bw. Cecylii, pi\u0105tek \u2013 \u015bw. Klemensa i \u015bw. Kolumbana, sobota \u2013 \u015bw. Andrzeja Dung-Lac. 2. W poniedzia\u0142ek dzie\u0144 salety\u0144ski. R\u00f3\u017caniec salety\u0144ski o godz. 17.30, msza \u015bw. i procesja do fi\u00acgury Matki &#8230; <span class=\"more\"><a class=\"more-link\" href=\"https:\/\/www.chnk.pl\/?p=2150\">czytaj wi\u0119cej<\/a><\/span><\/p>\n","protected":false},"author":3,"featured_media":0,"comment_status":"open","ping_status":"open","sticky":false,"template":"","format":"standard","meta":{"ngg_post_thumbnail":0,"footnotes":""},"categories":[1],"tags":[],"_links":{"self":[{"href":"https:\/\/www.chnk.pl\/index.php?rest_route=\/wp\/v2\/posts\/2150"}],"collection":[{"href":"https:\/\/www.chnk.pl\/index.php?rest_route=\/wp\/v2\/posts"}],"about":[{"href":"https:\/\/www.chnk.pl\/index.php?rest_route=\/wp\/v2\/types\/post"}],"author":[{"embeddable":true,"href":"https:\/\/www.chnk.pl\/index.php?rest_route=\/wp\/v2\/users\/3"}],"replies":[{"embeddable":true,"href":"https:\/\/www.chnk.pl\/index.php?rest_route=%2Fwp%2Fv2%2Fcomments&post=2150"}],"version-history":[{"count":1,"href":"https:\/\/www.chnk.pl\/index.php?rest_route=\/wp\/v2\/posts\/2150\/revisions"}],"predecessor-version":[{"id":2151,"href":"https:\/\/www.chnk.pl\/index.php?rest_route=\/wp\/v2\/posts\/2150\/revisions\/2151"}],"wp:attachment":[{"href":"https:\/\/www.chnk.pl\/index.php?rest_route=%2Fwp%2Fv2%2Fmedia&parent=2150"}],"wp:term":[{"taxonomy":"category","embeddable":true,"href":"https:\/\/www.chnk.pl\/index.php?rest_route=%2Fwp%2Fv2%2Fcategories&post=2150"},{"taxonomy":"post_tag","embeddable":true,"href":"https:\/\/www.chnk.pl\/index.php?rest_route=%2Fwp%2Fv2%2Ftags&post=2150"}],"curies":[{"name":"wp","href":"https:\/\/api.w.org\/{rel}","templated":true}]}}