{"id":2146,"date":"2018-11-10T19:00:20","date_gmt":"2018-11-10T19:00:20","guid":{"rendered":"http:\/\/www.chnk.pl\/?p=2146"},"modified":"2018-11-10T19:00:20","modified_gmt":"2018-11-10T19:00:20","slug":"32-niedziela-zwykla-2","status":"publish","type":"post","link":"https:\/\/www.chnk.pl\/?p=2146","title":{"rendered":"32 Niedziela Zwyk\u0142a"},"content":{"rendered":"<p>&nbsp;<\/p>\n<p>OG\u0141OSZENIA DUSZPASTERSKIE<br \/>\nNIEDZIELA XXXII ZWYK\u0141A<br \/>\n12 listopada 2018 r.<\/p>\n<p>1. Kalendarz liturgiczny: poniedzia\u0142ek \u2013 \u015bw. Jozafata, wtorek \u2013 Pierwszych M\u0119czennik\u00f3w Polski, czwartek \u2013 \u015bw. Alberta Wielkiego, pi\u0105tek \u2013 \u015bw. Ma\u0142gorzaty Szkockiej, sobota \u015bw. El\u017cbiety W\u0119gierskiej.<br \/>\n2. Dzi\u015b po mszy \u015bw. rozprowadzamy rogale \u015bwi\u0119tomarci\u0144skie, a pozyskane \u015brodki przeznaczone s\u0105 na Caritas dla potrzebuj\u0105cych i akcje organizowane dla dzieci z naszej parafii.<br \/>\n3. R\u00f3\u017caniec z wymieniankami dzisiaj i od wtorku o godz. 17.30. W poniedzia\u0142ek Biuro Parafialne nieczynne.<br \/>\n4. Zapraszamy na kr\u0105g biblijny w \u015brod\u0119 o godz. 19.00 w salce parafialnej.<br \/>\n5. Spotkanie ministrant\u00f3w senior\u00f3w w czwartek o godz. 19.00. Zapraszamy tak\u017ce nowych pan\u00f3w chc\u0105cych s\u0142u\u017cy\u0107 przy o\u0142tarzu. . 6. Rozpoczynamy pr\u00f3by do parafialnego koncertu kol\u0119d. Zapraszamy ch\u0119tnych w ka\u017cdym wieku do w\u0142\u0105czenia si\u0119 w to wsp\u00f3lnotowe wydarzenie. Zapraszamy osoby \u015bpiewaj\u0105ce, graj\u0105ce na wszelakich instrumentach. Pr\u00f3by dla dzieci w \u015brody, o godz. 16.30 w salce parafialnej, pr\u00f3by dla doros\u0142ych w pi\u0105tki o godz. 19.00. Zapraszamy serdecznie, by przygotowa\u0107 Panu Jezusowi pi\u0119kne, rodzinne kol\u0119dowanie.<br \/>\n7. Prosimy o pomoc w grabieniu li\u015bci przy ko\u015bciele, w pi\u0105tek od godz. 15.00.<br \/>\n8. W przysz\u0142\u0105 niedziel\u0119 liturgi\u0119 mszy \u015bw. o godz. 11.15 przygotowuje wsp\u00f3lnota rodzin. Pr\u00f3ba scholi dzieci\u0119cej w niedziele 18.11. br. o godz. 9.30 w salce. Zapraszamy wszystkie ch\u0119tne dzieci.<br \/>\n9. Odpust w Parafii Pierwszych Polskich M\u0119czennik\u00f3w, we wtorek, 13 listopada br. Suma odpustowa o godz. 18.30.<br \/>\n10. Caritas Archidiecezji Pozna\u0144skiej organizuje w dniach od 13 do 18 listopada Tydzie\u0144 Ubogich. Program Tygodnia jest zamieszczony w Przewodniku Katolickim. Caritas zaprasza do w\u0142\u0105czenia si\u0119 w pomoc ubogim, chocia\u017cby przez wzi\u0119cie spod ch\u00f3ru \u201eTytki Charytatywnej\u201d i wype\u0142nienie jej produktami wymienionymi na tej papierowej torbie. Dary b\u0119d\u0105 zbierane w naszej Parafii oraz w ko\u015bciele pw. Bo\u017cego Cia\u0142a, w przysz\u0142\u0105 niedziel\u0119 po mszy \u015bw. odprawianej o godz.12.30 i tam te\u017c wsp\u00f3lny obiad z ubogimi.<br \/>\n11. Dzisiaj przed ko\u015bcio\u0142em mo\u017cliwo\u015b\u0107 z\u0142o\u017cenia ofiary na nasze seminarium.<br \/>\n12. B\u00f3g zap\u0142a\u0107 za ofiary sk\u0142adane na doposa\u017canie naszego ko\u015bcio\u0142a.<br \/>\n13. Zach\u0119camy do czytania prasy katolickiej. Przy zakrystii: Przewodnik Katolicki, Ma\u0142y Przewodni Katolicki, Ola i Ja\u015b (dla dzieci przedszkolnych), Droga (dwutygodnik dla m\u0142odzie\u017cy), Go\u015b\u0107 Niedzielny, Egzorcysta ( numer listopadowy), gazetka parafialna.<br \/>\n14. M\u00f3dlmy si\u0119 za zmar\u0142ych parafian. Za dusz\u0119 \u015bp. Zofii Rennert, os. Lecha 40 (msza \u015bw. pogrzebowa we wtorek o godz. 10.30). Za dusz\u0119 \u015bp. Jerzego Kasprzaka, os. Lecha 42 (msza \u015bw. pogrzebowa w pi\u0105tek o godz. 8.50). Wieczny odpoczynek racz zmar\u0142ym da\u0107 Panie.<\/p>\n","protected":false},"excerpt":{"rendered":"<p>&nbsp; OG\u0141OSZENIA DUSZPASTERSKIE NIEDZIELA XXXII ZWYK\u0141A 12 listopada 2018 r. 1. Kalendarz liturgiczny: poniedzia\u0142ek \u2013 \u015bw. Jozafata, wtorek \u2013 Pierwszych M\u0119czennik\u00f3w Polski, czwartek \u2013 \u015bw. Alberta Wielkiego, pi\u0105tek \u2013 \u015bw. Ma\u0142gorzaty Szkockiej, sobota \u015bw. El\u017cbiety W\u0119gierskiej. 2. Dzi\u015b po mszy \u015bw. rozprowadzamy rogale \u015bwi\u0119tomarci\u0144skie, a pozyskane \u015brodki przeznaczone s\u0105 na Caritas dla potrzebuj\u0105cych i akcje &#8230; <span class=\"more\"><a class=\"more-link\" href=\"https:\/\/www.chnk.pl\/?p=2146\">czytaj wi\u0119cej<\/a><\/span><\/p>\n","protected":false},"author":3,"featured_media":0,"comment_status":"open","ping_status":"open","sticky":false,"template":"","format":"standard","meta":{"ngg_post_thumbnail":0,"footnotes":""},"categories":[4,3],"tags":[],"_links":{"self":[{"href":"https:\/\/www.chnk.pl\/index.php?rest_route=\/wp\/v2\/posts\/2146"}],"collection":[{"href":"https:\/\/www.chnk.pl\/index.php?rest_route=\/wp\/v2\/posts"}],"about":[{"href":"https:\/\/www.chnk.pl\/index.php?rest_route=\/wp\/v2\/types\/post"}],"author":[{"embeddable":true,"href":"https:\/\/www.chnk.pl\/index.php?rest_route=\/wp\/v2\/users\/3"}],"replies":[{"embeddable":true,"href":"https:\/\/www.chnk.pl\/index.php?rest_route=%2Fwp%2Fv2%2Fcomments&post=2146"}],"version-history":[{"count":1,"href":"https:\/\/www.chnk.pl\/index.php?rest_route=\/wp\/v2\/posts\/2146\/revisions"}],"predecessor-version":[{"id":2147,"href":"https:\/\/www.chnk.pl\/index.php?rest_route=\/wp\/v2\/posts\/2146\/revisions\/2147"}],"wp:attachment":[{"href":"https:\/\/www.chnk.pl\/index.php?rest_route=%2Fwp%2Fv2%2Fmedia&parent=2146"}],"wp:term":[{"taxonomy":"category","embeddable":true,"href":"https:\/\/www.chnk.pl\/index.php?rest_route=%2Fwp%2Fv2%2Fcategories&post=2146"},{"taxonomy":"post_tag","embeddable":true,"href":"https:\/\/www.chnk.pl\/index.php?rest_route=%2Fwp%2Fv2%2Ftags&post=2146"}],"curies":[{"name":"wp","href":"https:\/\/api.w.org\/{rel}","templated":true}]}}