{"id":2141,"date":"2018-11-08T20:40:41","date_gmt":"2018-11-08T20:40:41","guid":{"rendered":"http:\/\/www.chnk.pl\/?p=2141"},"modified":"2018-11-08T20:40:41","modified_gmt":"2018-11-08T20:40:41","slug":"31-niedziela-zwykla","status":"publish","type":"post","link":"https:\/\/www.chnk.pl\/?p=2141","title":{"rendered":"31 Niedziela Zwyk\u0142a"},"content":{"rendered":"<p>OG\u0141OSZENIA DUSZPASTERSKIE<br \/>\nNIEDZIELA XXXI ZWYK\u0141A<br \/>\n4 listopada 2018 r.<br \/>\n1. Kalendarz liturgiczny: pi\u0105tek \u2013 Rocznica Po\u015bwi\u0119cenia Bazyliki Latera\u0144skiej, sobota \u2013 \u015bw. Leona Wielkiego.<br \/>\n2. R\u00f3\u017caniec z wymieniankami od poniedzia\u0142ku o godz. 17.30. We wtorek modlitwa za zmar\u0142ych cz\u0142onk\u00f3w Stowarzyszenia Matki Bo\u017cej Patronki Dobrej \u015amierci: w ich intencji r\u00f3\u017caniec z wymieniankami o 7.30 i msza \u015bw. o godz. 8.00.<br \/>\n3. Kr\u0105g Biblijny w \u015brod\u0119 o godz. 19.00 w salce parafialnej. Zebranie wsp\u00f3lnoty r\u00f3\u017ca\u0144cowej w \u015brod\u0119 po wieczornej mszy \u015bw.<br \/>\n4. Spotkanie dzieci pierwszokomunijnych przed po\u015bwi\u0119ceniem ksi\u0105\u017ceczek do nabo\u017ce\u0144stwa w czwartek o godz.16.45. Po\u015bwi\u0119cenie ksi\u0105\u017ceczek w niedziel\u0119, 11 listopada na mszy \u015bw. o godz.11.15.<br \/>\n5. Zbi\u00f3rka ministrant\u00f3w i kandydat\u00f3w w pi\u0105tek o godz. 16.15 w ko\u015bciele.<br \/>\n6. Spotkanie kandydat\u00f3w do bierzmowania w pi\u0105tek o godz. 19.00 w salce parafialnej.<br \/>\n7. W niedziel\u0119, 11 listopada, Narodowe \u015awi\u0119to Niepodleg\u0142o\u015bci. Prosimy o flagowanie mieszka\u0144 na znak duchowej \u0142\u0105czno\u015bci z wszystkimi, kt\u00f3rzy oddali \u017cycie i pracowali dla niepodleg\u0142ej Polski. Msza \u015bw. w intencji Ojczyzny o godz. 11.15.<br \/>\n8. W przysz\u0142ym tygodniu b\u0119dziemy go\u015bci\u0107 kleryk\u00f3w z naszego Seminarium i modli\u0107 si\u0119 o nowe powo\u0142ania. Przed ko\u015bcio\u0142em mo\u017cliwo\u015b\u0107 z\u0142o\u017cenia ofiary na seminarium.<br \/>\n9. Duszpasterstwo M\u0142odzie\u017cy Archidiecezji Pozna\u0144skiej JORDAN zaprasza m\u0142odzie\u017c na Europejskie Spotkanie M\u0142odych w Madrycie, 28.12.18 r. do 01.01.19 r. Szczeg\u00f3\u0142y na temat pielgrzymki na stronie www.jordan-poznan.pl .<br \/>\n10. Przygotowujemy si\u0119 do przyj\u0119cia w naszej archidiecezji i parafii obrazu peregrynacyjnego Matki Bo\u017cej Jasnog\u00f3rskiej. W zwi\u0105zku z tym 24 listopada br. odb\u0119dzie si\u0119 Archidiecezjalna Pielgrzymka na Jasn\u0105 G\u00f3r\u0119, pod przewodnictwem Ks. Abpa Stanis\u0142awa G\u0105deckiego. B\u0119dzie to uroczysty akt zaproszenia Matki Naj\u015bwi\u0119tszej do naszej archidiecezji i jej parafii. Zach\u0119camy parafian do udzia\u0142u w pielgrzymce. Wyjazd w pi\u0105tek, 23 listopada, o godz. 7.30, z noclegiem w Cz\u0119stochowie. Zg\u0142oszenia w zakrystii i Biurze Parafialnym.<br \/>\n11. Forum Ewangelizacyjne Archidiecezji Pozna\u0144skiej odb\u0119dzie si\u0119 dnia 8 grudnia 2018 r. Obrady (godz. 8.30-12.00 oraz godz. 12.30-20.15): Pawilon 7 Mi\u0119dzynarodowych Targ\u00f3w Pozna\u0144skich (wej\u015bcie od ul. \u015aniadeckich). Do udzia\u0142u zapraszamy osoby \u015bwieckie, zaanga\u017cowane w prac\u0119 parafialn\u0105, we wsp\u00f3lnotach ewangelizacyjnych, ruchach, stowarzyszeniach. Celem Forum jest prezentacja metod ewangelizacyjnych, kt\u00f3re pomog\u0105 uczyni\u0107 parafi\u0119 wsp\u00f3lnot\u0105 ewangelizowan\u0105 i ewangelizuj\u0105c\u0105. Plakat na tablicy og\u0142osze\u0144.<br \/>\n12. B\u00f3g zap\u0142a\u0107 z ofiary na doposa\u017canie ko\u015bcio\u0142a i ofiary SMS-owe na chrze\u015bcijan prze\u015bladowanych. Po ch\u00f3rem ulotki z numerem telefonu na kt\u00f3ry wci\u0105\u017c mo\u017cna wys\u0142a\u0107 SMS wspieraj\u0105cy materialnie Ko\u015bcio\u0142y prze\u015bladowane.<br \/>\n13. Zach\u0119camy do czytania prasy katolickiej. Przy zakrystii: Przewodnik Katolicki, Ma\u0142y Przewodnik Katolicki, Go\u015b\u0107 Niedzielny, Egzorcysta, Ziarno, gazetka parafialna.<br \/>\n14. M\u00f3dlmy si\u0119 za zmar\u0142ych parafian. Za dusz\u0119 \u015bp. Bronis\u0142awa Ga\u0142\u0119ckiego, os. Lecha 123 (msza \u015bw. pogrzebowa w poniedzia\u0142ek o godz. 9.00) i dusz\u0119 \u015bp. Micha\u0142a Nawrota, os. Lecha 49 ( msza \u015bw. pogrzebowa w poniedzia\u0142ek o godz. 12.00), dusz\u0119 \u015bp.&nbsp;os. Lecha 49 ( msza \u015bw. pogrzebowa w poniedzia\u0142ek o godz. 12.00), dusz\u0119 \u015bp. Stanis\u0142awy Stebner, os. Lecha 12 (pogrzeb w \u015brod\u0119 o godz. 12.00 na Bluszczowej, prze\u017cy\u0142a 103 lata). Wieczny odpoczynek racz zmar\u0142ym da\u0107 Panie.<\/p>\n","protected":false},"excerpt":{"rendered":"<p>OG\u0141OSZENIA DUSZPASTERSKIE NIEDZIELA XXXI ZWYK\u0141A 4 listopada 2018 r. 1. Kalendarz liturgiczny: pi\u0105tek \u2013 Rocznica Po\u015bwi\u0119cenia Bazyliki Latera\u0144skiej, sobota \u2013 \u015bw. Leona Wielkiego. 2. R\u00f3\u017caniec z wymieniankami od poniedzia\u0142ku o godz. 17.30. We wtorek modlitwa za zmar\u0142ych cz\u0142onk\u00f3w Stowarzyszenia Matki Bo\u017cej Patronki Dobrej \u015amierci: w ich intencji r\u00f3\u017caniec z wymieniankami o 7.30 i msza \u015bw. &#8230; <span class=\"more\"><a class=\"more-link\" href=\"https:\/\/www.chnk.pl\/?p=2141\">czytaj wi\u0119cej<\/a><\/span><\/p>\n","protected":false},"author":3,"featured_media":0,"comment_status":"open","ping_status":"open","sticky":false,"template":"","format":"standard","meta":{"ngg_post_thumbnail":0,"footnotes":""},"categories":[4,3],"tags":[],"_links":{"self":[{"href":"https:\/\/www.chnk.pl\/index.php?rest_route=\/wp\/v2\/posts\/2141"}],"collection":[{"href":"https:\/\/www.chnk.pl\/index.php?rest_route=\/wp\/v2\/posts"}],"about":[{"href":"https:\/\/www.chnk.pl\/index.php?rest_route=\/wp\/v2\/types\/post"}],"author":[{"embeddable":true,"href":"https:\/\/www.chnk.pl\/index.php?rest_route=\/wp\/v2\/users\/3"}],"replies":[{"embeddable":true,"href":"https:\/\/www.chnk.pl\/index.php?rest_route=%2Fwp%2Fv2%2Fcomments&post=2141"}],"version-history":[{"count":1,"href":"https:\/\/www.chnk.pl\/index.php?rest_route=\/wp\/v2\/posts\/2141\/revisions"}],"predecessor-version":[{"id":2142,"href":"https:\/\/www.chnk.pl\/index.php?rest_route=\/wp\/v2\/posts\/2141\/revisions\/2142"}],"wp:attachment":[{"href":"https:\/\/www.chnk.pl\/index.php?rest_route=%2Fwp%2Fv2%2Fmedia&parent=2141"}],"wp:term":[{"taxonomy":"category","embeddable":true,"href":"https:\/\/www.chnk.pl\/index.php?rest_route=%2Fwp%2Fv2%2Fcategories&post=2141"},{"taxonomy":"post_tag","embeddable":true,"href":"https:\/\/www.chnk.pl\/index.php?rest_route=%2Fwp%2Fv2%2Ftags&post=2141"}],"curies":[{"name":"wp","href":"https:\/\/api.w.org\/{rel}","templated":true}]}}