{"id":2133,"date":"2018-10-27T12:26:01","date_gmt":"2018-10-27T12:26:01","guid":{"rendered":"http:\/\/www.chnk.pl\/?p=2133"},"modified":"2018-10-27T12:33:51","modified_gmt":"2018-10-27T12:33:51","slug":"30-niedziela-zwykla","status":"publish","type":"post","link":"https:\/\/www.chnk.pl\/?p=2133","title":{"rendered":"30 Niedziela Zwyk\u0142a"},"content":{"rendered":"<p>OG\u0141OSZENIA DUSZPASTERSKIE<br \/>\nNIEDZIELA XXX ZWYK\u0141A<br \/>\n28 pa\u017adziernika 2018 r.<br \/>\n1. W czwartek Uroczysto\u015b\u0107 Wszystkich \u015awi\u0119tych. Nawiedzenie cmentarza nie zwalnia ze mszy \u015bw. Msza \u015bw. w naszym ko\u015bciele wed\u0142ug zmienionego porz\u0105dku. W \u015brod\u0119 msza \u015bw. o godz. 18.00 i procesja wok\u00f3\u0142 ko\u015bcio\u0142a z relikwiami \u015bwi\u0119tych i b\u0142ogos\u0142awionych. Na t\u0119 wieczorn\u0105 procesj\u0119 przynosimy znicze lub lampiony. W Uroczysto\u015b\u0107 Wszystkich \u015awi\u0119tych msza \u015bw. o godz. 7.00, 8.15, 9.30, 11.15 i 18.00. Nie b\u0119dzie Mszy \u015bw. o godz. 12.30. Zapraszamy dzieci na Bal Wszystkich \u015awi\u0119tych w przeddzie\u0144, 31 pa\u017adziernika, o godz. 16.15. Niech dzieci przyjd\u0105 w stroju przypominaj\u0105cym ulubionego \u015bwi\u0119tego lub \u015bwi\u0119t\u0105. Rozpoczniemy modlitw\u0105 w ko\u015bciele. Mo\u017cna przynie\u015b\u0107 obrazy \u015bwi\u0119tych. Balik do godz. 18.00. W Uroczysto\u015b\u0107 Wszystkich \u015awi\u0119tych na cmentarzach pozna\u0144skich nabo\u017ce\u0144stwa \u017ca\u0142obne o godz. 15.00. W dniach od 1 do 8 listopada mo\u017cna zyska\u0107 odpust zupe\u0142ny za zmar\u0142ych. Odpust zyskuje ten, kto nawiedzi cmentarz i tam odm\u00f3wi Ojcze nasz, Wierz\u0119 w Boga oraz jak\u0105kolwiek modlitw\u0119 w intencjach Ojca \u015awi\u0119tego, oraz przyst\u0105pi do Komunii \u015bw. w dniu nawiedzenia cmentarza. W zwi\u0105zku z tym okazja do spowiedzi \u015bw. w \u015brod\u0119 od godz. 16.30 do 18.00. Msza \u015bw. w Dzie\u0144 Zaduszny, (w pi\u0105tek) o godz. 7.00, 8.00, 16.30, 18.00. R\u00f3\u017caniec za Parafian zmar\u0142ych od ubieg\u0142orocznej uroczysto\u015bci Wszystkich \u015awi\u0119tych, w Dzie\u0144 Zaduszny o godz. 17.30. R\u00f3\u017caniec z wymieniankami: od poniedzia\u0142ku, 5 listopada, o godz. 17.30. Wymienianki mo\u017cna sk\u0142ada\u0107 do skarbony wystawionej przy zakrystii.<br \/>\n2. W I pi\u0105tek miesi\u0105ca spowied\u017a dla klas 4, 5, 6, 7 i 8 oraz dla m\u0142odzie\u017cy od godz. 15.00 do 16.30. Msza \u015bw. dla dzieci o godz. 16.30, dla m\u0142odzie\u017cy o godz. 18.00. Nabo\u017ce\u0144stwo pierwszosobotnie do Niepokalanego Serca Matki Bo\u017cej o godz. 7.15. Nawiedzenie chorych z sakramentami \u015bw. w pi\u0105tek i w sobot\u0119.<br \/>\n3. Spotkanie dla wsp\u00f3lnoty ma\u0142\u017ce\u0144stw w sobot\u0119: o godz. 17.20 r\u00f3\u017caniec, o godz. 19.00 spotkanie w salce.<br \/>\n4. Dnia 24 listopada br. odb\u0119dzie si\u0119 Archidiecezjalna Pielgrzymka na Jasn\u0105 G\u00f3r\u0119. B\u0119dzie to uroczysty akt zaproszenia Matki Naj\u015bwi\u0119tszej do naszej archidiecezji i jej parafii. Zach\u0119camy parafian do udzia\u0142u w pielgrzymce. Wyjazd w pi\u0105tek, 23 listopada, z parafii \u015bw. Marka, po mszy \u015bw. o godz. 7.30, z noclegiem w Cz\u0119stochowie. Zg\u0142oszenia w naszej parafii w zakrystii i Biurze Parafialnym.<br \/>\n5. Spotkanie dzieci pierwszokomunijnych przed po\u015bwi\u0119ceniem ksi\u0105\u017ceczek do nabo\u017ce\u0144stwa w czwartek, 8 listopada, o godz. 16.45. Po\u015bwi\u0119cenie w niedziel\u0119 11 listopada o godz. 11.15.<br \/>\n6. W niedziel\u0119, 11 listopada, po mszy \u015bw., w salce, b\u0119dziemy rozprowadza\u0107 rogale \u015bwi\u0119tomarci\u0144skie Caritas. Ofiary przeznaczone na wigili\u0119 dla potrzebuj\u0105cych.<br \/>\n7. W niedziel\u0119, 4 listopada, Dzie\u0144 Modlitw o Kanonizacj\u0119 B\u0142ogos\u0142awionych i Beatyfikacj\u0119 S\u0142ug Bo\u017cych z Archidiecezji Pozna\u0144skiej. O godzinie 10.00, w Katedrze msza \u015bw. pod przewodnictwem Ksi\u0119dza Arcybiskupa Stanis\u0142awa G\u0105deckiego. Pe\u0142ny komunikat na parafialnej stronie internetowej<br \/>\n8. B\u00f3g zap\u0142a\u0107 z ofiary na doposa\u017canie naszego ko\u015bcio\u0142a i misje.<br \/>\n9. Apostolat Jezusa i Maryi zapraszaj na premier\u0119 p\u0142yty pt.: \u201eTOTUS TUUS\u201d. Koncert w niedziel\u0119 28.10 br. o godz. 19.00 w ko\u015bciele pw. \u015awi\u0119tego Micha\u0142a Archanio\u0142a w Poznaniu przy ul. Stolarskiej. Po koncercie b\u0119dzie mo\u017cna naby\u0107 nowe p\u0142yty.<br \/>\n10. M\u00f3dlmy si\u0119 za zmar\u0142ych parafian. Za dusz\u0119 \u015bp. Emilii So\u0142tysiak, os. Lecha 55. Msza \u015bw. pogrzebowa w pi\u0105tek o godz. 8.00. Wieczny odpoczynek racz zmar\u0142ym da\u0107 Panie.<\/p>\n","protected":false},"excerpt":{"rendered":"<p>OG\u0141OSZENIA DUSZPASTERSKIE NIEDZIELA XXX ZWYK\u0141A 28 pa\u017adziernika 2018 r. 1. W czwartek Uroczysto\u015b\u0107 Wszystkich \u015awi\u0119tych. Nawiedzenie cmentarza nie zwalnia ze mszy \u015bw. Msza \u015bw. w naszym ko\u015bciele wed\u0142ug zmienionego porz\u0105dku. W \u015brod\u0119 msza \u015bw. o godz. 18.00 i procesja wok\u00f3\u0142 ko\u015bcio\u0142a z relikwiami \u015bwi\u0119tych i b\u0142ogos\u0142awionych. Na t\u0119 wieczorn\u0105 procesj\u0119 przynosimy znicze lub lampiony. W &#8230; <span class=\"more\"><a class=\"more-link\" href=\"https:\/\/www.chnk.pl\/?p=2133\">czytaj wi\u0119cej<\/a><\/span><\/p>\n","protected":false},"author":3,"featured_media":0,"comment_status":"open","ping_status":"open","sticky":false,"template":"","format":"standard","meta":{"ngg_post_thumbnail":0,"footnotes":""},"categories":[4,3,1],"tags":[],"_links":{"self":[{"href":"https:\/\/www.chnk.pl\/index.php?rest_route=\/wp\/v2\/posts\/2133"}],"collection":[{"href":"https:\/\/www.chnk.pl\/index.php?rest_route=\/wp\/v2\/posts"}],"about":[{"href":"https:\/\/www.chnk.pl\/index.php?rest_route=\/wp\/v2\/types\/post"}],"author":[{"embeddable":true,"href":"https:\/\/www.chnk.pl\/index.php?rest_route=\/wp\/v2\/users\/3"}],"replies":[{"embeddable":true,"href":"https:\/\/www.chnk.pl\/index.php?rest_route=%2Fwp%2Fv2%2Fcomments&post=2133"}],"version-history":[{"count":3,"href":"https:\/\/www.chnk.pl\/index.php?rest_route=\/wp\/v2\/posts\/2133\/revisions"}],"predecessor-version":[{"id":2140,"href":"https:\/\/www.chnk.pl\/index.php?rest_route=\/wp\/v2\/posts\/2133\/revisions\/2140"}],"wp:attachment":[{"href":"https:\/\/www.chnk.pl\/index.php?rest_route=%2Fwp%2Fv2%2Fmedia&parent=2133"}],"wp:term":[{"taxonomy":"category","embeddable":true,"href":"https:\/\/www.chnk.pl\/index.php?rest_route=%2Fwp%2Fv2%2Fcategories&post=2133"},{"taxonomy":"post_tag","embeddable":true,"href":"https:\/\/www.chnk.pl\/index.php?rest_route=%2Fwp%2Fv2%2Ftags&post=2133"}],"curies":[{"name":"wp","href":"https:\/\/api.w.org\/{rel}","templated":true}]}}