{"id":2131,"date":"2018-10-27T12:23:05","date_gmt":"2018-10-27T12:23:05","guid":{"rendered":"http:\/\/www.chnk.pl\/?p=2131"},"modified":"2018-10-27T12:23:05","modified_gmt":"2018-10-27T12:23:05","slug":"dzien-modlitw-o-kanonizacje-bl-i-beatyfikacje-sl-b","status":"publish","type":"post","link":"https:\/\/www.chnk.pl\/?p=2131","title":{"rendered":"Dzie\u0144 modlitw o kanonizacj\u0119 b\u0142. i beatyfikacj\u0119 s\u0142. B."},"content":{"rendered":"<p>Podobnie jak w latach ubieg\u0142ych, w niedziel\u0119 4 listopada 2018 roku, obchodzony b\u0119dzie Dzie\u0144 Modlitw o Kanonizacj\u0119 B\u0142ogos\u0142awionych i Beatyfikacj\u0119 S\u0142ug Bo\u017cych z Archidiecezji Pozna\u0144skiej. Do grona tych os\u00f3b zalicza si\u0119 m.in.: b\u0142. Edmunda Bojanowskiego, b\u0142. Siostr\u0119 Sancj\u0119 Janin\u0119 Szymkowiak, b\u0142. Natali\u0119 Tu\u0142asiewicz, B\u0142ogos\u0142awion\u0105 \u201ePozna\u0144sk\u0105 Pi\u0105tk\u0119\u201d czyli b\u0142ogos\u0142awionych: Czes\u0142awa J\u00f3\u017awiaka, Edwarda Ka\u017amierskiego, Franciszka K\u0119sego, Edwarda Klinika i Jarogniewa Wojciechowskiego, b\u0142. ks. Mariana Konopi\u0144skiego, b\u0142. ks. Narcyza Putza, b\u0142. ks. W\u0142odzimierza Laskowskiego, b\u0142. ks. J\u00f3zefa Kuta oraz o. Bernarda z W\u0105brze\u017ana, ks. Wawrzy\u0144ca Ku\u015bniaka, ks. Kazimierza Rolewskiego, ks. Aleksandra \u017bychli\u0144skiego, ks. Stanis\u0142awa Streicha, ks. Ignacego Posadzego, ks. Aleksandra Wo\u017anego, o. Euzebiusza Huchrackiego, dr. Kazimierza Ho\u0142og\u0119 i Jadwig\u0119 Zamoysk\u0105, Siostr\u0119 Akwil\u0119 i Siostr\u0119 Kajus\u0119 \u2013 m\u0119czennice urszula\u0144skie, o. Leandra Kubika oraz Siostr\u0119 W\u0142odzimir\u0119 Wojtczak \u2013 el\u017cbietank\u0119.<br \/>\nW oczekiwaniu na chwa\u0142\u0119 o\u0142tarzy tych Os\u00f3b, kt\u00f3re \u017cy\u0142y i realizowa\u0142y \u015bwi\u0119to\u015b\u0107 na wielkopolskiej ziemi, w niedziel\u0119, 4 listopada br. o godzinie 10.00, w Bazylice Archikatedralnej w Poznaniu zostanie odprawiona Msza \u015bw. koncelebrowana pod przewodnictwem Ksi\u0119dza Arcybiskupa Stanis\u0142awa G\u0105deckiego Metropolity Pozna\u0144skiego.<br \/>\nDo udzia\u0142u w tej uroczysto\u015bci zapraszamy wszystkich, a zw\u0142aszcza tych, kt\u00f3rzy s\u0105 zwi\u0105zani ze \u015brodowiskami, w jakich \u017cyli nasi kandydaci na o\u0142tarze.<\/p>\n","protected":false},"excerpt":{"rendered":"<p>Podobnie jak w latach ubieg\u0142ych, w niedziel\u0119 4 listopada 2018 roku, obchodzony b\u0119dzie Dzie\u0144 Modlitw o Kanonizacj\u0119 B\u0142ogos\u0142awionych i Beatyfikacj\u0119 S\u0142ug Bo\u017cych z Archidiecezji Pozna\u0144skiej. Do grona tych os\u00f3b zalicza si\u0119 m.in.: b\u0142. Edmunda Bojanowskiego, b\u0142. Siostr\u0119 Sancj\u0119 Janin\u0119 Szymkowiak, b\u0142. Natali\u0119 Tu\u0142asiewicz, B\u0142ogos\u0142awion\u0105 \u201ePozna\u0144sk\u0105 Pi\u0105tk\u0119\u201d czyli b\u0142ogos\u0142awionych: Czes\u0142awa J\u00f3\u017awiaka, Edwarda Ka\u017amierskiego, Franciszka K\u0119sego, Edwarda &#8230; <span class=\"more\"><a class=\"more-link\" href=\"https:\/\/www.chnk.pl\/?p=2131\">czytaj wi\u0119cej<\/a><\/span><\/p>\n","protected":false},"author":3,"featured_media":0,"comment_status":"open","ping_status":"open","sticky":false,"template":"","format":"standard","meta":{"ngg_post_thumbnail":0,"footnotes":""},"categories":[4],"tags":[],"_links":{"self":[{"href":"https:\/\/www.chnk.pl\/index.php?rest_route=\/wp\/v2\/posts\/2131"}],"collection":[{"href":"https:\/\/www.chnk.pl\/index.php?rest_route=\/wp\/v2\/posts"}],"about":[{"href":"https:\/\/www.chnk.pl\/index.php?rest_route=\/wp\/v2\/types\/post"}],"author":[{"embeddable":true,"href":"https:\/\/www.chnk.pl\/index.php?rest_route=\/wp\/v2\/users\/3"}],"replies":[{"embeddable":true,"href":"https:\/\/www.chnk.pl\/index.php?rest_route=%2Fwp%2Fv2%2Fcomments&post=2131"}],"version-history":[{"count":1,"href":"https:\/\/www.chnk.pl\/index.php?rest_route=\/wp\/v2\/posts\/2131\/revisions"}],"predecessor-version":[{"id":2132,"href":"https:\/\/www.chnk.pl\/index.php?rest_route=\/wp\/v2\/posts\/2131\/revisions\/2132"}],"wp:attachment":[{"href":"https:\/\/www.chnk.pl\/index.php?rest_route=%2Fwp%2Fv2%2Fmedia&parent=2131"}],"wp:term":[{"taxonomy":"category","embeddable":true,"href":"https:\/\/www.chnk.pl\/index.php?rest_route=%2Fwp%2Fv2%2Fcategories&post=2131"},{"taxonomy":"post_tag","embeddable":true,"href":"https:\/\/www.chnk.pl\/index.php?rest_route=%2Fwp%2Fv2%2Ftags&post=2131"}],"curies":[{"name":"wp","href":"https:\/\/api.w.org\/{rel}","templated":true}]}}