{"id":2129,"date":"2018-10-27T12:03:35","date_gmt":"2018-10-27T12:03:35","guid":{"rendered":"http:\/\/www.chnk.pl\/?p=2129"},"modified":"2018-10-27T12:03:35","modified_gmt":"2018-10-27T12:03:35","slug":"pielgrzymka-kolejarzy-na-jasna-gore","status":"publish","type":"post","link":"https:\/\/www.chnk.pl\/?p=2129","title":{"rendered":"Pielgrzymka kolejarzy na Jasn\u0105 G\u00f3r\u0119"},"content":{"rendered":"<p>&nbsp;<\/p>\n<p>Pragniemy poinformowa\u0107, za po\u015brednictwem Wydzia\u0142u Duszpasterskiego, kolejarzy i ich rodziny, mieszkaj\u0105cych w granicach Waszej Diecezji o XXXV Og\u00f3lnopolskiej Pielgrzymce na Jasn\u0105 G\u00f3r\u0119 w dniach 17-18 listopada 2018 r.<br \/>\nUroczysto\u015bciom przewodniczy Jego Ekscelencja ks. Arcybiskup S\u0142awoj Leszek G\u0142\u00f3d\u017a metropolita gda\u0144ski.<br \/>\nW tym roku, pojedziemy poci\u0105gami uruchomionymi na pielgrzymk\u0119 w nast\u0119puj\u0105cych relacjach:<br \/>\nLp. Relacja<br \/>\n1 Bia\u0142a Podl. &#8211; Cz\u0119stochowa \u2013 Bia\u0142a Podl.<br \/>\n2 Bia\u0142ystok- Cz\u0119stochowa- Bia\u0142ystok<br \/>\n3 Hrubiesz\u00f3w&#8211;Cz\u0119stochowa \u2013 -Hrubiesz\u00f3w ( w\u0142\u0105czony do poc.kursowego \u201cHetman\u201d)<br \/>\n4 Gdynia G\u0142. &#8211; Cz\u0119stochowa &#8211; Gdynia G\u0142. (przez Bydgoszcz G\u0142.)<br \/>\n5 Lublin \u2013 Cz\u0119stochowa- Lublin ( grupa wag. W\u0142\u0105czonych na stacji \u0141uk\u00f3w do poc. pielgrzymkowego uruchamianego z Bia\u0142ej Podl.<br \/>\n6 Przemy\u015bl &#8211; Cz\u0119stochowa &#8211; Przemy\u015bl<br \/>\n7 S\u0142upsk &#8211; Cz\u0119stochowa &#8211; S\u0142upsk<br \/>\n8 Szczecin &#8211; Cz\u0119stochowa &#8211; Szczecin<br \/>\nInformacja o czasie odjazd\u00f3w tych poci\u0105g\u00f3w na stacjach kolejowych. Cena biletu na przejazd tam i z powrotem wynosi 35.oo z\u0142.<br \/>\nProgram uroczysto\u015bci i zaproszenie na pielgrzymk\u0119 na Jasn\u0105 G\u00f3r\u0119<br \/>\nw dniach 17-18 listopada w za\u0142\u0105czeniu.&nbsp;<\/p>\n","protected":false},"excerpt":{"rendered":"<p>&nbsp; Pragniemy poinformowa\u0107, za po\u015brednictwem Wydzia\u0142u Duszpasterskiego, kolejarzy i ich rodziny, mieszkaj\u0105cych w granicach Waszej Diecezji o XXXV Og\u00f3lnopolskiej Pielgrzymce na Jasn\u0105 G\u00f3r\u0119 w dniach 17-18 listopada 2018 r. Uroczysto\u015bciom przewodniczy Jego Ekscelencja ks. Arcybiskup S\u0142awoj Leszek G\u0142\u00f3d\u017a metropolita gda\u0144ski. W tym roku, pojedziemy poci\u0105gami uruchomionymi na pielgrzymk\u0119 w nast\u0119puj\u0105cych relacjach: Lp. Relacja 1 Bia\u0142a &#8230; <span class=\"more\"><a class=\"more-link\" href=\"https:\/\/www.chnk.pl\/?p=2129\">czytaj wi\u0119cej<\/a><\/span><\/p>\n","protected":false},"author":3,"featured_media":0,"comment_status":"open","ping_status":"open","sticky":false,"template":"","format":"standard","meta":{"ngg_post_thumbnail":0,"footnotes":""},"categories":[4],"tags":[],"_links":{"self":[{"href":"https:\/\/www.chnk.pl\/index.php?rest_route=\/wp\/v2\/posts\/2129"}],"collection":[{"href":"https:\/\/www.chnk.pl\/index.php?rest_route=\/wp\/v2\/posts"}],"about":[{"href":"https:\/\/www.chnk.pl\/index.php?rest_route=\/wp\/v2\/types\/post"}],"author":[{"embeddable":true,"href":"https:\/\/www.chnk.pl\/index.php?rest_route=\/wp\/v2\/users\/3"}],"replies":[{"embeddable":true,"href":"https:\/\/www.chnk.pl\/index.php?rest_route=%2Fwp%2Fv2%2Fcomments&post=2129"}],"version-history":[{"count":1,"href":"https:\/\/www.chnk.pl\/index.php?rest_route=\/wp\/v2\/posts\/2129\/revisions"}],"predecessor-version":[{"id":2130,"href":"https:\/\/www.chnk.pl\/index.php?rest_route=\/wp\/v2\/posts\/2129\/revisions\/2130"}],"wp:attachment":[{"href":"https:\/\/www.chnk.pl\/index.php?rest_route=%2Fwp%2Fv2%2Fmedia&parent=2129"}],"wp:term":[{"taxonomy":"category","embeddable":true,"href":"https:\/\/www.chnk.pl\/index.php?rest_route=%2Fwp%2Fv2%2Fcategories&post=2129"},{"taxonomy":"post_tag","embeddable":true,"href":"https:\/\/www.chnk.pl\/index.php?rest_route=%2Fwp%2Fv2%2Ftags&post=2129"}],"curies":[{"name":"wp","href":"https:\/\/api.w.org\/{rel}","templated":true}]}}