{"id":2127,"date":"2018-10-27T12:00:43","date_gmt":"2018-10-27T12:00:43","guid":{"rendered":"http:\/\/www.chnk.pl\/?p=2127"},"modified":"2018-10-27T12:00:43","modified_gmt":"2018-10-27T12:00:43","slug":"pielgrzymka-do-francji-i-hiszpanii","status":"publish","type":"post","link":"https:\/\/www.chnk.pl\/?p=2127","title":{"rendered":"Pielgrzymka do Francji i Hiszpanii"},"content":{"rendered":"<p>Archidiecezja Pozna\u0144ska organizuje kolejn\u0105, Archidiecezjaln\u0105 pielgrzymk\u0119, w dniach od 8 \u2013 15 wrze\u015bnia 2019 roku. Tym razem b\u0119dzie to Pielgrzymka do Sanktuari\u00f3w Maryjnych w Hiszpanii i Francji.<br \/>\nZapraszamy do udzia\u0142u w pielgrzymce zar\u00f3wno Kap\u0142an\u00f3w, jak i wiernych \u015bwieckich.<\/p>\n<p>Przekazujemy kilka informacji na temat pielgrzymki:<br \/>\n1. Termin od 8 do 15 wrze\u015bnia 2019 r. (wylot i przylot \u2013 Pozna\u0144).<br \/>\n2. Cena 780 euro + 1.700 z\u0142 dla grupy licz\u0105cej 20-24 os\u00f3b; 720 euro + 1.640 z\u0142 dla grupy licz\u0105cej 25-29 os\u00f3b; 680 euro + 1.600 z\u0142 dla grupy licz\u0105cej 30-34 os\u00f3b i 630 euro + 1.540 z\u0142 dla grupy licz\u0105cej 35-39 os\u00f3b. W tej cenie s\u0105 wliczone wszystkie op\u0142aty.<br \/>\n3. Zg\u0142oszenia na pielgrzymk\u0119 mo\u017cna dokona\u0107 w Kurii Metropolitalnej u Ksi\u0119dza Kanclerza tel. 61\/851-28-00 lub 601 772-833.<br \/>\n4. Przy zg\u0142oszeniu trzeba poda\u0107 nast\u0119puj\u0105ce dane:<br \/>\n\uf02d imi\u0119 i nazwisko<br \/>\n\uf02d data i miejsce urodzenia<br \/>\n\uf02d adres zamieszkania z kodem pocztowym<br \/>\n\uf02d numer i seria dowodu to\u017csamo\u015bci oraz data wydania i wa\u017cno\u015bci<br \/>\n\uf02d telefon kontaktowy<br \/>\n\uf02d wp\u0142ata 1.000 z\u0142<br \/>\n5. Pielgrzymk\u0119 obs\u0142uguje Biuro pielgrzymkowo-Turystyczne Ad Astra z Ornontowic.<\/p>\n<p>6. Informacja o pielgrzymce dost\u0119pna jest na stronie Archidiecezji www.archpoznan.pl. w zak\u0142adce Duszpasterstwo \u2013 pielgrzymki.<\/p>\n","protected":false},"excerpt":{"rendered":"<p>Archidiecezja Pozna\u0144ska organizuje kolejn\u0105, Archidiecezjaln\u0105 pielgrzymk\u0119, w dniach od 8 \u2013 15 wrze\u015bnia 2019 roku. Tym razem b\u0119dzie to Pielgrzymka do Sanktuari\u00f3w Maryjnych w Hiszpanii i Francji. Zapraszamy do udzia\u0142u w pielgrzymce zar\u00f3wno Kap\u0142an\u00f3w, jak i wiernych \u015bwieckich. Przekazujemy kilka informacji na temat pielgrzymki: 1. Termin od 8 do 15 wrze\u015bnia 2019 r. (wylot i &#8230; <span class=\"more\"><a class=\"more-link\" href=\"https:\/\/www.chnk.pl\/?p=2127\">czytaj wi\u0119cej<\/a><\/span><\/p>\n","protected":false},"author":3,"featured_media":0,"comment_status":"open","ping_status":"open","sticky":false,"template":"","format":"standard","meta":{"ngg_post_thumbnail":0,"footnotes":""},"categories":[4],"tags":[],"_links":{"self":[{"href":"https:\/\/www.chnk.pl\/index.php?rest_route=\/wp\/v2\/posts\/2127"}],"collection":[{"href":"https:\/\/www.chnk.pl\/index.php?rest_route=\/wp\/v2\/posts"}],"about":[{"href":"https:\/\/www.chnk.pl\/index.php?rest_route=\/wp\/v2\/types\/post"}],"author":[{"embeddable":true,"href":"https:\/\/www.chnk.pl\/index.php?rest_route=\/wp\/v2\/users\/3"}],"replies":[{"embeddable":true,"href":"https:\/\/www.chnk.pl\/index.php?rest_route=%2Fwp%2Fv2%2Fcomments&post=2127"}],"version-history":[{"count":1,"href":"https:\/\/www.chnk.pl\/index.php?rest_route=\/wp\/v2\/posts\/2127\/revisions"}],"predecessor-version":[{"id":2128,"href":"https:\/\/www.chnk.pl\/index.php?rest_route=\/wp\/v2\/posts\/2127\/revisions\/2128"}],"wp:attachment":[{"href":"https:\/\/www.chnk.pl\/index.php?rest_route=%2Fwp%2Fv2%2Fmedia&parent=2127"}],"wp:term":[{"taxonomy":"category","embeddable":true,"href":"https:\/\/www.chnk.pl\/index.php?rest_route=%2Fwp%2Fv2%2Fcategories&post=2127"},{"taxonomy":"post_tag","embeddable":true,"href":"https:\/\/www.chnk.pl\/index.php?rest_route=%2Fwp%2Fv2%2Ftags&post=2127"}],"curies":[{"name":"wp","href":"https:\/\/api.w.org\/{rel}","templated":true}]}}