{"id":2124,"date":"2018-10-20T18:27:00","date_gmt":"2018-10-20T18:27:00","guid":{"rendered":"http:\/\/www.chnk.pl\/?p=2124"},"modified":"2018-10-20T18:27:00","modified_gmt":"2018-10-20T18:27:00","slug":"29-niedziela-zwykla","status":"publish","type":"post","link":"https:\/\/www.chnk.pl\/?p=2124","title":{"rendered":"29 Niedziela Zwyk\u0142a"},"content":{"rendered":"<p>OG\u0141OSZENIA DUSZPASTERSKIE<br \/>\nNIEDZIELA XXIX ZWYK\u0141A<br \/>\n21 pa\u017adziernika 2018 r.<br \/>\n1. Kalendarz liturgiczny:<br \/>\nponiedzia\u0142ek \u2013 \u015bw. Jana Paw\u0142a II,<br \/>\nwtorek &#8211; J\u00f3zefa Bilczewskiego i \u015bw. Jana Kapistrana,<br \/>\n\u015broda \u2013 \u015bw. Antoniego Marii Clareta.<br \/>\n2. Rozpoczynamy Tydzie\u0144 Misyjny pod has\u0142em \u201ePe\u0142ni Ducha i Pos\u0142ani\u201d. G\u0142\u00f3wne obchody zwi\u0105zane s\u0105 z Far\u0105 Pozna\u0144sk\u0105. Tam od poniedzia\u0142ku do czwartku o godz. 18.30 nabo\u017ce\u0144stwa misyjne i msza \u015bw., a nast\u0119pnie o godz. 20.00 w Cafe Misja prezentacje poszczeg\u00f3lnych wsp\u00f3lnot i wolontariat\u00f3w misyjnych naszej archidiecezji. W naszej Parafii msza \u015bw. i nabo\u017ce\u0144stwa r\u00f3\u017ca\u0144cowe o godz. 17.30 z rozwa\u017caniami misyjnymi. Nabo\u017ce\u0144stwo r\u00f3\u017ca\u0144cowe dla dzieci w \u015brod\u0119, czwartek i pi\u0105tek o godz. 16.30. Og\u0142aszamy konkurs dla dzieci na w\u0142asnor\u0119czne zrobienie r\u00f3\u017ca\u0144ca, wed\u0142ug w\u0142asnego pomys\u0142u i przyniesienie go do ko\u015bcio\u0142a na nabo\u017ce\u0144stwo r\u00f3\u017ca\u0144cowe dla dzieci.<br \/>\n3. Zapraszamy na Kr\u0105g Biblijny w \u015brod\u0119 o godz. 19.00 do salki parafialnej.<br \/>\n4. Msza \u015bw. o uzdrowienie duchowe i z chor\u00f3b cia\u0142a w czwartek o godz. 19.00. Prosimy przynie\u015b\u0107 kartki z zapisanymi intencjami.<br \/>\n5. Zbi\u00f3rka kandydat\u00f3w na ministrant\u00f3w w pi\u0105tek o godz. 16.00.<br \/>\n6. Dnia 24 listopada br. odb\u0119dzie si\u0119 Archidiecezjalna Pielgrzymka na Jasn\u0105 G\u00f3r\u0119. B\u0119dzie to uroczysty akt zaproszenia Matki Naj\u015bwi\u0119tszej do naszej archidiecezji i jej parafii. Zach\u0119camy parafian do udzia\u0142u w pielgrzymce. Wyjazd w pi\u0105tek, 23 listopada, z parafii \u015bw. Marka, po mszy \u015bw. o godz. 7.30, z noclegiem w Cz\u0119stochowie. Zg\u0142oszenia w naszej parafii w zakrystii i Biurze Parafialnym.<br \/>\n7. Trwa Ekumeniczne \u015awi\u0119to Biblii pod has\u0142em \u201eJa temu, kt\u00f3ry pragnie, dam pi\u0107 darmo ze \u017ar\u00f3d\u0142a wody \u017cycia (Ap 21,6). Punktem kulminacyjnym \u015awi\u0119ta b\u0119dzie Ekumeniczne Nabo\u017ce\u0144stwo w Katedrze, w \u015brod\u0119, 24 pa\u017adziernika o godz. 18.30. Modlitwom przewodniczy\u0107 b\u0119d\u0105: Ksi\u0105dz Arcybiskup Wojciech Polak, Prymas Polski i Ksi\u0105dz Biskup Marek Izdebski, Zwierzchnik Ko\u015bcio\u0142a Ewangelicko-Reformowanego.<br \/>\n8. Rekolekcje \u201eMi\u0142o\u015b\u0107 ukrzy\u017cowana ratuje \u015bwiat\u201d w Parafii \u015bw. Jana Kantego prowadzone przez Rodzin\u0119 Serca Mi\u0142o\u015bci Ukrzy\u017cowanej od 30 pa\u017adziernika przez 5 kolejnych wtork\u00f3w. Przes\u0142aniem rekolekcji jest my\u015bl, \u017ce Pan Jezus pragnie uratowa\u0107 \u015bwiat przez ludzi, kt\u00f3rzy ca\u0142kowicie oddadz\u0105 si\u0119 Jemu przez Maryj\u0119 i ufnie przyjm\u0105 Bo\u017ce prowadzenie. Szczeg\u00f3\u0142y na tablicy og\u0142osze\u0144.<br \/>\n9. B\u00f3g zap\u0142a\u0107 Paniom za cotygodniowe sprz\u0105tanie ko\u015bcio\u0142a. B\u00f3g zap\u0142a\u0107 za ofiary sk\u0142adane na doposa\u017cenia Ko\u015bcio\u0142a i na fundusz \u201eDzie\u0142o Nowego Tysi\u0105clecia. Dzisiaj przed ko\u015bcio\u0142em mo\u017cliwo\u015b\u0107 z\u0142o\u017cenia ofiary na misje.<br \/>\n10. Zach\u0119camy do czytania Przewodnika Katolickiego. A w nim artyku\u0142 \u201eSamob\u00f3jcy odchodz\u0105 po cichu\u201d i \u201eNieznane listy Paw\u0142a VI\u201d. Jest Go\u015b\u0107 Niedzielny, Ma\u0142y Przewodnik Katolicki, Ziarno, Ola i Ja\u015b, Nasza droga (dla m\u0142odzie\u017cy), gazetka parafialna.<br \/>\n11. M\u00f3dlmy si\u0119 za zmar\u0142ych Parafian. Za dusz\u0119 \u015bp. Zbigniewa Lubi\u0144skiego, os. Lecha 93 i dusz\u0119 \u015bp. Iwony Gajewskiej-Skrzypczak, os. Lecha 113, msza \u015bw. pogrzebowa we wtorek o godz. 11.00, pogrzeb w Sp\u0142awiu o godz. 12.00. Wieczny odpoczynek racz zmar\u0142ym da\u0107 Panie.<\/p>\n","protected":false},"excerpt":{"rendered":"<p>OG\u0141OSZENIA DUSZPASTERSKIE NIEDZIELA XXIX ZWYK\u0141A 21 pa\u017adziernika 2018 r. 1. Kalendarz liturgiczny: poniedzia\u0142ek \u2013 \u015bw. Jana Paw\u0142a II, wtorek &#8211; J\u00f3zefa Bilczewskiego i \u015bw. Jana Kapistrana, \u015broda \u2013 \u015bw. Antoniego Marii Clareta. 2. Rozpoczynamy Tydzie\u0144 Misyjny pod has\u0142em \u201ePe\u0142ni Ducha i Pos\u0142ani\u201d. G\u0142\u00f3wne obchody zwi\u0105zane s\u0105 z Far\u0105 Pozna\u0144sk\u0105. Tam od poniedzia\u0142ku do czwartku o &#8230; <span class=\"more\"><a class=\"more-link\" href=\"https:\/\/www.chnk.pl\/?p=2124\">czytaj wi\u0119cej<\/a><\/span><\/p>\n","protected":false},"author":3,"featured_media":0,"comment_status":"open","ping_status":"open","sticky":false,"template":"","format":"standard","meta":{"ngg_post_thumbnail":0,"footnotes":""},"categories":[4,3],"tags":[],"_links":{"self":[{"href":"https:\/\/www.chnk.pl\/index.php?rest_route=\/wp\/v2\/posts\/2124"}],"collection":[{"href":"https:\/\/www.chnk.pl\/index.php?rest_route=\/wp\/v2\/posts"}],"about":[{"href":"https:\/\/www.chnk.pl\/index.php?rest_route=\/wp\/v2\/types\/post"}],"author":[{"embeddable":true,"href":"https:\/\/www.chnk.pl\/index.php?rest_route=\/wp\/v2\/users\/3"}],"replies":[{"embeddable":true,"href":"https:\/\/www.chnk.pl\/index.php?rest_route=%2Fwp%2Fv2%2Fcomments&post=2124"}],"version-history":[{"count":1,"href":"https:\/\/www.chnk.pl\/index.php?rest_route=\/wp\/v2\/posts\/2124\/revisions"}],"predecessor-version":[{"id":2125,"href":"https:\/\/www.chnk.pl\/index.php?rest_route=\/wp\/v2\/posts\/2124\/revisions\/2125"}],"wp:attachment":[{"href":"https:\/\/www.chnk.pl\/index.php?rest_route=%2Fwp%2Fv2%2Fmedia&parent=2124"}],"wp:term":[{"taxonomy":"category","embeddable":true,"href":"https:\/\/www.chnk.pl\/index.php?rest_route=%2Fwp%2Fv2%2Fcategories&post=2124"},{"taxonomy":"post_tag","embeddable":true,"href":"https:\/\/www.chnk.pl\/index.php?rest_route=%2Fwp%2Fv2%2Ftags&post=2124"}],"curies":[{"name":"wp","href":"https:\/\/api.w.org\/{rel}","templated":true}]}}